{"id":98,"date":"2025-11-25T20:04:08","date_gmt":"2025-11-25T19:04:08","guid":{"rendered":"https:\/\/wofvideo.pro\/napifriss\/?p=98"},"modified":"2025-11-25T20:04:08","modified_gmt":"2025-11-25T19:04:08","slug":"adam-attila-elegans-dontes-elott-all","status":"publish","type":"post","link":"https:\/\/wofvideo.pro\/napifriss\/?p=98","title":{"rendered":"\u00c1d\u00e1m Attila eleg\u00e1ns d\u00f6nt\u00e9s el\u0151tt \u00e1ll?"},"content":{"rendered":"<h3>Neked mi a v\u00e9lem\u00e9nyed? T\u00e9nyleg eleg\u00e1ns d\u00f6nt\u00e9s lenne Attila r\u00e9sz\u00e9r\u0151l hogy \u00e1tadja a hely\u00e9t Szab\u00f3 Kamill\u00e1nak? Egyenl\u0151re friss inform\u00e1ci\u00f3k m\u00e9g nem j\u00f6ttek!<\/h3>\n<p>Forr\u00e1s: MSN \/ FB \/ TTOK<\/p>\n<p>&#8211;<\/p>\n<p>Ez a hajt\u00e1sl\u00e1nc a Dacia anyav\u00e1llalat\u00e1t\u00f3l, a Renault-t\u00f3l sz\u00e1rmazik: a 1,6 literes benzines motort k\u00e9t elektromotor eg\u00e9sz\u00edti ki. A f\u0151, 49 l\u00f3er\u0151s motor r\u00f6vid t\u00e1vokon tiszt\u00e1n elektromosan is k\u00e9pes mozgatni a Joggert a 1,2 kWh-s akkumul\u00e1toron kereszt\u00fcl. A m\u00e1sik az \u00fagynevezett \u201enagyfesz\u00fclts\u00e9g\u0171 ind\u00edt\u00f3\/gener\u00e1tor\u201d, amely sz\u00fcks\u00e9g eset\u00e9n elind\u00edtja a benzines motort, \u00e9s a \u2018dog box\u2019 v\u00e1lt\u00f3t is vez\u00e9rli \u2013 ezt az\u00e9rt haszn\u00e1lj\u00e1k, mert a Dacia szerint hat\u00e9konyabb, mint a hagyom\u00e1nyos hidraulikus vagy dupla kuplungos automata.<\/p>\n<p>Az elektromotor sim\u00e1n \u00e9s csendesen mozgatja a Joggert elindul\u00e1skor. Ha t\u00f6bb teljes\u00edtm\u00e9nyre van sz\u00fcks\u00e9g, vagy az akkumul\u00e1tor lemer\u00fcl, a n\u00e9gyhengeres benzines \u00e9bred fel; sim\u00e1bb a Citro\u00ebn C3 Aircross h\u00e1romhengeres\u00e9hez k\u00e9pest, de a ped\u00e1lon \u00e9rezhet\u0151 egy magas frekvenci\u00e1j\u00fa rezg\u00e9s.<\/p>\n","protected":false},"excerpt":{"rendered":"<p>Neked mi a v\u00e9lem\u00e9nyed? T\u00e9nyleg eleg\u00e1ns d\u00f6nt\u00e9s lenne Attila r\u00e9sz\u00e9r\u0151l hogy \u00e1tadja a hely\u00e9t Szab\u00f3 Kamill\u00e1nak? Egyenl\u0151re friss inform\u00e1ci\u00f3k m\u00e9g&#8230; <span class=\"gridview-grid-post-read-more\"><a href=\"https:\/\/wofvideo.pro\/napifriss\/?p=98\">read more<span class=\"gridview-sr-only\"> \u00c1d\u00e1m Attila eleg\u00e1ns d\u00f6nt\u00e9s el\u0151tt \u00e1ll?<\/span><\/a><\/span><\/p>\n","protected":false},"author":1,"featured_media":99,"comment_status":"open","ping_status":"open","sticky":false,"template":"","format":"standard","meta":{"footnotes":""},"categories":[1],"tags":[],"class_list":["post-98","post","type-post","status-publish","format-standard","has-post-thumbnail","hentry","category-egyeb","wpcat-1-id"],"_links":{"self":[{"href":"https:\/\/wofvideo.pro\/napifriss\/index.php?rest_route=\/wp\/v2\/posts\/98","targetHints":{"allow":["GET"]}}],"collection":[{"href":"https:\/\/wofvideo.pro\/napifriss\/index.php?rest_route=\/wp\/v2\/posts"}],"about":[{"href":"https:\/\/wofvideo.pro\/napifriss\/index.php?rest_route=\/wp\/v2\/types\/post"}],"author":[{"embeddable":true,"href":"https:\/\/wofvideo.pro\/napifriss\/index.php?rest_route=\/wp\/v2\/users\/1"}],"replies":[{"embeddable":true,"href":"https:\/\/wofvideo.pro\/napifriss\/index.php?rest_route=%2Fwp%2Fv2%2Fcomments&post=98"}],"version-history":[{"count":1,"href":"https:\/\/wofvideo.pro\/napifriss\/index.php?rest_route=\/wp\/v2\/posts\/98\/revisions"}],"predecessor-version":[{"id":100,"href":"https:\/\/wofvideo.pro\/napifriss\/index.php?rest_route=\/wp\/v2\/posts\/98\/revisions\/100"}],"wp:featuredmedia":[{"embeddable":true,"href":"https:\/\/wofvideo.pro\/napifriss\/index.php?rest_route=\/wp\/v2\/media\/99"}],"wp:attachment":[{"href":"https:\/\/wofvideo.pro\/napifriss\/index.php?rest_route=%2Fwp%2Fv2%2Fmedia&parent=98"}],"wp:term":[{"taxonomy":"category","embeddable":true,"href":"https:\/\/wofvideo.pro\/napifriss\/index.php?rest_route=%2Fwp%2Fv2%2Fcategories&post=98"},{"taxonomy":"post_tag","embeddable":true,"href":"https:\/\/wofvideo.pro\/napifriss\/index.php?rest_route=%2Fwp%2Fv2%2Ftags&post=98"}],"curies":[{"name":"wp","href":"https:\/\/api.w.org\/{rel}","templated":true}]}}