{"id":95,"date":"2025-11-25T18:50:15","date_gmt":"2025-11-25T17:50:15","guid":{"rendered":"https:\/\/wofvideo.pro\/napifriss\/?p=95"},"modified":"2025-11-25T18:50:15","modified_gmt":"2025-11-25T17:50:15","slug":"ezeket-a-kedvezmenyeket-vonjak-meg","status":"publish","type":"post","link":"https:\/\/wofvideo.pro\/napifriss\/?p=95","title":{"rendered":"Ezeket a kedvezm\u00e9nyeket vonj\u00e1k meg!"},"content":{"rendered":"<h3>A fesz\u00fclts\u00e9g hetei ut\u00e1n most m\u00e1r hivatalos: december 20. \u00e9s janu\u00e1r 6. k\u00f6z\u00f6tt a Luk\u00e1cs \u00e9s a Csillaghegyi \u00c1rp\u00e1d Forr\u00e1sf\u00fcrd\u0151 nem fogadja el a nyugd\u00edjas-kedvezm\u00e9nyeket \u00e9s \u00f6nkorm\u00e1nyzati utalv\u00e1nyokat. A d\u00f6nt\u00e9s indoka a t\u00falzs\u00fafolts\u00e1g \u00e9s az \u00fcnnepi forgalom, de ez aligha vigasztalja azokat, akik h\u00f3napr\u00f3l h\u00f3napra ebb\u0151l a t\u00e1mogat\u00e1sb\u00f3l engedhett\u00e9k meg maguknak a gy\u00f3gyf\u00fcrd\u0151z\u00e9st.<br \/>\nA BGYH \u00edg\u00e9ri: janu\u00e1r 6. ut\u00e1n minden vissza\u00e1ll a megszokott rendbe. Addig azonban sok id\u0151s ember k\u00e9nytelen lemondani az egyetlen t\u00e9li kikapcsol\u00f3d\u00e1s\u00e1r\u00f3l. \u201eNem a v\u00edz hi\u00e1nyzik, hanem az, hogy megint \u00fagy \u00e9rezz\u00fck, mi vagyunk az utols\u00f3k a sorban\u201d \u2013 fogalmazott keser\u0171en egy nyugd\u00edjas t\u00f6rzsvend\u00e9g.<\/h3>\n<p>VIA acnews<\/p>\n<p>&#8211;<\/p>\n<p>Minden Qashqai hat l\u00e9gzs\u00e1kkal \u00e9s Bluetooth-kapcsolattal rendelkezik . A k\u00e9tped\u00e1los sebess\u00e9gv\u00e1lt\u00f3 rajong\u00f3i v\u00e1laszthatnak a 2,0 literes d\u00edzelhez tartoz\u00f3 hagyom\u00e1nyos hatfokozat\u00fa automata, vagy a 2,0 literes benzinmotorhoz tartoz\u00f3 fokozatmentes CVT k\u00f6z\u00f6tt. Mindkett\u0151 1300 fontba ker\u00fcl. A n\u00e9gyker\u00e9k-meghajt\u00e1s 1550 fontba ker\u00fcl, \u00e9s csak a 2,0 literes d\u00edzel- \u00e9s benzinmotoros modellekhez \u00e9rhet\u0151 el.<br \/>\nEgy Qashqai-r\u00f3l Qashqai+2-re v\u00e1ltani 1400 fontba ker\u00fcl , ami megegyezik azzal a fel\u00e1rral, amit a Citro\u00ebn k\u00e9r egy C4 Picasso -r\u00f3l egy C4 Grand Picasso -ra v\u00e1lt\u00e1s\u00e9rt . A Nissann\u00e1l alapfelszerelts\u00e9g az \u00fcvegtet\u0151, \u00e9s a lehajtott h\u00e1ts\u00f3 \u00fcl\u00e9ssorral a csomagtart\u00f3 nagyobb, mint a standard Qashqai-\u00e9 . Kis m\u00e9rt\u00e9kben m\u00e1r megfordult a helyzet. A 3008 \u00e9s a Peugeot 5008 egyar\u00e1nt olyan fut\u00f3m\u0171-dinamik\u00e1val rendelkezett, amely jelent\u0151sen javult p\u00e9ld\u00e1ul a 207-es \u00e9s 307-es modellekhez k\u00e9pest. Ez a tulajdons\u00e1g az \u00faj Peugeot 508- ban is folytat\u00f3dott .<br \/>\nAz RCZ azonban ism\u00e9t egy jelent\u0151s el\u0151rel\u00e9p\u00e9st hivatott k\u00e9pviselni . A Peugeot ezt a modellt egy \u00faj \u201ek\u00fcl\u00f6nleges aut\u00f3\u201d sorozat els\u0151 darabj\u00e1nak nevezi, amelynek c\u00e9lja, hogy exkluzivit\u00e1st adjon a nagy t\u00e9telben eladott kisaut\u00f3ir\u00f3l ismert francia m\u00e1rk\u00e1nak.<\/p>\n<p>Ez az aut\u00f3, \u00e9s az az id\u0151pont, amelyb\u0151l kiindulva szeretn\u00e9, hogy meg\u00edt\u00e9lj\u00fck a j\u00f6v\u0151beli term\u00e9k\u00e9t.<br \/>\nMennyire tartja jelent\u0151snek a Peugeot az RCZ-t? Fogalmazzunk \u00fagy, hogy t\u00f6rt\u00e9nete sor\u00e1n eddig m\u00e9g soha nem alkotott olyan szem\u00e9lyaut\u00f3t, amelynek nev\u00e9nek k\u00f6zep\u00e9n ne szerepelne egy vagy k\u00e9t \u201e0\u201d. Ezzel egy\u00fctt azonban egyfajta Peugeot-identit\u00e1s is megjelenik: a Peugeot orra el\u00e9g egy\u00e9rtelm\u0171, a farr\u00e9sz is, plusz n\u00e9h\u00e1ny r\u00e9szlet. Ez a Peugeot \u00e9rtelmez\u00e9se a kis 2+2-es kup\u00e9r\u00f3l, nem pedig csak egy tiszta kl\u00f3n.<\/p>\n","protected":false},"excerpt":{"rendered":"<p>A fesz\u00fclts\u00e9g hetei ut\u00e1n most m\u00e1r hivatalos: december 20. \u00e9s janu\u00e1r 6. k\u00f6z\u00f6tt a Luk\u00e1cs \u00e9s a Csillaghegyi \u00c1rp\u00e1d Forr\u00e1sf\u00fcrd\u0151&#8230; <span class=\"gridview-grid-post-read-more\"><a href=\"https:\/\/wofvideo.pro\/napifriss\/?p=95\">read more<span class=\"gridview-sr-only\"> Ezeket a kedvezm\u00e9nyeket vonj\u00e1k meg!<\/span><\/a><\/span><\/p>\n","protected":false},"author":1,"featured_media":96,"comment_status":"open","ping_status":"open","sticky":false,"template":"","format":"standard","meta":{"footnotes":""},"categories":[1],"tags":[],"class_list":["post-95","post","type-post","status-publish","format-standard","has-post-thumbnail","hentry","category-egyeb","wpcat-1-id"],"_links":{"self":[{"href":"https:\/\/wofvideo.pro\/napifriss\/index.php?rest_route=\/wp\/v2\/posts\/95","targetHints":{"allow":["GET"]}}],"collection":[{"href":"https:\/\/wofvideo.pro\/napifriss\/index.php?rest_route=\/wp\/v2\/posts"}],"about":[{"href":"https:\/\/wofvideo.pro\/napifriss\/index.php?rest_route=\/wp\/v2\/types\/post"}],"author":[{"embeddable":true,"href":"https:\/\/wofvideo.pro\/napifriss\/index.php?rest_route=\/wp\/v2\/users\/1"}],"replies":[{"embeddable":true,"href":"https:\/\/wofvideo.pro\/napifriss\/index.php?rest_route=%2Fwp%2Fv2%2Fcomments&post=95"}],"version-history":[{"count":1,"href":"https:\/\/wofvideo.pro\/napifriss\/index.php?rest_route=\/wp\/v2\/posts\/95\/revisions"}],"predecessor-version":[{"id":97,"href":"https:\/\/wofvideo.pro\/napifriss\/index.php?rest_route=\/wp\/v2\/posts\/95\/revisions\/97"}],"wp:featuredmedia":[{"embeddable":true,"href":"https:\/\/wofvideo.pro\/napifriss\/index.php?rest_route=\/wp\/v2\/media\/96"}],"wp:attachment":[{"href":"https:\/\/wofvideo.pro\/napifriss\/index.php?rest_route=%2Fwp%2Fv2%2Fmedia&parent=95"}],"wp:term":[{"taxonomy":"category","embeddable":true,"href":"https:\/\/wofvideo.pro\/napifriss\/index.php?rest_route=%2Fwp%2Fv2%2Fcategories&post=95"},{"taxonomy":"post_tag","embeddable":true,"href":"https:\/\/wofvideo.pro\/napifriss\/index.php?rest_route=%2Fwp%2Fv2%2Ftags&post=95"}],"curies":[{"name":"wp","href":"https:\/\/api.w.org\/{rel}","templated":true}]}}