{"id":84,"date":"2025-11-25T16:01:56","date_gmt":"2025-11-25T15:01:56","guid":{"rendered":"https:\/\/wofvideo.pro\/napifriss\/?p=84"},"modified":"2025-11-25T16:01:56","modified_gmt":"2025-11-25T15:01:56","slug":"megrendeztek-oriasi-csalas-a-megasztarban","status":"publish","type":"post","link":"https:\/\/wofvideo.pro\/napifriss\/?p=84","title":{"rendered":"MEGRENDEZT\u00c9K: \u00d3ri\u00e1si csal\u00e1s a Megaszt\u00e1rban!"},"content":{"rendered":"<h3>A szemf\u00fcles n\u00e9z\u0151k ugyanis kisz\u00fart\u00e1k az ad\u00e1sban azt, amit a k\u00e9sz\u00edt\u0151k tal\u00e1n titokban szerettek volna tartani: a Megaszt\u00e1r Extra produkci\u00f3i mindig \u00f3r\u00e1kkal a m\u0171sor el\u0151tt ker\u00fclnek felv\u00e9telre. \u00cdgy volt ez T\u00f3th Gabi \u00faj, Hamvaim c\u00edm\u0171 dal\u00e1nak premierj\u00e9n is.<br \/>\n\u00c9s amikor Gabi \u00e9nekelt, egy pillanatra mutatt\u00e1k a zs\u0171riasztalt is\u2026 ahol Curtis ott \u00fclt a hely\u00e9n, \u00e9s nyugodtan n\u00e9zte a produkci\u00f3t.<br \/>\nVagyis:<br \/>\n-Curtis m\u00e1r \u00f3r\u00e1kkal a show el\u0151tt a TV2 st\u00fadi\u00f3j\u00e1ban volt, dolgozott, forgatott, r\u00e9szt vett mindenben \u00e9s esze \u00e1g\u00e1ban sem volt kihagyni az ad\u00e1st.<br \/>\nInnen pedig m\u00e1r egyszer\u0171 a matek: a zs\u0171ri megd\u00f6bben\u00e9se, s\u00f3hajtoz\u00e1sa \u00e9s \u201ehol van Curtis?\u201d-jelenetei val\u00f3sz\u00edn\u0171leg csak mesterien el\u0151adott sz\u00ednj\u00e1t\u00e9k voltak.<br \/>\nS\u0151t, m\u00e9g Herceg Erika dr\u00e1mai csal\u00f3dotts\u00e1ga is gyan\u00fas:<br \/>\n\u201eNagyon szomor\u00fa vagyok, hogy Ati nem \u00fclt be k\u00f6z\u00e9nk\u2026\u201d \u2013 mondta elcsukl\u00f3 hangon.<br \/>\nCsakhogy val\u00f3j\u00e1ban m\u00e1r \u00f3r\u00e1kkal kor\u00e1bban egy\u00fctt forgattak.<br \/>\nA n\u00e9z\u0151k pedig most jogosan k\u00e9rdezik:<br \/>\nHa ez mind el\u0151re le volt zs\u00edrozva, akkor mit is n\u00e9zt\u00fcnk val\u00f3j\u00e1ban?<br \/>\nA Megaszt\u00e1r t\u00f6rt\u00e9net\u00e9nek egyik legnagyobb megrendezett botr\u00e1nya sejlik fel a h\u00e1tt\u00e9rben\u2026<\/h3>\n<p>VIA Story<\/p>\n<p>&#8211;<\/p>\n<p>Az ix35 nagyj\u00e1b\u00f3l megegyezik egy tipikus csal\u00e1di ferdeh\u00e1t\u00fa hossz\u00fas\u00e1g\u00e1val . A Hyundai r\u00e1mutat, hogy az ix35 r\u00f6videbb, mint sok C-szegmens\u0171 ferdeh\u00e1t\u00fa , b\u00e1r val\u00f3j\u00e1ban hosszabb, mint egy Nissan Qashqai , \u00e9s k\u00f6zel 4,5 m\u00e9teres hossz\u00e1val kor\u00e1ntsem kisaut\u00f3.<\/p>\n<p>Egy olyan platformot haszn\u00e1l, amely k\u00e9t k\u00fcl\u00f6n\u00e1ll\u00f3, k\u00f6nny\u0171 seg\u00e9dv\u00e1zb\u00f3l \u00e1ll, amelyekre el\u00f6l MacPherson rug\u00f3stagos, h\u00e1tul pedig t\u00f6bbleng\u0151karos rendszer van felszerelve. A k\u00e9tf\u00e1zis\u00fa leng\u00e9scsillap\u00edt\u00f3k automatikusan \u00e1ll\u00edtj\u00e1k be a rug\u00f3z\u00e1st l\u00e1gy vagy kem\u00e9ny be\u00e1ll\u00edt\u00e1sra a sebess\u00e9gt\u0151l \u00e9s az \u00fatfel\u00fclett\u0151l f\u00fcgg\u0151en.<\/p>\n<p>A n\u00e9gyker\u00e9k-meghajt\u00e1s\u00fa rendszer megegyezik a nagyobb Santa Fe-ben haszn\u00e1ltal , teh\u00e1t egy r\u00e9szmunkaid\u0151s rendszerr\u0151l van sz\u00f3, amely norm\u00e1l k\u00f6r\u00fclm\u00e9nyek k\u00f6z\u00f6tt a teljes\u00edtm\u00e9ny 100 sz\u00e1zal\u00e9k\u00e1t az els\u0151 tengelyre k\u00fcldi. Ha el\u00f6l b\u00e1rmilyen tapad\u00e1sveszt\u00e9s t\u00f6rt\u00e9nik, a teljes\u00edtm\u00e9ny ak\u00e1r 50 sz\u00e1zal\u00e9k\u00e1t is a h\u00e1ts\u00f3 kerekekre k\u00fcldheti. Lehet\u0151s\u00e9g van a differenci\u00e1lm\u0171 50\/50 ar\u00e1ny\u00fa n\u00e9gyker\u00e9k-meghajt\u00e1si \u00fczemm\u00f3dba kapcsol\u00e1s\u00e1ra is 40 km\/h sebess\u00e9gig. Ezen a t\u00e9ren a Hyundai ix35 a legmeggy\u0151z\u0151bb \u00e9rveket hozza fel . A bels\u0151 kidolgoz\u00e1s j\u00f3, az utast\u00e9r pedig olyan prec\u00edzen \u00e9s b\u00f6lcs anyagv\u00e1laszt\u00e1ssal k\u00e9sz\u00fclt, hogy alig \u00e9szrevehet\u0151, hogy szinte mindegyik puha tapint\u00e1s\u00fa.<br \/>\nA felszerelts\u00e9g is kiv\u00e1l\u00f3. A cs\u00facskateg\u00f3ri\u00e1s Pr\u00e9mium modell\u00fcnk alapfelszerelts\u00e9ge kateg\u00f3riaels\u0151 , n\u00e9mileg elt\u00e9r\u0151en. F\u0171thet\u0151 els\u0151 \u00e9s h\u00e1ts\u00f3 \u00fcl\u00e9sek, ESP menetstabiliz\u00e1l\u00f3 rendszer, Bluetooth, panor\u00e1ma \u00fcvegtet\u0151, r\u00e9szben b\u0151r bels\u0151 t\u00e9r, h\u00e1ts\u00f3 parkol\u00f3radar, valamint automatikus ablakt\u00f6rl\u0151k \u00e9s f\u00e9nysz\u00f3r\u00f3k mind benne vannak az alapfelszerelts\u00e9gben. A Pr\u00e9mium modellhez csak akkor \u00e9rdemes opci\u00f3kat rendelni, ha navig\u00e1ci\u00f3t, met\u00e1lf\u00e9nyez\u00e9st vagy teljes b\u0151r bels\u0151 teret szeretne. M\u00e9g az alap Style modellekhez is \u00e1tfog\u00f3 felszerelts\u00e9gi lista tartozik.<br \/>\n Az ix35-b\u0151l hi\u00e1nyzik az \u00fcveges, szell\u0151s \u00e9rzet \u00e9s a k\u00f6rk\u00f6r\u00f6s kil\u00e1t\u00e1s, amit a versenyt\u00e1rsak k\u00edn\u00e1lnak.<br \/>\nTesztaut\u00f3nk a 800 fontos m\u00e9diacsomaggal \u00e9rkezett, amely sz\u00ednes \u00e9rint\u0151k\u00e9perny\u0151s navig\u00e1ci\u00f3t \u00e9s tolat\u00f3kamer\u00e1t tartalmaz. Az ix35 m\u00e9g e n\u00e9lk\u00fcl az opci\u00f3 n\u00e9lk\u00fcl is kellemes hely , de seg\u00edt abban, hogy a bels\u0151 t\u00e9r eleg\u00e1ns \u00e9s k\u00e9nyelmes legyen.<\/p>\n<p>A f\u0151 kezel\u0151fel\u00fclet letisztult \u00e9s j\u00f3l haszn\u00e1lhat\u00f3, az \u00f6sszes kapcsol\u00f3 pedig massz\u00edvnak \u00e9rz\u0151dik \u00e9s k\u00f6nnyen k\u00e9zre esik. A vezet\u00e9si poz\u00edci\u00f3 j\u00f3, \u00e9s b\u00e1r a sz\u00e9lesebb be\u00e1ll\u00edt\u00e1si tartom\u00e1ny \u00fcdv\u00f6zlend\u0151 lenne \u2013 k\u00fcl\u00f6n\u00f6sen a vezet\u0151\u00fcl\u00e9s m\u00e9lys\u00e9g\u00e9t illet\u0151en \u2013, a legt\u00f6bb ember k\u00e9nyelmesnek tal\u00e1lja.<\/p>\n","protected":false},"excerpt":{"rendered":"<p>A szemf\u00fcles n\u00e9z\u0151k ugyanis kisz\u00fart\u00e1k az ad\u00e1sban azt, amit a k\u00e9sz\u00edt\u0151k tal\u00e1n titokban szerettek volna tartani: a Megaszt\u00e1r Extra produkci\u00f3i&#8230; <span class=\"gridview-grid-post-read-more\"><a href=\"https:\/\/wofvideo.pro\/napifriss\/?p=84\">read more<span class=\"gridview-sr-only\"> MEGRENDEZT\u00c9K: \u00d3ri\u00e1si csal\u00e1s a Megaszt\u00e1rban!<\/span><\/a><\/span><\/p>\n","protected":false},"author":1,"featured_media":86,"comment_status":"open","ping_status":"open","sticky":false,"template":"","format":"standard","meta":{"footnotes":""},"categories":[1],"tags":[],"class_list":["post-84","post","type-post","status-publish","format-standard","has-post-thumbnail","hentry","category-egyeb","wpcat-1-id"],"_links":{"self":[{"href":"https:\/\/wofvideo.pro\/napifriss\/index.php?rest_route=\/wp\/v2\/posts\/84","targetHints":{"allow":["GET"]}}],"collection":[{"href":"https:\/\/wofvideo.pro\/napifriss\/index.php?rest_route=\/wp\/v2\/posts"}],"about":[{"href":"https:\/\/wofvideo.pro\/napifriss\/index.php?rest_route=\/wp\/v2\/types\/post"}],"author":[{"embeddable":true,"href":"https:\/\/wofvideo.pro\/napifriss\/index.php?rest_route=\/wp\/v2\/users\/1"}],"replies":[{"embeddable":true,"href":"https:\/\/wofvideo.pro\/napifriss\/index.php?rest_route=%2Fwp%2Fv2%2Fcomments&post=84"}],"version-history":[{"count":1,"href":"https:\/\/wofvideo.pro\/napifriss\/index.php?rest_route=\/wp\/v2\/posts\/84\/revisions"}],"predecessor-version":[{"id":87,"href":"https:\/\/wofvideo.pro\/napifriss\/index.php?rest_route=\/wp\/v2\/posts\/84\/revisions\/87"}],"wp:featuredmedia":[{"embeddable":true,"href":"https:\/\/wofvideo.pro\/napifriss\/index.php?rest_route=\/wp\/v2\/media\/86"}],"wp:attachment":[{"href":"https:\/\/wofvideo.pro\/napifriss\/index.php?rest_route=%2Fwp%2Fv2%2Fmedia&parent=84"}],"wp:term":[{"taxonomy":"category","embeddable":true,"href":"https:\/\/wofvideo.pro\/napifriss\/index.php?rest_route=%2Fwp%2Fv2%2Fcategories&post=84"},{"taxonomy":"post_tag","embeddable":true,"href":"https:\/\/wofvideo.pro\/napifriss\/index.php?rest_route=%2Fwp%2Fv2%2Ftags&post=84"}],"curies":[{"name":"wp","href":"https:\/\/api.w.org\/{rel}","templated":true}]}}