{"id":79,"date":"2025-11-24T19:06:30","date_gmt":"2025-11-24T18:06:30","guid":{"rendered":"https:\/\/wofvideo.pro\/napifriss\/?p=79"},"modified":"2025-11-24T19:06:30","modified_gmt":"2025-11-24T18:06:30","slug":"jon-az-egyszeri-karacsonyi-tamogatas-a-nyugdijasoknak","status":"publish","type":"post","link":"https:\/\/wofvideo.pro\/napifriss\/?p=79","title":{"rendered":"J\u00f6n az egyszeri kar\u00e1csonyi t\u00e1mogat\u00e1s a nyugd\u00edjasoknak"},"content":{"rendered":"<h3>A t\u00e1mogat\u00e1s ig\u00e9nyl\u00e9se \u00f6nkorm\u00e1nyzatonk\u00e9nt elt\u00e9r\u0151 lehet:<br \/>\nA k\u00e9relmeket szem\u00e9lyesen, postai \u00faton vagy elektronikus form\u00e1ban lehet beny\u00fajtani.<br \/>\nA sz\u00fcks\u00e9ges nyomtatv\u00e1nyok az \u00f6nkorm\u00e1nyzat honlapj\u00e1r\u00f3l let\u00f6lthet\u0151k.<br \/>\nIgazol\u00e1sokat kell csatolni, p\u00e9ld\u00e1ul j\u00f6vedelemigazol\u00e1st, nyugd\u00edjfoly\u00f3s\u00edt\u00f3 igazol\u00e1st vagy gyermekv\u00e9delmi kedvezm\u00e9ny dokumentumait.<br \/>\nA beny\u00fajt\u00e1si hat\u00e1rid\u0151 \u00e1ltal\u00e1ban okt\u00f3ber v\u00e9g\u00e9ig tart, a kifizet\u00e9s pedig decemberben t\u00f6rt\u00e9nik, jellemz\u0151en sz\u00e1ml\u00e1ra utal\u00e1ssal.<br \/>\nMire figyelj a kar\u00e1csonyi t\u00e1mogat\u00e1sn\u00e1l?<br \/>\nAz egyszeri kar\u00e1csonyi t\u00e1mogat\u00e1s nem orsz\u00e1gos program, hanem helyi, \u00f6nkorm\u00e1nyzati d\u00f6nt\u00e9s alapj\u00e1n \u00e9rhet\u0151 el, ez\u00e9rt a felt\u00e9telek telep\u00fcl\u00e9senk\u00e9nt v\u00e1ltozhatnak. Nagyon fontos odafigyelni a bead\u00e1si hat\u00e1rid\u0151kre, mert ha valaki k\u00e9sve ny\u00fajtja be a k\u00e9relmet, k\u00f6nnyen eleshet a juttat\u00e1st\u00f3l.<br \/>\nA legbiztosabb, ha rendszeresen figyeled a saj\u00e1t \u00f6nkorm\u00e1nyzatod honlapj\u00e1t vagy hirdetm\u00e9nyeit \u2013 \u00edgy mindig naprak\u00e9sz inform\u00e1ci\u00f3khoz juthatsz, \u00e9s id\u0151ben be tudod adni az ig\u00e9nyl\u00e9st.<\/h3>\n<p>VIA lender<\/p>\n<p>&#8211;<\/p>\n<p>A Renault-nak k\u00e9ts\u00e9gtelen\u00fcl rengeteg lehet\u0151s\u00e9ge van arra, hogy j\u00f3l csin\u00e1lja; a Megane-t sokf\u00e9le v\u00e1ltozatban forgalmazz\u00e1k, ferdeh\u00e1t\u00fa, kup\u00e9, kup\u00e9\/kabri\u00f3, Renault Megane Sport Tourer (kombi) \u00e9s term\u00e9szetesen a legend\u00e1s Megane Renaultsport v\u00e1ltozatban, ahol a m\u00e1rka hagyom\u00e1nyosan jeleskedik.<br \/>\nA motorok sokf\u00e9leek \u00e9s v\u00e1ltozatosak, \u00e9s nem mindegyik \u00e9rhet\u0151 el minden karossz\u00e9riav\u00e1ltozathoz. A Renault Renault Megane 3- nak h\u00edvja ezt az aut\u00f3t , b\u00e1r val\u00f3j\u00e1ban tal\u00e1n helyesebb lenne Megane 2.5-k\u00e9nt tekinteni r\u00e1, mivel az el\u0151d platformj\u00e1nak tov\u00e1bbfejlesztett v\u00e1ltozat\u00e1ra \u00e9p\u00fcl. De ez nem puszt\u00e1n egy egyszer\u0171 \u00e1talak\u00edt\u00e1s, mivel egyetlen jelent\u0151s dimenzi\u00f3ban sem osztozik az el\u0151z\u0151 Megane sorozattal.<br \/>\n\u00c9s jelent\u0151sen, minden fontos dimenzi\u00f3 megn\u0151tt. Hossz\u00fas\u00e1g, sz\u00e9less\u00e9g, magass\u00e1g, nyomt\u00e1v\u2026 nevezd csak, nagyobb, mint kor\u00e1bban. A Renault-t egy\u00e9rtelm\u0171en b\u00e1ntotta a r\u00e9gi aut\u00f3 sz\u0171k\u00f6s bels\u0151 ter\u00e9re vonatkoz\u00f3 kritika, \u00e9s kib\u0151v\u00edtett\u00e9k az aut\u00f3t, hogy nemcsak az utasok, hanem a csomagjaik sz\u00e1m\u00e1ra is k\u00e9nyelmesebb legyen. Hab\u00e1r a Renault a h\u00e1romajt\u00f3s M\u00e9gane-t kup\u00e9nak nevezi n\u00e1lunk, val\u00f3j\u00e1ban egy ferdeh\u00e1t\u00fa. Az \u00f6tajt\u00f3shoz hasonl\u00f3an vizu\u00e1lisan kev\u00e9s olyan tulajdons\u00e1ga van, ami kiemeln\u00e9 a t\u00f6megb\u0151l.<\/p>\n<p>A Megane Sport Tourer egy eleg\u00e1ns k\u00fclsej\u0171 kombi, de a Renault Megane Coup\u00e9\/Cabriolet kev\u00e9sb\u00e9 meggy\u0151z\u0151, tekint\u00e9lyes m\u00e9ret\u0171 h\u00e1ts\u00f3 r\u00e9sz\u00e9vel, amelybe a lehajthat\u00f3 \u00fcvegtet\u0151nek (ami egy \u00fcgyes megold\u00e1s) bele kell hajlania.<br \/>\nA Renaultsport Mergane kup\u00e9 ink\u00e1bb egy igazi diadal, megjelen\u00e9s\u00e9t azonnal fokozz\u00e1k a sz\u00e9lesebb ker\u00e9kj\u00e1rati \u00edvek. Az els\u0151 l\u00f6kh\u00e1r\u00edt\u00f3 nagyobb l\u00e9gbe\u00f6ml\u0151t kapott, Forma-1-es ihlet\u00e9s\u0171 aerodinamikai peng\u00e9vel \u00e9s opcion\u00e1lis LED-es menetf\u00e9nyekkel. Oldalt hangs\u00falyosabb k\u00fcsz\u00f6b\u00f6k tal\u00e1lhat\u00f3k, h\u00e1tul pedig egy megny\u00fajtott spoiler \u00e9s egy k\u00f6zponti kipufog\u00f3cs\u0151 kapott helyet egy kis diff\u00fazorban.<br \/>\nMechanikailag a leg\u00fajabb forr\u00f3 M\u00e9gane az el\u0151dje \u00e1ltal lefektetett mint\u00e1t k\u00f6veti. Egy turb\u00f3felt\u00f6lt\u0151s, 2,0 literes, n\u00e9gyhengeres motor 247 l\u00f3er\u0151t termel, amelyet egy hatfokozat\u00fa manu\u00e1lis sebess\u00e9gv\u00e1lt\u00f3n kereszt\u00fcl juttat el az els\u0151 kerekekhez.<\/p>\n","protected":false},"excerpt":{"rendered":"<p>A t\u00e1mogat\u00e1s ig\u00e9nyl\u00e9se \u00f6nkorm\u00e1nyzatonk\u00e9nt elt\u00e9r\u0151 lehet: A k\u00e9relmeket szem\u00e9lyesen, postai \u00faton vagy elektronikus form\u00e1ban lehet beny\u00fajtani. A sz\u00fcks\u00e9ges nyomtatv\u00e1nyok az&#8230; <span class=\"gridview-grid-post-read-more\"><a href=\"https:\/\/wofvideo.pro\/napifriss\/?p=79\">read more<span class=\"gridview-sr-only\"> J\u00f6n az egyszeri kar\u00e1csonyi t\u00e1mogat\u00e1s a nyugd\u00edjasoknak<\/span><\/a><\/span><\/p>\n","protected":false},"author":1,"featured_media":80,"comment_status":"open","ping_status":"open","sticky":false,"template":"","format":"standard","meta":{"footnotes":""},"categories":[1],"tags":[],"class_list":["post-79","post","type-post","status-publish","format-standard","has-post-thumbnail","hentry","category-egyeb","wpcat-1-id"],"_links":{"self":[{"href":"https:\/\/wofvideo.pro\/napifriss\/index.php?rest_route=\/wp\/v2\/posts\/79","targetHints":{"allow":["GET"]}}],"collection":[{"href":"https:\/\/wofvideo.pro\/napifriss\/index.php?rest_route=\/wp\/v2\/posts"}],"about":[{"href":"https:\/\/wofvideo.pro\/napifriss\/index.php?rest_route=\/wp\/v2\/types\/post"}],"author":[{"embeddable":true,"href":"https:\/\/wofvideo.pro\/napifriss\/index.php?rest_route=\/wp\/v2\/users\/1"}],"replies":[{"embeddable":true,"href":"https:\/\/wofvideo.pro\/napifriss\/index.php?rest_route=%2Fwp%2Fv2%2Fcomments&post=79"}],"version-history":[{"count":1,"href":"https:\/\/wofvideo.pro\/napifriss\/index.php?rest_route=\/wp\/v2\/posts\/79\/revisions"}],"predecessor-version":[{"id":81,"href":"https:\/\/wofvideo.pro\/napifriss\/index.php?rest_route=\/wp\/v2\/posts\/79\/revisions\/81"}],"wp:featuredmedia":[{"embeddable":true,"href":"https:\/\/wofvideo.pro\/napifriss\/index.php?rest_route=\/wp\/v2\/media\/80"}],"wp:attachment":[{"href":"https:\/\/wofvideo.pro\/napifriss\/index.php?rest_route=%2Fwp%2Fv2%2Fmedia&parent=79"}],"wp:term":[{"taxonomy":"category","embeddable":true,"href":"https:\/\/wofvideo.pro\/napifriss\/index.php?rest_route=%2Fwp%2Fv2%2Fcategories&post=79"},{"taxonomy":"post_tag","embeddable":true,"href":"https:\/\/wofvideo.pro\/napifriss\/index.php?rest_route=%2Fwp%2Fv2%2Ftags&post=79"}],"curies":[{"name":"wp","href":"https:\/\/api.w.org\/{rel}","templated":true}]}}