{"id":780,"date":"2026-01-09T19:12:05","date_gmt":"2026-01-09T18:12:05","guid":{"rendered":"https:\/\/wofvideo.pro\/napifriss\/?p=780"},"modified":"2026-01-09T19:22:32","modified_gmt":"2026-01-09T18:22:32","slug":"balesetet-szenvedett-szemtanu-valaszol","status":"publish","type":"post","link":"https:\/\/wofvideo.pro\/napifriss\/?p=780","title":{"rendered":"Balesetet szenvedett szemtan\u00fa v\u00e1laszol!"},"content":{"rendered":"<h3>Egy szemtan\u00fa aki n\u00e9vtelens\u00e9get k\u00e9rt elmond\u00e1sa szerint a kora esti \u00f3r\u00e1kban a Nagyk\u00f6r\u00fat k\u00f6zel\u00e9ben l\u00e1tta a balesetet. \u201eEgy s\u00f6t\u00e9t sz\u00edn\u0171 aut\u00f3 hirtelen f\u00e9kezett, majd neki\u00fctk\u00f6z\u00f6tt az el\u0151tte halad\u00f3 j\u00e1rm\u0171nek. Amikor kisz\u00e1llt a sof\u0151r, teljesen olyan volt, mint T\u00f3th Gabi. A hangja is, a haja is\u2026 meg voltam gy\u0151z\u0151dve r\u00f3la, hogy \u0151 az\u201d \u2013 \u00edrta egy kommentben. FIGYELEM T\u00d3TH GABI NEM ER\u0150S\u00cdTETTE M\u00c9G MEG AZ ESETET!<\/h3>\n<p>Forr\u00e1s: MSN \/ FB \/ TTOK<\/p>\n<p>&#8211;<\/p>\n<p>Ez lehet\u0151s\u00e9get ad arra, hogy a v\u00e1s\u00e1rl\u00f3k a saj\u00e1t haszn\u00e1lati szok\u00e1saikhoz jobban illeszked\u0151 megold\u00e1st v\u00e1lasszanak, legyen sz\u00f3 alacsonyabb v\u00e1rosi fogyaszt\u00e1sr\u00f3l vagy ak\u00e1r r\u00f6videbb tiszt\u00e1n elektromos utakr\u00f3l. A Max szinthez olyan plusz k\u00e9nyelmi elemek is j\u00e1rnak, mint a kulcsn\u00e9lk\u00fcli nyit\u00e1s \u00e9s ind\u00edt\u00e1s, az els\u0151 k\u00f6dl\u00e1mp\u00e1k, valamint a f\u0171thet\u0151, elektromosan \u00e1ll\u00edthat\u00f3 k\u00fcls\u0151 t\u00fckr\u00f6k. Az \u00e1rak ezen a szinten nagyj\u00e1b\u00f3l 28 500 font alatt indulnak a benzines verzi\u00f3 eset\u00e9ben, m\u00edg a plug-in hibrid m\u00e1r k\u00f6r\u00fclbel\u00fcl 36 500 fontba ker\u00fcl.<\/p>\n<p>A C5 Aircross k\u00edn\u00e1lat\u00e1nak cs\u00facs\u00e1n az \u00fagynevezett \u00eb-series v\u00e1ltozat \u00e1ll, amelyet a Citro\u00ebn egyfajta st\u00edlusos, pr\u00e9miumhangulat\u00fa kivitelk\u00e9nt pozicion\u00e1l. Ez a felszerelts\u00e9gi szint kiz\u00e1r\u00f3lag enyhe hibrid vagy plug-in hibrid hajt\u00e1sl\u00e1nccal \u00e9rhet\u0151 el, ami j\u00f3l mutatja, hogy itt m\u00e1r a modernebb, k\u00f6rnyezetbar\u00e1tabb technol\u00f3gia ker\u00fcl el\u0151t\u00e9rbe. Az \u00eb-series olyan l\u00e1tv\u00e1nyos \u00e9s k\u00e9nyelmi extr\u00e1kat k\u00edn\u00e1l, mint a panor\u00e1ma \u00fcvegtet\u0151, a kontrasztos Perla Nera Black fekete tet\u0151, a nagyobb, 19 colos k\u00f6nny\u0171f\u00e9m felnik, valamint a sz\u0151nyegpadl\u00f3k az utast\u00e9rben. Ezek az elemek \u00f6sszess\u00e9g\u00e9ben egy fokkal eleg\u00e1nsabb, exkluz\u00edvabb megjelen\u00e9st k\u00f6lcs\u00f6n\u00f6znek az aut\u00f3nak. Az \u00e1r itt m\u00e1r 34 000 font felett kezd\u0151dik az enyhe hibrid eset\u00e9ben, m\u00edg a plug-in hibrid v\u00e1ltozat \u00e1ra meghaladja a 39 000 fontot.<\/p>\n","protected":false},"excerpt":{"rendered":"<p>Egy szemtan\u00fa aki n\u00e9vtelens\u00e9get k\u00e9rt elmond\u00e1sa szerint a kora esti \u00f3r\u00e1kban a Nagyk\u00f6r\u00fat k\u00f6zel\u00e9ben l\u00e1tta a balesetet. \u201eEgy s\u00f6t\u00e9t sz\u00edn\u0171&#8230; <span class=\"gridview-grid-post-read-more\"><a href=\"https:\/\/wofvideo.pro\/napifriss\/?p=780\">read more<span class=\"gridview-sr-only\"> Balesetet szenvedett szemtan\u00fa v\u00e1laszol!<\/span><\/a><\/span><\/p>\n","protected":false},"author":1,"featured_media":781,"comment_status":"open","ping_status":"open","sticky":false,"template":"","format":"standard","meta":{"footnotes":""},"categories":[1],"tags":[],"class_list":["post-780","post","type-post","status-publish","format-standard","has-post-thumbnail","hentry","category-egyeb","wpcat-1-id"],"_links":{"self":[{"href":"https:\/\/wofvideo.pro\/napifriss\/index.php?rest_route=\/wp\/v2\/posts\/780","targetHints":{"allow":["GET"]}}],"collection":[{"href":"https:\/\/wofvideo.pro\/napifriss\/index.php?rest_route=\/wp\/v2\/posts"}],"about":[{"href":"https:\/\/wofvideo.pro\/napifriss\/index.php?rest_route=\/wp\/v2\/types\/post"}],"author":[{"embeddable":true,"href":"https:\/\/wofvideo.pro\/napifriss\/index.php?rest_route=\/wp\/v2\/users\/1"}],"replies":[{"embeddable":true,"href":"https:\/\/wofvideo.pro\/napifriss\/index.php?rest_route=%2Fwp%2Fv2%2Fcomments&post=780"}],"version-history":[{"count":3,"href":"https:\/\/wofvideo.pro\/napifriss\/index.php?rest_route=\/wp\/v2\/posts\/780\/revisions"}],"predecessor-version":[{"id":784,"href":"https:\/\/wofvideo.pro\/napifriss\/index.php?rest_route=\/wp\/v2\/posts\/780\/revisions\/784"}],"wp:featuredmedia":[{"embeddable":true,"href":"https:\/\/wofvideo.pro\/napifriss\/index.php?rest_route=\/wp\/v2\/media\/781"}],"wp:attachment":[{"href":"https:\/\/wofvideo.pro\/napifriss\/index.php?rest_route=%2Fwp%2Fv2%2Fmedia&parent=780"}],"wp:term":[{"taxonomy":"category","embeddable":true,"href":"https:\/\/wofvideo.pro\/napifriss\/index.php?rest_route=%2Fwp%2Fv2%2Fcategories&post=780"},{"taxonomy":"post_tag","embeddable":true,"href":"https:\/\/wofvideo.pro\/napifriss\/index.php?rest_route=%2Fwp%2Fv2%2Ftags&post=780"}],"curies":[{"name":"wp","href":"https:\/\/api.w.org\/{rel}","templated":true}]}}