{"id":747,"date":"2026-01-07T18:25:51","date_gmt":"2026-01-07T17:25:51","guid":{"rendered":"https:\/\/wofvideo.pro\/napifriss\/?p=747"},"modified":"2026-01-07T18:25:51","modified_gmt":"2026-01-07T17:25:51","slug":"kiderult-ki-volt-dudas-miki-mellett","status":"publish","type":"post","link":"https:\/\/wofvideo.pro\/napifriss\/?p=747","title":{"rendered":"Kider\u00fclt, ki volt Dud\u00e1s Miki mellett"},"content":{"rendered":"<h3>A trag\u00e9dia k\u00fcl\u00f6n\u00f6sen sz\u00edvszor\u00edt\u00f3 r\u00e9szlete, hogy a story \u00e9rtes\u00fcl\u00e9sei szerint Baba v\u00e9gig Miki mellett volt a ha\/\u00e1la pillanat\u00e1ban, \u00e9s val\u00f3sz\u00edn\u0171leg t\u00f6bb napon \u00e1t \u0151rizte a gazd\u00e1ja \u00e9le\/telen te\/t\u00e9t.<\/h3>\n<p>Forr\u00e1s: MSN \/ FB<\/p>\n<p>&#8211;<\/p>\n<p>Ide tartoznak a 18 colos, gy\u00e9m\u00e1ntv\u00e1gott k\u00f6nny\u0171f\u00e9m felnik, a teljes LED f\u00e9nysz\u00f3r\u00f3k, az elektromosan \u00e1ll\u00edthat\u00f3 \u00e9s f\u0171thet\u0151 els\u0151 \u00fcl\u00e9sek, valamint a f\u0171thet\u0151 korm\u00e1nyker\u00e9k. A parkol\u00e1st el\u00f6l \u00e9s h\u00e1tul is szenzorok seg\u00edtik, az infotainment rendszert pedig egy 12,3 colos \u00e9rint\u0151k\u00e9perny\u0151 szolg\u00e1lja ki, amely navig\u00e1ci\u00f3t, valamint Android Auto \u00e9s Apple CarPlay okostelefonos csatlakoz\u00e1st is k\u00edn\u00e1l. Mindezt k\u00e9tz\u00f3n\u00e1s automata kl\u00edmaberendez\u00e9s \u00e9s tempomat eg\u00e9sz\u00edti ki, \u00edgy a mindennapi haszn\u00e1lathoz sz\u00fcks\u00e9ges k\u00e9nyelmi funkci\u00f3k gyakorlatilag hi\u00e1nytalanul rendelkez\u00e9sre \u00e1llnak.<\/p>\n<p>A cs\u00facsfelszerelts\u00e9get jelent\u0151 K40 kivitel enn\u00e9l is tov\u00e1bb megy a pr\u00e9mium ir\u00e1ny\u00e1ba. Ebben a v\u00e1ltozatban m\u00e1r nagyobb, 20 colos kerekek jelennek meg, az utast\u00e9r pedig ig\u00e9nyesebb b\u0151r k\u00e1rpitoz\u00e1st kap. A vezet\u00e9st\u00e1mogat\u00f3 rendszerek k\u00f6re is b\u0151v\u00fcl, hiszen adapt\u00edv tempomat, 360 fokos kamerarendszer \u00e9s holtt\u00e9rfigyel\u0151 is a felszerelts\u00e9g r\u00e9sze. K\u00fcl\u00f6n eml\u00edt\u00e9st \u00e9rdemel, hogy ebben a kivitelben alap\u00e1ron j\u00e1r egy energiatakar\u00e9kos h\u0151szivatty\u00fa is, amely hideg t\u00e9li id\u0151j\u00e1r\u00e1sban seg\u00edt cs\u00f6kkenteni a f\u0171t\u00e9s energiaig\u00e9ny\u00e9t. Ez k\u00f6zvetlen\u00fcl hozz\u00e1j\u00e1rul ahhoz, hogy a hat\u00f3t\u00e1v kev\u00e9sb\u00e9 cs\u00f6kkenjen alacsony h\u0151m\u00e9rs\u00e9klet mellett, ami az elektromos aut\u00f3k eset\u00e9ben k\u00fcl\u00f6n\u00f6sen fontos szempont.<\/p>\n","protected":false},"excerpt":{"rendered":"<p>A trag\u00e9dia k\u00fcl\u00f6n\u00f6sen sz\u00edvszor\u00edt\u00f3 r\u00e9szlete, hogy a story \u00e9rtes\u00fcl\u00e9sei szerint Baba v\u00e9gig Miki mellett volt a ha\/\u00e1la pillanat\u00e1ban, \u00e9s val\u00f3sz\u00edn\u0171leg&#8230; <span class=\"gridview-grid-post-read-more\"><a href=\"https:\/\/wofvideo.pro\/napifriss\/?p=747\">read more<span class=\"gridview-sr-only\"> Kider\u00fclt, ki volt Dud\u00e1s Miki mellett<\/span><\/a><\/span><\/p>\n","protected":false},"author":1,"featured_media":748,"comment_status":"open","ping_status":"open","sticky":false,"template":"","format":"standard","meta":{"footnotes":""},"categories":[1],"tags":[],"class_list":["post-747","post","type-post","status-publish","format-standard","has-post-thumbnail","hentry","category-egyeb","wpcat-1-id"],"_links":{"self":[{"href":"https:\/\/wofvideo.pro\/napifriss\/index.php?rest_route=\/wp\/v2\/posts\/747","targetHints":{"allow":["GET"]}}],"collection":[{"href":"https:\/\/wofvideo.pro\/napifriss\/index.php?rest_route=\/wp\/v2\/posts"}],"about":[{"href":"https:\/\/wofvideo.pro\/napifriss\/index.php?rest_route=\/wp\/v2\/types\/post"}],"author":[{"embeddable":true,"href":"https:\/\/wofvideo.pro\/napifriss\/index.php?rest_route=\/wp\/v2\/users\/1"}],"replies":[{"embeddable":true,"href":"https:\/\/wofvideo.pro\/napifriss\/index.php?rest_route=%2Fwp%2Fv2%2Fcomments&post=747"}],"version-history":[{"count":1,"href":"https:\/\/wofvideo.pro\/napifriss\/index.php?rest_route=\/wp\/v2\/posts\/747\/revisions"}],"predecessor-version":[{"id":750,"href":"https:\/\/wofvideo.pro\/napifriss\/index.php?rest_route=\/wp\/v2\/posts\/747\/revisions\/750"}],"wp:featuredmedia":[{"embeddable":true,"href":"https:\/\/wofvideo.pro\/napifriss\/index.php?rest_route=\/wp\/v2\/media\/748"}],"wp:attachment":[{"href":"https:\/\/wofvideo.pro\/napifriss\/index.php?rest_route=%2Fwp%2Fv2%2Fmedia&parent=747"}],"wp:term":[{"taxonomy":"category","embeddable":true,"href":"https:\/\/wofvideo.pro\/napifriss\/index.php?rest_route=%2Fwp%2Fv2%2Fcategories&post=747"},{"taxonomy":"post_tag","embeddable":true,"href":"https:\/\/wofvideo.pro\/napifriss\/index.php?rest_route=%2Fwp%2Fv2%2Ftags&post=747"}],"curies":[{"name":"wp","href":"https:\/\/api.w.org\/{rel}","templated":true}]}}