{"id":744,"date":"2026-01-07T17:41:53","date_gmt":"2026-01-07T16:41:53","guid":{"rendered":"https:\/\/wofvideo.pro\/napifriss\/?p=744"},"modified":"2026-01-07T17:41:53","modified_gmt":"2026-01-07T16:41:53","slug":"elhunyt-a-kincsvadaszok-szereploje","status":"publish","type":"post","link":"https:\/\/wofvideo.pro\/napifriss\/?p=744","title":{"rendered":"Elhunyt a Kincsvad\u00e1szok szerepl\u0151je"},"content":{"rendered":"<h3>A VIP-kiad\u00e1sban felt\u0171nik t\u00f6bbek k\u00f6z\u00f6tt Bay \u00c9va, Oszvald Marika, Erd\u00e9lyi M\u00f3nika, Sz\u00e9csi Zolt\u00e1n, \u00e9s egy olyan n\u00e9v is, amely hallat\u00e1n \u00f6sszeszorul a sz\u00edv.<br \/>\nA k\u00e9sz\u00edt\u0151k el\u00e1rult\u00e1k: az \u00faj \u00e9vad egyik r\u00e9sze k\u00fcl\u00f6n\u00f6sen \u00e9rzelmesre siker\u00fclt, mert nem csup\u00e1n \u00e9rt\u00e9kes t\u00e1rgyak ker\u00fclnek el\u0151, hanem egy \u00e9let\u00fat utols\u00f3 lenyomatai is.<br \/>\nA n\u00e9z\u0151k ekkor d\u00f6bbennek majd r\u00e1, hogy akit a k\u00e9perny\u0151n l\u00e1tnak, m\u00e1r nincs k\u00f6z\u00f6tt\u00fcnk \u2013 m\u00e9gis, most utolj\u00e1ra megsz\u00f3lal, mes\u00e9l, mosolyog\u2026<br \/>\nR\u00d3LA VAN SZ\u00d3:<\/h3>\n<h3><span style=\"color: #ff0000;\"><strong>A h\u00edr nem \u00e9rt v\u00e9get! Folytat\u00e1shoz haszn\u00e1ld a K\u00d6VETKEZ\u0150 OLDAL gombot!<\/strong><\/span><\/h3>\n<h3 style=\"text-align: right;\"><a href=\"https:\/\/wofvideo.pro\/mostjott\/elhunyt-a-kincsvadaszok-szereploje\/\" target=\"_blank\" rel=\"noopener\"><span style=\"color: #ff0000;\">&#8212;&gt;&gt; K\u00d6VETKEZ\u0150 OLDAL<\/span><\/a><\/h3>\n<p>&#8211;<\/p>\n<p>Tekintve, hogy a kis benzin\u00fczem\u0171 aut\u00f3k az ut\u00f3bbi \u00e9vekben vesz\u00e9lyeztetett fajnak t\u0171ntek, mivel a biztons\u00e1gi \u00e9s emisszi\u00f3s el\u0151\u00edr\u00e1sok n\u00f6velt\u00e9k a k\u00f6lts\u00e9geket \u00e9s cs\u00f6kkentett\u00e9k a profitmarzsokat, mik\u00f6zben a fogyaszt\u00f3i kereslet a nagyobb SUV-ok fel\u00e9 tol\u00f3dott el, ez egy \u00e9rdekes javaslat. A Toyota eur\u00f3pai m\u00e9rn\u00f6kcsapat\u00e1nak k\u00f6zel k\u00e9t \u00e9v\u00e9be telt, mire kidolgozt\u00e1k, hogyan lehetne egy hibrid rendszert egy v\u00e1rosi aut\u00f3ba beilleszteni an\u00e9lk\u00fcl, hogy n\u00f6veln\u00e9k a 2430 mm-es tengelyt\u00e1vot, vagy korl\u00e1tozn\u00e1k az utast\u00e9r vagy a 231 literes csomagtart\u00f3 hely\u00e9t. Ez magyar\u00e1zza azt is, hogy a t\u00f6bbi friss\u00edt\u00e9s mi\u00e9rt csak enyhe r\u00e1ncfelvarr\u00e1s eredm\u00e9nye: mivel ez az aut\u00f3 kiz\u00e1r\u00f3lag az eur\u00f3pai r\u00e9gi\u00f3ra ir\u00e1nyul, a Toyota minden idej\u00e9t \u00e9s energi\u00e1j\u00e1t a meg\u00fajult hajt\u00e1sl\u00e1ncba fektette. <\/p>\n<p>Az Aygo X 76 mm-rel, 3776 mm-re n\u0151tt, a plusz hossz\u00fas\u00e1g az els\u0151 sz\u00f6g el\u0151tt a motorh\u00e1ztet\u0151 megny\u00fajt\u00e1s\u00e1t szolg\u00e1lja, \u00edgy elf\u00e9r a nagyobb, 1,5 literes motor. Ezt \u00fcr\u00fcgyk\u00e9nt haszn\u00e1lt\u00e1k fel az Aygo X \u00faj orr-r\u00e9sz\u00e9nek kialak\u00edt\u00e1s\u00e1ra is, amely a tervek szerint egy kicsit agressz\u00edvabb lesz, \u00e9s \u00f6sszhangban lesz a t\u00f6bbi \u00faj Toyota diz\u00e1jnnal. A k\u00fcls\u0151 diz\u00e1jnban ezen k\u00edv\u00fcl kev\u00e9s v\u00e1ltoz\u00e1s t\u00f6rt\u00e9nt, megtartotta a k\u00e9tt\u00f3nus\u00fa sz\u00edneket, b\u00e1r van egy \u00faj, f\u0171szerek ihlette paletta. Nagyon tetszett a Cinnamon Spice tesztaut\u00f3nk. Az \u00faj GR Sport verzi\u00f3 egy exkluz\u00edv, Must\u00e1r nev\u0171 \u00e1rnyalatban kaphat\u00f3.<\/p>\n<p>Ha a motor beilleszt\u00e9se neh\u00e9zkes volt a Toyota m\u00e9rn\u00f6kei sz\u00e1m\u00e1ra, az elektromos hajt\u00e1sl\u00e1nc-elemek beszerel\u00e9se m\u00e9g enn\u00e9l is nagyobb kih\u00edv\u00e1st jelentett. A k\u00e9t akkumul\u00e1torcella-modul a Yarisban \u00e9s a rendszerrel felszerelt t\u00f6bbi aut\u00f3ban egym\u00e1sra van helyezve, de az Aygo X-ben hosszir\u00e1nyban a h\u00e1ts\u00f3 \u00fcl\u00e9sek alatt helyezt\u00e9k el \u0151ket. A h\u0171t\u0151rendszer, amely \u00e1ltal\u00e1ban az akkumul\u00e1tor mellett tal\u00e1lhat\u00f3, most a h\u00e1ts\u00f3 \u00fcl\u00e9sek eleje alatt tal\u00e1lhat\u00f3, m\u00edg a seg\u00e9dakkumul\u00e1tor a csomagtart\u00f3 padl\u00f3ja alatt kapott helyet.<\/p>\n","protected":false},"excerpt":{"rendered":"<p>A VIP-kiad\u00e1sban felt\u0171nik t\u00f6bbek k\u00f6z\u00f6tt Bay \u00c9va, Oszvald Marika, Erd\u00e9lyi M\u00f3nika, Sz\u00e9csi Zolt\u00e1n, \u00e9s egy olyan n\u00e9v is, amely hallat\u00e1n&#8230; <span class=\"gridview-grid-post-read-more\"><a href=\"https:\/\/wofvideo.pro\/napifriss\/?p=744\">read more<span class=\"gridview-sr-only\"> Elhunyt a Kincsvad\u00e1szok szerepl\u0151je<\/span><\/a><\/span><\/p>\n","protected":false},"author":1,"featured_media":745,"comment_status":"open","ping_status":"open","sticky":false,"template":"","format":"standard","meta":{"footnotes":""},"categories":[1],"tags":[],"class_list":["post-744","post","type-post","status-publish","format-standard","has-post-thumbnail","hentry","category-egyeb","wpcat-1-id"],"_links":{"self":[{"href":"https:\/\/wofvideo.pro\/napifriss\/index.php?rest_route=\/wp\/v2\/posts\/744","targetHints":{"allow":["GET"]}}],"collection":[{"href":"https:\/\/wofvideo.pro\/napifriss\/index.php?rest_route=\/wp\/v2\/posts"}],"about":[{"href":"https:\/\/wofvideo.pro\/napifriss\/index.php?rest_route=\/wp\/v2\/types\/post"}],"author":[{"embeddable":true,"href":"https:\/\/wofvideo.pro\/napifriss\/index.php?rest_route=\/wp\/v2\/users\/1"}],"replies":[{"embeddable":true,"href":"https:\/\/wofvideo.pro\/napifriss\/index.php?rest_route=%2Fwp%2Fv2%2Fcomments&post=744"}],"version-history":[{"count":1,"href":"https:\/\/wofvideo.pro\/napifriss\/index.php?rest_route=\/wp\/v2\/posts\/744\/revisions"}],"predecessor-version":[{"id":746,"href":"https:\/\/wofvideo.pro\/napifriss\/index.php?rest_route=\/wp\/v2\/posts\/744\/revisions\/746"}],"wp:featuredmedia":[{"embeddable":true,"href":"https:\/\/wofvideo.pro\/napifriss\/index.php?rest_route=\/wp\/v2\/media\/745"}],"wp:attachment":[{"href":"https:\/\/wofvideo.pro\/napifriss\/index.php?rest_route=%2Fwp%2Fv2%2Fmedia&parent=744"}],"wp:term":[{"taxonomy":"category","embeddable":true,"href":"https:\/\/wofvideo.pro\/napifriss\/index.php?rest_route=%2Fwp%2Fv2%2Fcategories&post=744"},{"taxonomy":"post_tag","embeddable":true,"href":"https:\/\/wofvideo.pro\/napifriss\/index.php?rest_route=%2Fwp%2Fv2%2Ftags&post=744"}],"curies":[{"name":"wp","href":"https:\/\/api.w.org\/{rel}","templated":true}]}}