{"id":735,"date":"2026-01-06T19:11:24","date_gmt":"2026-01-06T18:11:24","guid":{"rendered":"https:\/\/wofvideo.pro\/napifriss\/?p=735"},"modified":"2026-01-06T19:11:24","modified_gmt":"2026-01-06T18:11:24","slug":"hivatalos-ekkora-hohelyzet-varhato-meg","status":"publish","type":"post","link":"https:\/\/wofvideo.pro\/napifriss\/?p=735","title":{"rendered":"Hivatalos! Ekkora h\u00f3helyzet v\u00e1rhat\u00f3 m\u00e9g!"},"content":{"rendered":"<h3>P\u00e9nteken \u00fajabb v\u00e1ltoz\u00e1s j\u00f6n: nyugat, \u00e9szaknyugat fel\u0151l ism\u00e9t megn\u00f6vekszik a felh\u0151zet, mik\u00f6zben d\u00e9len \u00e9s keleten m\u00e9g lehetnek naposabb id\u0151szakok. Az \u00e9szaki megy\u00e9kben kisebb csapad\u00e9k fordulhat el\u0151, amely eleinte havaz\u00e1s form\u00e1j\u00e1ban \u00e9rkezik, majd vegyes halmaz\u00e1llapot\u00fav\u00e1, ak\u00e1r \u00f3nos es\u0151v\u00e9, k\u00e9s\u0151bb es\u0151v\u00e9 v\u00e1lhat. A d\u00e9lnyugati, d\u00e9li sz\u00e9l t\u00f6bb helyen meger\u0151s\u00f6dik. Az \u00e9jszaka rendk\u00edv\u00fcl hideg lesz, a h\u0151m\u00e9rs\u00e9klet -19 \u00e9s -3 fok k\u00f6z\u00e9 s\u00fcllyedhet, k\u00fcl\u00f6n\u00f6sen a vastagabb h\u00f3takar\u00f3val bor\u00edtott ter\u00fcleteken. D\u00e9lut\u00e1n -7 \u00e9s +4 fok k\u00f6z\u00f6tti \u00e9rt\u00e9kekre lehet sz\u00e1m\u00edtani.<\/h3>\n<p>Forr\u00e1s: MSN \/ FB \/ MET<\/p>\n<p>&#8211;<\/p>\n<p>Ahogyan az egy csal\u00e1dbar\u00e1t SUV-t\u00f3l elv\u00e1rhat\u00f3, a Toyota RAV4 az \u00faton kifejezetten biztons\u00e1gos \u00e9s magabiztos \u00e9rzetet ny\u00fajt, mik\u00f6zben a vezethet\u0151s\u00e9ge is kellemesebb, mint amit sokan ebben a kateg\u00f3ri\u00e1ban felt\u00e9telezn\u00e9nek. Ebben nagy szerepe van a Toyota TNGA nev\u0171 padl\u00f3lemez\u00e9nek, amely alacsonyabb s\u00falypontot, merevebb karossz\u00e9ri\u00e1t \u00e9s kiegyens\u00falyozottabb fut\u00f3m\u0171hangol\u00e1st biztos\u00edt. Ennek k\u00f6sz\u00f6nhet\u0151en a RAV4 nemcsak stabil egyenes halad\u00e1sn\u00e1l, hanem kanyarokban is meggy\u0151z\u0151, \u00e9s nem hajlamos t\u00falzott oldald\u0151l\u00e9sre, ami hozz\u00e1j\u00e1rul a vezet\u0151 \u00e9s az utasok biztons\u00e1g\u00e9rzet\u00e9hez. A komfort \u00e9s a kontroll j\u00f3 egyens\u00falyban van, \u00edgy az aut\u00f3 j\u00f3l teljes\u00edt v\u00e1rosi k\u00f6rnyezetben, orsz\u00e1g\u00faton \u00e9s aut\u00f3p\u00e1ly\u00e1n egyar\u00e1nt.<\/p>\n<p>A hajt\u00e1sl\u00e1ncok szint\u00e9n er\u0151ss\u00e9gei a modellnek. A Toyota hossz\u00fa \u00e9vek tapasztalat\u00e1t \u00e9p\u00edtette bele a hibrid technol\u00f3gi\u00e1ba, \u00e9s ez a RAV4 eset\u00e9ben is \u00e9rezhet\u0151. Az elektromos motorok hat\u00e9konyan seg\u00edtik a benzines er\u0151forr\u00e1st, k\u00fcl\u00f6n\u00f6sen elindul\u00e1skor \u00e9s gyors\u00edt\u00e1sn\u00e1l, amikor azonnali nyomat\u00e9kukkal \u00e9l\u00e9nkebb\u00e9 teszik a reakci\u00f3kat. A hagyom\u00e1nyos, \u00fagynevezett \u00f6nt\u00f6lt\u0151 hibrid kivitelben a rendszer \u00f6sszteljes\u00edtm\u00e9nye 215 l\u00f3er\u0151, amely az els\u0151 kerekeket hajtja. Ez a teljes\u00edtm\u00e9ny b\u0151s\u00e9gesen elegend\u0151 a mindennapi haszn\u00e1lathoz, ak\u00e1r megpakolt \u00e1llapotban, ak\u00e1r hosszabb utaz\u00e1sok sor\u00e1n.<\/p>\n","protected":false},"excerpt":{"rendered":"<p>P\u00e9nteken \u00fajabb v\u00e1ltoz\u00e1s j\u00f6n: nyugat, \u00e9szaknyugat fel\u0151l ism\u00e9t megn\u00f6vekszik a felh\u0151zet, mik\u00f6zben d\u00e9len \u00e9s keleten m\u00e9g lehetnek naposabb id\u0151szakok. Az&#8230; <span class=\"gridview-grid-post-read-more\"><a href=\"https:\/\/wofvideo.pro\/napifriss\/?p=735\">read more<span class=\"gridview-sr-only\"> Hivatalos! Ekkora h\u00f3helyzet v\u00e1rhat\u00f3 m\u00e9g!<\/span><\/a><\/span><\/p>\n","protected":false},"author":1,"featured_media":736,"comment_status":"open","ping_status":"open","sticky":false,"template":"","format":"standard","meta":{"footnotes":""},"categories":[1],"tags":[],"class_list":["post-735","post","type-post","status-publish","format-standard","has-post-thumbnail","hentry","category-egyeb","wpcat-1-id"],"_links":{"self":[{"href":"https:\/\/wofvideo.pro\/napifriss\/index.php?rest_route=\/wp\/v2\/posts\/735","targetHints":{"allow":["GET"]}}],"collection":[{"href":"https:\/\/wofvideo.pro\/napifriss\/index.php?rest_route=\/wp\/v2\/posts"}],"about":[{"href":"https:\/\/wofvideo.pro\/napifriss\/index.php?rest_route=\/wp\/v2\/types\/post"}],"author":[{"embeddable":true,"href":"https:\/\/wofvideo.pro\/napifriss\/index.php?rest_route=\/wp\/v2\/users\/1"}],"replies":[{"embeddable":true,"href":"https:\/\/wofvideo.pro\/napifriss\/index.php?rest_route=%2Fwp%2Fv2%2Fcomments&post=735"}],"version-history":[{"count":1,"href":"https:\/\/wofvideo.pro\/napifriss\/index.php?rest_route=\/wp\/v2\/posts\/735\/revisions"}],"predecessor-version":[{"id":737,"href":"https:\/\/wofvideo.pro\/napifriss\/index.php?rest_route=\/wp\/v2\/posts\/735\/revisions\/737"}],"wp:featuredmedia":[{"embeddable":true,"href":"https:\/\/wofvideo.pro\/napifriss\/index.php?rest_route=\/wp\/v2\/media\/736"}],"wp:attachment":[{"href":"https:\/\/wofvideo.pro\/napifriss\/index.php?rest_route=%2Fwp%2Fv2%2Fmedia&parent=735"}],"wp:term":[{"taxonomy":"category","embeddable":true,"href":"https:\/\/wofvideo.pro\/napifriss\/index.php?rest_route=%2Fwp%2Fv2%2Fcategories&post=735"},{"taxonomy":"post_tag","embeddable":true,"href":"https:\/\/wofvideo.pro\/napifriss\/index.php?rest_route=%2Fwp%2Fv2%2Ftags&post=735"}],"curies":[{"name":"wp","href":"https:\/\/api.w.org\/{rel}","templated":true}]}}