{"id":711,"date":"2026-01-05T14:13:07","date_gmt":"2026-01-05T13:13:07","guid":{"rendered":"https:\/\/wofvideo.pro\/napifriss\/?p=711"},"modified":"2026-01-05T14:13:07","modified_gmt":"2026-01-05T13:13:07","slug":"ebbe-halt-bele-dudas-miki","status":"publish","type":"post","link":"https:\/\/wofvideo.pro\/napifriss\/?p=711","title":{"rendered":"Ebbe halt bele Dud\u00e1s Miki"},"content":{"rendered":"<h3>A hal\u00e1lh\u00edr h\u00e1tter\u00e9ben egy hosszabb, f\u00e1jdalmas t\u00f6rt\u00e9net \u00e1ll, amely m\u00e9g 2024 nyar\u00e1n kezd\u0151d\u00f6tt: Miki \u00e9desapj\u00e1t brut\u00e1\/is t\u00e1mad\u00e1s \u00e9rte egy benzink\u00fatn\u00e1l, amikor egy hatf\u0151s csoport s\u00falyosan b\/nta\/mazta a f\u00e9rfit. Az incidens ut\u00e1n a 56 \u00e9ves rokkantnyugd\u00edjas azonnal k\u00f3rh\u00e1zba ker\u00fclt, \u00e9ber k\u00f3m\u00e1ba zuhant, \u00e9s h\u00f3napokon \u00e1t k\u00fczd\u00f6tt az \u00e9let\u00e9\u00e9rt \u2014 de sajnos nem tudott fel\u00e9bredni.<br \/>\nA sportol\u00f3 maga is megsz\u00f3lalt a trag\u00e9dia idej\u00e9n: testk\u00f6zelb\u0151l \u00e9lte meg az apja szenved\u00e9s\u00e9t, \u00e9s csal\u00e1dj\u00e1val pr\u00f3b\u00e1lt megk\u00fczdeni a rem\u00e9ny \u00e9s a kil\u00e1t\u00e1stalans\u00e1g k\u00f6z\u00f6tt. Instagramon megosztott sorait, melyekben a szeretett \u00e9desapj\u00e1t\u00f3l b\u00facs\u00fazott, t\u00f6bb ezren osztott\u00e1k meg \u2014 m\u00e9ly, szem\u00e9lyes f\u00e1jdalomr\u00f3l tan\u00faskodva.<br \/>\nEZ T\u00d6RT\u00c9NT DUD\u00c1S MIKIVEL:<\/h3>\n<h3><span style=\"color: #ff0000;\"><strong>A h\u00edr nem \u00e9rt v\u00e9get! Folytat\u00e1shoz haszn\u00e1ld a K\u00d6VETKEZ\u0150 OLDAL gombot!<\/strong><\/span><\/h3>\n<h3 style=\"text-align: right;\"><a href=\"https:\/\/wofvideo.pro\/mostjott\/ebbe-halt-bele-dudas-miki\/\" target=\"_blank\" rel=\"noopener\"><span style=\"color: #ff0000;\">&#8212;&gt;&gt; K\u00d6VETKEZ\u0150 OLDAL<\/span><\/a><\/h3>\n<p>&#8211;<\/p>\n<p>Mivel minden Niro ugyanarra a platformra \u00e9p\u00fcl \u00e9s k\u00fcls\u0151re is nagyr\u00e9szt azonosak, joggal v\u00e1rhatn\u00e1nk, hogy vezet\u00e9si \u00e9lm\u00e9nyben is hasonl\u00f3ak lesznek. \u00c1m ez egy\u00e1ltal\u00e1n nem \u00edgy van, ahogy azt m\u00e1r a teljes\u00edtm\u00e9nyr\u0151l sz\u00f3l\u00f3 r\u00e9szben is l\u00e1thattuk.<br \/>\nM\u00edg az \u00faj Niro EV val\u00f3ban \u00e9lvezetes vezet\u00e9si \u00e9lm\u00e9nyt ny\u00fajt \u2013 k\u00f6sz\u00f6nhet\u0151en az \u00e9rz\u00e9keny korm\u00e1nyz\u00e1snak \u00e9s a hat\u00e1rozott orr-r\u00e9sznek \u2013, addig a hibrid v\u00e1ltozat ink\u00e1bb csak biztons\u00e1gosan, de mindenf\u00e9le izgalom n\u00e9lk\u00fcl vezethet\u0151. T\u00f6bb a karossz\u00e9riad\u0151l\u00e9s, a korm\u00e1nyz\u00e1s k\u00f6nny\u0171 \u00e9s t\u00f6bbnyire visszajelz\u00e9smentes.<br \/>\nVezetni a Niro-t\u2026 rendben van. Az el\u0151z\u0151 gener\u00e1ci\u00f3 legjobb esetben is gyenge volt, \u00e9s \u00fagy t\u0171nik, az \u00faj v\u00e1ltozat \u2013 kereskedelmi siker\u00e9t eln\u00e9zve \u2013 val\u00f3sz\u00edn\u0171leg nem is ig\u00e9nyel sokkal t\u00f6bbet. Ugyanakkor az EV6-ban l\u00e1tott dinamikai fejl\u0151d\u00e9s ut\u00e1n t\u00f6bbre sz\u00e1m\u00edtottunk.<br \/>\nA k\u00e9nyelem ter\u00e9n is hasonl\u00f3 a helyzet: m\u00e9g a legkisebb kerekekkel is el\u0151fordul, hogy a hibrid fut\u00f3m\u0171ve kem\u00e9nyen \u00fct \u00e1t a k\u00e1ty\u00fakon, m\u00edg az EV ezeket finomabban kezeli.<br \/>\nM\u00e1s hibrid crossoverekhez k\u00e9pest viszont a Niro rug\u00f3z\u00e1sa teljesen rendben van, \u00e9s jelent\u0151sen javult az el\u0151z\u0151 gener\u00e1ci\u00f3hoz k\u00e9pest.<\/p>\n<p>A hangszigetel\u00e9s viszont nem tartozik a Niro er\u0151ss\u00e9gei k\u00f6z\u00e9. Az \u00fathang, a felf\u00fcggeszt\u00e9s zaja \u00e9s a sz\u00e9lzaj valamivel er\u0151sebben sz\u0171r\u0151dik be az utast\u00e9rbe, mint a konkurensekn\u00e9l \u2013 de ez is olyasmi, amihez gyorsan hozz\u00e1 lehet szokni.<\/p>\n","protected":false},"excerpt":{"rendered":"<p>A hal\u00e1lh\u00edr h\u00e1tter\u00e9ben egy hosszabb, f\u00e1jdalmas t\u00f6rt\u00e9net \u00e1ll, amely m\u00e9g 2024 nyar\u00e1n kezd\u0151d\u00f6tt: Miki \u00e9desapj\u00e1t brut\u00e1\/is t\u00e1mad\u00e1s \u00e9rte egy benzink\u00fatn\u00e1l,&#8230; <span class=\"gridview-grid-post-read-more\"><a href=\"https:\/\/wofvideo.pro\/napifriss\/?p=711\">read more<span class=\"gridview-sr-only\"> Ebbe halt bele Dud\u00e1s Miki<\/span><\/a><\/span><\/p>\n","protected":false},"author":1,"featured_media":712,"comment_status":"open","ping_status":"open","sticky":false,"template":"","format":"standard","meta":{"footnotes":""},"categories":[1],"tags":[],"class_list":["post-711","post","type-post","status-publish","format-standard","has-post-thumbnail","hentry","category-egyeb","wpcat-1-id"],"_links":{"self":[{"href":"https:\/\/wofvideo.pro\/napifriss\/index.php?rest_route=\/wp\/v2\/posts\/711","targetHints":{"allow":["GET"]}}],"collection":[{"href":"https:\/\/wofvideo.pro\/napifriss\/index.php?rest_route=\/wp\/v2\/posts"}],"about":[{"href":"https:\/\/wofvideo.pro\/napifriss\/index.php?rest_route=\/wp\/v2\/types\/post"}],"author":[{"embeddable":true,"href":"https:\/\/wofvideo.pro\/napifriss\/index.php?rest_route=\/wp\/v2\/users\/1"}],"replies":[{"embeddable":true,"href":"https:\/\/wofvideo.pro\/napifriss\/index.php?rest_route=%2Fwp%2Fv2%2Fcomments&post=711"}],"version-history":[{"count":1,"href":"https:\/\/wofvideo.pro\/napifriss\/index.php?rest_route=\/wp\/v2\/posts\/711\/revisions"}],"predecessor-version":[{"id":713,"href":"https:\/\/wofvideo.pro\/napifriss\/index.php?rest_route=\/wp\/v2\/posts\/711\/revisions\/713"}],"wp:featuredmedia":[{"embeddable":true,"href":"https:\/\/wofvideo.pro\/napifriss\/index.php?rest_route=\/wp\/v2\/media\/712"}],"wp:attachment":[{"href":"https:\/\/wofvideo.pro\/napifriss\/index.php?rest_route=%2Fwp%2Fv2%2Fmedia&parent=711"}],"wp:term":[{"taxonomy":"category","embeddable":true,"href":"https:\/\/wofvideo.pro\/napifriss\/index.php?rest_route=%2Fwp%2Fv2%2Fcategories&post=711"},{"taxonomy":"post_tag","embeddable":true,"href":"https:\/\/wofvideo.pro\/napifriss\/index.php?rest_route=%2Fwp%2Fv2%2Ftags&post=711"}],"curies":[{"name":"wp","href":"https:\/\/api.w.org\/{rel}","templated":true}]}}