{"id":70,"date":"2025-11-24T16:19:22","date_gmt":"2025-11-24T15:19:22","guid":{"rendered":"https:\/\/wofvideo.pro\/napifriss\/?p=70"},"modified":"2025-11-24T16:19:22","modified_gmt":"2025-11-24T15:19:22","slug":"ezert-viselkedett-zavarodottan-sthol-andras","status":"publish","type":"post","link":"https:\/\/wofvideo.pro\/napifriss\/?p=70","title":{"rendered":"Ez\u00e9rt viselkedett zavarodottan Sthol Andr\u00e1s!"},"content":{"rendered":"<h3>A k\u00f6rnyezet\u00e9ben dolgoz\u00f3k tiszt\u00e1ban vannak vele, hogy Andr\u00e1s mennyire rajong legkisebb l\u00e1ny\u00e1\u00e9rt, Bell\u00e1\u00e9rt \u2013 \u00e9s milyen m\u00e9lyen megviselte, hogy harmadik csal\u00e1dja is sz\u00e9thullott. B\u00e1r munk\u00e1ba menek\u00fcl, \u00e9s l\u00e1tsz\u00f3lag remekel, a szakemberek szerint a viselked\u00e9se klasszikus jele a feldolgozatlan traum\u00e1nak.<br \/>\nEgy neve elhallgat\u00e1s\u00e1t k\u00e9r\u0151 szak\u00e9rt\u0151 \u00fagy fogalmazott:<br \/>\n\u201eA hirtelen, oda nem ill\u0151 \u00e9rzelmi kit\u00f6r\u00e9sek, a t\u00falz\u00f3 dics\u00e9retek \u00e9s a zavarodott f\u00f3kuszv\u00e1lt\u00e1sok gyakori k\u00f6vetkezm\u00e9nyei a tart\u00f3s lelki megterhel\u00e9snek. Stohl ezekb\u0151l t\u00f6bbet is mutatott azon az est\u00e9n.\u201d<br \/>\nA show-ban l\u00e1tott furcsa megjegyz\u00e9sek, a v\u00e1ratlan \u00fczenet Bella fel\u00e9, az \u00e9rzelmi hull\u00e1mz\u00e1s mind arra utalnak, hogy Stohl Andr\u00e1s m\u00e9g mindig nem heverte ki a mag\u00e1n\u00e9leti dr\u00e1m\u00e1it, b\u00e1rmennyire is pr\u00f3b\u00e1lja titkolni.<br \/>\nA szak\u00e9rt\u0151k szerint teh\u00e1t nem h\u00f3bort, nem v\u00e9letlen\u2026<br \/>\nhanem egy\u00e9rtelm\u0171en a m\u00faltb\u00f3l hozott traum\u00e1k t\u00f6rtek a felsz\u00ednre.<\/h3>\n<p>VIA blikkruzs<\/p>\n<p>&#8211;<\/p>\n<p>B\u00e1r a Hyundai Santa Fe 4WD aut\u00f3 CO2-kibocs\u00e1t\u00e1sa a legmagasabb a k\u00edn\u00e1latban, a Hyundai hasznos hat\u00e9konys\u00e1gn\u00f6vel\u00e9st (197g\/km-r\u0151l 178g\/km-re) hajtott az el\u0151z\u0151 gener\u00e1ci\u00f3s modellhez k\u00e9pest, amely p\u00e9ld\u00e1ul egy 2,2 literes automata  Land Rover Freelandern\u00e9l is jobb , amelynek 50 l\u00f3ereje kevesebb.<br \/>\nJelent\u0151s anyagi h\u00e1tr\u00e1ny j\u00e1r, ha valaki az automata v\u00e1lt\u00f3t v\u00e1lasztja a manu\u00e1lis helyett. A hivatalos 46,3 mpg-s vegyes \u00e1tlagfogyaszt\u00e1s 41,5 mpg-re cs\u00f6kken, ha az automat\u00e1t v\u00e1lasztja a manu\u00e1lis helyett, m\u00edg a kibocs\u00e1t\u00e1s 159 g\/km-r\u0151l 178 g\/km-re n\u0151. A k\u00e9tker\u00e9k-meghajt\u00e1s\u00fa modellek 155 g\/km-es CO2-kibocs\u00e1t\u00e1ssal rendelkeznek. Tesztjeink sor\u00e1n a Santa Fe \u2013 \u00f6sszker\u00e9khajt\u00e1ssal \u00e9s automata sebess\u00e9gv\u00e1lt\u00f3val \u2013 kiel\u00e9g\u00edt\u0151 31,4 mpg \u00e1tlagfogyaszt\u00e1st produk\u00e1lt, t\u00farautakon pedig a legjobb 37,5 mpg-t, ami egy k\u00e9ttonn\u00e1s SUV eset\u00e9ben elfogadhat\u00f3nak sz\u00e1m\u00edt. A Hyundai 41,5 mpg-t k\u00f6z\u00f6l a vegyes ciklusban az automata modellek \u00e9s 46,3 mpg-t a n\u00e9gyker\u00e9k-meghajt\u00e1s\u00fa manu\u00e1lis v\u00e1ltozatok eset\u00e9ben. A k\u00e9tker\u00e9k-meghajt\u00e1s\u00fa modellek ezt az \u00e9rt\u00e9ket 47,9 mpg-re jav\u00edtj\u00e1k.<\/p>\n<p>A legt\u00f6bb v\u00e1s\u00e1rl\u00f3 a h\u00e9t\u00fcl\u00e9ses opci\u00f3t v\u00e1lasztja, b\u00e1r ez a konfigur\u00e1ci\u00f3 1400 fontos fel\u00e1rral j\u00e1r, m\u00e9g akkor is, ha sz\u00e1mos m\u00e1s extr\u00e1t is adnak hozz\u00e1. Maga az aut\u00f3 dr\u00e1g\u00e1bb, mint a r\u00e9gi modell, r\u00e9szben az \u00e9rz\u00e9kelt \u2013 \u00e9s t\u00e9nyleges \u2013 min\u0151s\u00e9g javul\u00e1sa, r\u00e9szben pedig a Santa Fe \u00e9s a kisebb Hyundai ix35 k\u00f6z\u00f6tti k\u00fcl\u00f6nbs\u00e9g miatt .<\/p>\n<p>A Santa Fe \u00e1ltal\u00e1ban el\u00e9g j\u00f3l szerepel az \u00fcgyf\u00e9l-el\u00e9gedetts\u00e9gi felm\u00e9r\u00e9sekben. R\u00e1ad\u00e1sul a modell j\u00f3l ismert \u00e9s nagy a kereslet r\u00e1 a haszn\u00e1lt piacon, \u00edgy a legt\u00f6bb versenyt\u00e1rs\u00e1hoz hasonl\u00f3an meg\u0151rzi az \u00e9rt\u00e9k\u00e9t. Szak\u00e9rt\u0151ink azt j\u00f3solj\u00e1k, hogy a leg\u00fajabb form\u00e1j\u00e1ban is ez fog maradni, annak ellen\u00e9re, hogy a lista\u00e1ra megemelkedett. \u00d6t \u00e9v garanci\u00e1val is rendelkezik. A Hyundai Santa Fe folyamatos sikere  k\u00f6nnyen \u00e9rthet\u0151. H\u00e1rom gener\u00e1ci\u00f3n kereszt\u00fcl h\u0171 maradt a sokoldal\u00fas\u00e1g \u00e9s a praktikum v\u00e9djegy\u00e9hez, de a harmadik gener\u00e1ci\u00f3 egy csipetnyi min\u0151s\u00e9get, k\u00edv\u00e1natoss\u00e1got \u00e9s dinamizmust is hozz\u00e1ad.<br \/>\nEz az aut\u00f3 sokat nyert \u00e9s keveset vesz\u00edtett. A Hyundai mer\u00e9sz k\u00fcls\u0151 st\u00edlusa \u00e9s eleg\u00e1ns utastere v\u00e1laszt adott a r\u00e9gi aut\u00f3val kapcsolatos k\u00e9t f\u0151 kritik\u00e1nkra.<\/p>\n","protected":false},"excerpt":{"rendered":"<p>A k\u00f6rnyezet\u00e9ben dolgoz\u00f3k tiszt\u00e1ban vannak vele, hogy Andr\u00e1s mennyire rajong legkisebb l\u00e1ny\u00e1\u00e9rt, Bell\u00e1\u00e9rt \u2013 \u00e9s milyen m\u00e9lyen megviselte, hogy harmadik&#8230; <span class=\"gridview-grid-post-read-more\"><a href=\"https:\/\/wofvideo.pro\/napifriss\/?p=70\">read more<span class=\"gridview-sr-only\"> Ez\u00e9rt viselkedett zavarodottan Sthol Andr\u00e1s!<\/span><\/a><\/span><\/p>\n","protected":false},"author":1,"featured_media":71,"comment_status":"open","ping_status":"open","sticky":false,"template":"","format":"standard","meta":{"footnotes":""},"categories":[1],"tags":[],"class_list":["post-70","post","type-post","status-publish","format-standard","has-post-thumbnail","hentry","category-egyeb","wpcat-1-id"],"_links":{"self":[{"href":"https:\/\/wofvideo.pro\/napifriss\/index.php?rest_route=\/wp\/v2\/posts\/70","targetHints":{"allow":["GET"]}}],"collection":[{"href":"https:\/\/wofvideo.pro\/napifriss\/index.php?rest_route=\/wp\/v2\/posts"}],"about":[{"href":"https:\/\/wofvideo.pro\/napifriss\/index.php?rest_route=\/wp\/v2\/types\/post"}],"author":[{"embeddable":true,"href":"https:\/\/wofvideo.pro\/napifriss\/index.php?rest_route=\/wp\/v2\/users\/1"}],"replies":[{"embeddable":true,"href":"https:\/\/wofvideo.pro\/napifriss\/index.php?rest_route=%2Fwp%2Fv2%2Fcomments&post=70"}],"version-history":[{"count":1,"href":"https:\/\/wofvideo.pro\/napifriss\/index.php?rest_route=\/wp\/v2\/posts\/70\/revisions"}],"predecessor-version":[{"id":72,"href":"https:\/\/wofvideo.pro\/napifriss\/index.php?rest_route=\/wp\/v2\/posts\/70\/revisions\/72"}],"wp:featuredmedia":[{"embeddable":true,"href":"https:\/\/wofvideo.pro\/napifriss\/index.php?rest_route=\/wp\/v2\/media\/71"}],"wp:attachment":[{"href":"https:\/\/wofvideo.pro\/napifriss\/index.php?rest_route=%2Fwp%2Fv2%2Fmedia&parent=70"}],"wp:term":[{"taxonomy":"category","embeddable":true,"href":"https:\/\/wofvideo.pro\/napifriss\/index.php?rest_route=%2Fwp%2Fv2%2Fcategories&post=70"},{"taxonomy":"post_tag","embeddable":true,"href":"https:\/\/wofvideo.pro\/napifriss\/index.php?rest_route=%2Fwp%2Fv2%2Ftags&post=70"}],"curies":[{"name":"wp","href":"https:\/\/api.w.org\/{rel}","templated":true}]}}