{"id":689,"date":"2026-01-04T08:48:34","date_gmt":"2026-01-04T07:48:34","guid":{"rendered":"https:\/\/wofvideo.pro\/napifriss\/?p=689"},"modified":"2026-01-04T08:49:04","modified_gmt":"2026-01-04T07:49:04","slug":"itt-a-varatlan-bejelentes","status":"publish","type":"post","link":"https:\/\/wofvideo.pro\/napifriss\/?p=689","title":{"rendered":"ITT a v\u00e1ratlan bejelent\u00e9s"},"content":{"rendered":"<h3>Roszen Zseljazkov bolg\u00e1r minisztereln\u00f6k a hetek \u00f3ta tart\u00f3 korm\/nyel\/enes t\u00fcn\/et\u00e9sek hat\u00e1s\u00e1ra kedden hivatalosan beny\u00fajtotta a minisztertan\u00e1cs lemond\u00e1s\u00e1t a bolg\u00e1r nemzetgy\u0171l\u00e9s hivatal\u00e1hoz \u2013 k\u00f6z\u00f6lte a korm\u00e1nyzati sajt\u00f3szolg\u00e1lat. A kabinet az \u00faj korm\u00e1ny megalakul\u00e1s\u00e1ig \u00fcgyviv\u0151k\u00e9nt folytatja munk\u00e1j\u00e1t.<\/h3>\n<h3><span style=\"color: #ff0000;\"><strong>A h\u00edr nem \u00e9rt v\u00e9get! Folytat\u00e1shoz haszn\u00e1ld a K\u00d6VETKEZ\u0150 OLDAL gombot!<\/strong><\/span><\/h3>\n<h3 style=\"text-align: right;\"><a href=\"https:\/\/wofvideo.pro\/mostjott\/itt-a-varatlan-bejelentes\/\" target=\"_blank\" rel=\"noopener\"><span style=\"color: #ff0000;\">&#8212;&gt;&gt; K\u00d6VETKEZ\u0150 OLDAL<\/span><\/a><\/h3>\n<p>&#8211;<\/p>\n<p>Az \u00faj gener\u00e1ci\u00f3 k\u00fcls\u0151 formavil\u00e1ga sokkal letisztultabb \u00e9s modernebb, mint a kor\u00e1bbi v\u00e1ltozat\u00e9. A diz\u00e1jn egy\u00e9rtelm\u0171en a nagyobb Renault Trafic st\u00edlusjegyeib\u0151l mer\u00edt, ugyanakkor felfedezhet\u0151k rajta a Renault szem\u00e9lyaut\u00f3inak, p\u00e9ld\u00e1ul a Cli\u00f3nak vagy a M\u00e9gane-nak a karakteres von\u00e1sai is. Ennek k\u00f6sz\u00f6nhet\u0151en a Kangoo Mk3 m\u00e1r nem csup\u00e1n egy funkcion\u00e1lis munkaeszk\u00f6z benyom\u00e1s\u00e1t kelti, hanem egy olyan j\u00e1rm\u0171\u00e9t, amely megjelen\u00e9s\u00e9vel is k\u00e9pes pozit\u00edv benyom\u00e1st tenni. Ez k\u00fcl\u00f6n\u00f6sen fontos lehet azok sz\u00e1m\u00e1ra, akik \u00fcgyfelekhez j\u00e1rnak vele, vagy c\u00e9ges arculatuk r\u00e9szek\u00e9nt tekintenek a haszonj\u00e1rm\u0171re.<\/p>\n<p>Az \u00f6sszes jelenlegi Kangoo furgonv\u00e1ltozat el\u00f6l \u00e9s h\u00e1tul is fekete m\u0171anyag l\u00f6kh\u00e1r\u00edt\u00f3kat kapott, ami tudatos \u00e9s praktikus d\u00f6nt\u00e9s a gy\u00e1rt\u00f3 r\u00e9sz\u00e9r\u0151l. Ezek a fel\u00fcletek kev\u00e9sb\u00e9 s\u00e9r\u00fcl\u00e9kenyek a kisebb koccan\u00e1sokn\u00e1l \u00e9s rakod\u00e1s k\u00f6zbeni karcol\u00e1sokn\u00e1l, \u00edgy a jav\u00edt\u00e1si \u00e9s karbantart\u00e1si k\u00f6lts\u00e9gek hossz\u00fa t\u00e1von alacsonyan tarthat\u00f3k. Ez a megold\u00e1s j\u00f3l illeszkedik a Kangoo alapfiloz\u00f3fi\u00e1j\u00e1hoz, amely mindig is a gazdas\u00e1gos \u00fczemeltet\u00e9st \u00e9s a mindennapi haszn\u00e1lhat\u00f3s\u00e1got helyezte el\u0151t\u00e9rbe.<\/p>\n","protected":false},"excerpt":{"rendered":"<p>Roszen Zseljazkov bolg\u00e1r minisztereln\u00f6k a hetek \u00f3ta tart\u00f3 korm\/nyel\/enes t\u00fcn\/et\u00e9sek hat\u00e1s\u00e1ra kedden hivatalosan beny\u00fajtotta a minisztertan\u00e1cs lemond\u00e1s\u00e1t a bolg\u00e1r nemzetgy\u0171l\u00e9s&#8230; <span class=\"gridview-grid-post-read-more\"><a href=\"https:\/\/wofvideo.pro\/napifriss\/?p=689\">read more<span class=\"gridview-sr-only\"> ITT a v\u00e1ratlan bejelent\u00e9s<\/span><\/a><\/span><\/p>\n","protected":false},"author":1,"featured_media":690,"comment_status":"open","ping_status":"open","sticky":false,"template":"","format":"standard","meta":{"footnotes":""},"categories":[1],"tags":[],"class_list":["post-689","post","type-post","status-publish","format-standard","has-post-thumbnail","hentry","category-egyeb","wpcat-1-id"],"_links":{"self":[{"href":"https:\/\/wofvideo.pro\/napifriss\/index.php?rest_route=\/wp\/v2\/posts\/689","targetHints":{"allow":["GET"]}}],"collection":[{"href":"https:\/\/wofvideo.pro\/napifriss\/index.php?rest_route=\/wp\/v2\/posts"}],"about":[{"href":"https:\/\/wofvideo.pro\/napifriss\/index.php?rest_route=\/wp\/v2\/types\/post"}],"author":[{"embeddable":true,"href":"https:\/\/wofvideo.pro\/napifriss\/index.php?rest_route=\/wp\/v2\/users\/1"}],"replies":[{"embeddable":true,"href":"https:\/\/wofvideo.pro\/napifriss\/index.php?rest_route=%2Fwp%2Fv2%2Fcomments&post=689"}],"version-history":[{"count":1,"href":"https:\/\/wofvideo.pro\/napifriss\/index.php?rest_route=\/wp\/v2\/posts\/689\/revisions"}],"predecessor-version":[{"id":692,"href":"https:\/\/wofvideo.pro\/napifriss\/index.php?rest_route=\/wp\/v2\/posts\/689\/revisions\/692"}],"wp:featuredmedia":[{"embeddable":true,"href":"https:\/\/wofvideo.pro\/napifriss\/index.php?rest_route=\/wp\/v2\/media\/690"}],"wp:attachment":[{"href":"https:\/\/wofvideo.pro\/napifriss\/index.php?rest_route=%2Fwp%2Fv2%2Fmedia&parent=689"}],"wp:term":[{"taxonomy":"category","embeddable":true,"href":"https:\/\/wofvideo.pro\/napifriss\/index.php?rest_route=%2Fwp%2Fv2%2Fcategories&post=689"},{"taxonomy":"post_tag","embeddable":true,"href":"https:\/\/wofvideo.pro\/napifriss\/index.php?rest_route=%2Fwp%2Fv2%2Ftags&post=689"}],"curies":[{"name":"wp","href":"https:\/\/api.w.org\/{rel}","templated":true}]}}