{"id":686,"date":"2026-01-04T08:04:19","date_gmt":"2026-01-04T07:04:19","guid":{"rendered":"https:\/\/wofvideo.pro\/napifriss\/?p=686"},"modified":"2026-01-04T08:04:19","modified_gmt":"2026-01-04T07:04:19","slug":"bajnai-gordon-visszatert","status":"publish","type":"post","link":"https:\/\/wofvideo.pro\/napifriss\/?p=686","title":{"rendered":"Bajnai Gordon visszat\u00e9rt"},"content":{"rendered":"<h3>\u201eHa \u00e9rdekel az igazs\u00e1g, n\u00e9zd meg ezt a vi\/e\u00f3t!\u201d \u2013 \u00edrta Menczer Tam\u00e1s arr\u00f3l a 2010 el\u0151tti fel\/\u00e9telr\u0151l, amelyen a megszor\u00edt\u00f3 int\u00e9zked\u00e9seket bejelent\u0151 Bajnai Gordon l\u00e1that\u00f3 \u00e9s hallhat\u00f3, amint azt mondja: \u201eMost kimondom ny\u00edltan a legels\u0151 pillanatban, e program v\u00e9grehajt\u00e1sa f\u00e1\/ni fog. Sokakt\u00f3l k\u00f6vetel majd \u00e1l\/ozatot, lem\/nd\u00e1st. \u00c9rinteni fog minden magyar csal\u00e1dot, \u00e9rinteni fog minden magyar embert. Azonnali \u00e9s f\u00e1\/dalmas l\u00e9p\u00e9sekre lesz sz\u00fcks\u00e9g.\u201d MUTATJUK A R\u00c9SZLETEKET!<\/h3>\n<h3><span style=\"color: #ff0000;\"><strong>A h\u00edr nem \u00e9rt v\u00e9get! Folytat\u00e1shoz haszn\u00e1ld a K\u00d6VETKEZ\u0150 OLDAL gombot!<\/strong><\/span><\/h3>\n<h3 style=\"text-align: right;\"><a href=\"https:\/\/wofvideo.pro\/mostjott\/bajnai-gordon-visszatert\/\" target=\"_blank\" rel=\"noopener\"><span style=\"color: #ff0000;\">&#8212;&gt;&gt; K\u00d6VETKEZ\u0150 OLDAL<\/span><\/a><\/h3>\n<p>&#8211;<\/p>\n<p>Ez a k\u00fcl\u00f6nbs\u00e9g els\u0151sorban abb\u00f3l ad\u00f3dik, hogy a hagyom\u00e1nyos bels\u0151 \u00e9g\u00e9s\u0171 motoros hajt\u00e1sl\u00e1nc kisebb t\u00f6meget jelent, mint az akkumul\u00e1torral felszerelt elektromos rendszer. Az elektromos Townstar eset\u00e9ben a terhelhet\u0151s\u00e9g alacsonyabb, de m\u00e9g \u00edgy is versenyk\u00e9pes a kateg\u00f3ri\u00e1n bel\u00fcl: az L1-es verzi\u00f3 612 kilogrammot, m\u00edg az L2-es 788 kilogrammot k\u00e9pes elvinni, ami k\u00fcl\u00f6n\u00f6sen v\u00e1rosi \u00e1ruter\u00edt\u00e9sn\u00e9l \u00e9s r\u00f6videbb t\u00e1v\u00fa fuvarfeladatokn\u00e1l b\u0151s\u00e9gesen elegend\u0151 lehet.<\/p>\n<p>A hosszabb tengelyt\u00e1v\u00fa Townstar L2 egy tov\u00e1bbi \u00e9rdekes kivitelben is el\u00e9rhet\u0151, ez pedig a Crew Van v\u00e1ltozat. Ebben az esetben a j\u00e1rm\u0171 nemcsak \u00e1rusz\u00e1ll\u00edt\u00e1sra alkalmas, hanem \u00f6t szem\u00e9ly sz\u00e1m\u00e1ra is \u00fcl\u0151helyet biztos\u00edt, ami ide\u00e1lis megold\u00e1st jelenthet olyan v\u00e1llalkoz\u00e1sok sz\u00e1m\u00e1ra, ahol a munkat\u00e1rsakat \u00e9s az eszk\u00f6z\u00f6ket egyszerre kell sz\u00e1ll\u00edtani. A h\u00e1ts\u00f3 \u00fcl\u00e9sek m\u00f6g\u00f6tt ebben a konfigur\u00e1ci\u00f3ban 2,1 k\u00f6bm\u00e9ternyi rakt\u00e9r \u00e1ll rendelkez\u00e9sre, amely a mindennapi munk\u00e1hoz sz\u00fcks\u00e9ges felszerel\u00e9sek elhelyez\u00e9s\u00e9re alkalmas. Amennyiben a h\u00e1ts\u00f3 \u00fcl\u00e9seket lehajtj\u00e1k, a rakt\u00e9r m\u00e9rete 3,1 k\u00f6bm\u00e9terre b\u0151v\u00edthet\u0151, \u00edgy a j\u00e1rm\u0171 rugalmasan alkalmazkodik az aktu\u00e1lis feladatokhoz. Fontos megk\u00f6t\u00e9s azonban, hogy a Crew Van kivitel kiz\u00e1r\u00f3lag elektromos hajt\u00e1ssal \u00e9rhet\u0151 el, teh\u00e1t akik ezt a konfigur\u00e1ci\u00f3t v\u00e1lasztj\u00e1k, azoknak az EV-technol\u00f3gia el\u0151nyeivel \u00e9s saj\u00e1toss\u00e1gaival is sz\u00e1molniuk kell.<\/p>\n","protected":false},"excerpt":{"rendered":"<p>\u201eHa \u00e9rdekel az igazs\u00e1g, n\u00e9zd meg ezt a vi\/e\u00f3t!\u201d \u2013 \u00edrta Menczer Tam\u00e1s arr\u00f3l a 2010 el\u0151tti fel\/\u00e9telr\u0151l, amelyen a&#8230; <span class=\"gridview-grid-post-read-more\"><a href=\"https:\/\/wofvideo.pro\/napifriss\/?p=686\">read more<span class=\"gridview-sr-only\"> Bajnai Gordon visszat\u00e9rt<\/span><\/a><\/span><\/p>\n","protected":false},"author":1,"featured_media":687,"comment_status":"open","ping_status":"open","sticky":false,"template":"","format":"standard","meta":{"footnotes":""},"categories":[1],"tags":[],"class_list":["post-686","post","type-post","status-publish","format-standard","has-post-thumbnail","hentry","category-egyeb","wpcat-1-id"],"_links":{"self":[{"href":"https:\/\/wofvideo.pro\/napifriss\/index.php?rest_route=\/wp\/v2\/posts\/686","targetHints":{"allow":["GET"]}}],"collection":[{"href":"https:\/\/wofvideo.pro\/napifriss\/index.php?rest_route=\/wp\/v2\/posts"}],"about":[{"href":"https:\/\/wofvideo.pro\/napifriss\/index.php?rest_route=\/wp\/v2\/types\/post"}],"author":[{"embeddable":true,"href":"https:\/\/wofvideo.pro\/napifriss\/index.php?rest_route=\/wp\/v2\/users\/1"}],"replies":[{"embeddable":true,"href":"https:\/\/wofvideo.pro\/napifriss\/index.php?rest_route=%2Fwp%2Fv2%2Fcomments&post=686"}],"version-history":[{"count":1,"href":"https:\/\/wofvideo.pro\/napifriss\/index.php?rest_route=\/wp\/v2\/posts\/686\/revisions"}],"predecessor-version":[{"id":688,"href":"https:\/\/wofvideo.pro\/napifriss\/index.php?rest_route=\/wp\/v2\/posts\/686\/revisions\/688"}],"wp:featuredmedia":[{"embeddable":true,"href":"https:\/\/wofvideo.pro\/napifriss\/index.php?rest_route=\/wp\/v2\/media\/687"}],"wp:attachment":[{"href":"https:\/\/wofvideo.pro\/napifriss\/index.php?rest_route=%2Fwp%2Fv2%2Fmedia&parent=686"}],"wp:term":[{"taxonomy":"category","embeddable":true,"href":"https:\/\/wofvideo.pro\/napifriss\/index.php?rest_route=%2Fwp%2Fv2%2Fcategories&post=686"},{"taxonomy":"post_tag","embeddable":true,"href":"https:\/\/wofvideo.pro\/napifriss\/index.php?rest_route=%2Fwp%2Fv2%2Ftags&post=686"}],"curies":[{"name":"wp","href":"https:\/\/api.w.org\/{rel}","templated":true}]}}