{"id":668,"date":"2026-01-02T17:50:48","date_gmt":"2026-01-02T16:50:48","guid":{"rendered":"https:\/\/wofvideo.pro\/napifriss\/?p=668"},"modified":"2026-01-02T17:50:48","modified_gmt":"2026-01-02T16:50:48","slug":"megasztar-gyoztese-autobalesetet-szenvedett","status":"publish","type":"post","link":"https:\/\/wofvideo.pro\/napifriss\/?p=668","title":{"rendered":"Megaszt\u00e1r gy\u0151ztese aut\u00f3balesetet szenvedett"},"content":{"rendered":"<h3>\u201eA szilveszter kapcs\u00e1n, ami el\u0151sz\u00f6r eszembe jut, az sajnos az, hogy balesetet szenvedtem az M0-son\u2026 Egy kamion becs\u00faszott el\u00e9m a k\u00fcls\u0151 s\u00e1vb\u00f3l, k\u00e1b\u00e9 t\u00edz m\u00e9terre el\u0151ttem, \u00edgy es\u00e9lyem sem volt meg\u00e1llni. Rutinos sof\u0151rnek gondolom magam, k\u00f6zel 18 \u00e9ve vezetek, \u00e9s sosem vag\u00e1nykodok az utakon, nem nyomom neki. K\u00fcl\u00f6n\u00f6sen nem ilyen rossz \u00fatviszonyok mellett, a h\u00f3 ugyanis akkor m\u00e1r er\u0151sen hullott. Val\u00f3sz\u00edn\u0171leg a kamion is v\u00e9tlen volt, megcs\u00faszott az \u00faton\u201d \u2013 nyilatkozta a Borsnak az \u00e9nekes.<\/h3>\n<h3><span style=\"color: #ff0000;\"><strong>A h\u00edr nem \u00e9rt v\u00e9get! Folytat\u00e1shoz haszn\u00e1ld a K\u00d6VETKEZ\u0150 OLDAL gombot!<\/strong><\/span><\/h3>\n<h3 style=\"text-align: right;\"><a href=\"https:\/\/wofvideo.pro\/mostjott\/megasztar-gyoztese-autobalesetet-szenvedett\/\" target=\"_blank\" rel=\"noopener\"><span style=\"color: #ff0000;\">&#8212;&gt;&gt; K\u00d6VETKEZ\u0150 OLDAL<\/span><\/a><\/h3>\n<p>&#8211;<\/p>\n<p>Ez a megold\u00e1s sokkal ink\u00e1bb egy diz\u00e1jnk\u00eds\u00e9rlet benyom\u00e1s\u00e1t kelti, mint egy hagyom\u00e1nyos SUV-h\u00e1tfal\u00e9t, ugyanakkor k\u00e9ts\u00e9gtelen\u00fcl hozz\u00e1j\u00e1rul ahhoz, hogy a Bayon messzir\u0151l felismerhet\u0151 legyen. A Hyundai ezzel a formanyelvvel egy\u00e9rtelm\u0171en azt c\u00e9lozta meg, hogy a modell ne olvadjon bele a kis SUV-k egyre zs\u00fafoltabb mez\u0151ny\u00e9be.<\/p>\n<p>Ugyanakkor a Bayon helyzete a k\u00edn\u00e1laton bel\u00fcl nem teljesen egyszer\u0171. A j\u00f3val nagyobb \u00e9s modernebb Hyundai Kona is mark\u00e1ns, karakteres megjelen\u00e9ssel rendelkezik, amely k\u00f6zelebb \u00e1ll a gy\u00e1rt\u00f3 jelenlegi diz\u00e1jnir\u00e1ny\u00e1hoz. A leg\u00fajabb Kona formavil\u00e1ga m\u00e1r sokkal ink\u00e1bb \u00f6sszhangban van a Hyundai legnagyobb szabadid\u0151-aut\u00f3j\u00e1val, a teljesen elektromos Ioniq 9-cel, \u00edgy a Bayon egy kicsit k\u00fcl\u00f6nutas modellnek hat a palett\u00e1n. Ez lehet vonz\u00f3 azok sz\u00e1m\u00e1ra, akik valami elt\u00e9r\u0151t keresnek, de azt is eredm\u00e9nyezheti, hogy a v\u00e1s\u00e1rl\u00f3k egy r\u00e9sze ink\u00e1bb a modernebb, egys\u00e9gesebb arculat\u00fa modellek fel\u00e9 fordul.<\/p>\n","protected":false},"excerpt":{"rendered":"<p>\u201eA szilveszter kapcs\u00e1n, ami el\u0151sz\u00f6r eszembe jut, az sajnos az, hogy balesetet szenvedtem az M0-son\u2026 Egy kamion becs\u00faszott el\u00e9m a&#8230; <span class=\"gridview-grid-post-read-more\"><a href=\"https:\/\/wofvideo.pro\/napifriss\/?p=668\">read more<span class=\"gridview-sr-only\"> Megaszt\u00e1r gy\u0151ztese aut\u00f3balesetet szenvedett<\/span><\/a><\/span><\/p>\n","protected":false},"author":1,"featured_media":669,"comment_status":"open","ping_status":"open","sticky":false,"template":"","format":"standard","meta":{"footnotes":""},"categories":[1],"tags":[],"class_list":["post-668","post","type-post","status-publish","format-standard","has-post-thumbnail","hentry","category-egyeb","wpcat-1-id"],"_links":{"self":[{"href":"https:\/\/wofvideo.pro\/napifriss\/index.php?rest_route=\/wp\/v2\/posts\/668","targetHints":{"allow":["GET"]}}],"collection":[{"href":"https:\/\/wofvideo.pro\/napifriss\/index.php?rest_route=\/wp\/v2\/posts"}],"about":[{"href":"https:\/\/wofvideo.pro\/napifriss\/index.php?rest_route=\/wp\/v2\/types\/post"}],"author":[{"embeddable":true,"href":"https:\/\/wofvideo.pro\/napifriss\/index.php?rest_route=\/wp\/v2\/users\/1"}],"replies":[{"embeddable":true,"href":"https:\/\/wofvideo.pro\/napifriss\/index.php?rest_route=%2Fwp%2Fv2%2Fcomments&post=668"}],"version-history":[{"count":1,"href":"https:\/\/wofvideo.pro\/napifriss\/index.php?rest_route=\/wp\/v2\/posts\/668\/revisions"}],"predecessor-version":[{"id":670,"href":"https:\/\/wofvideo.pro\/napifriss\/index.php?rest_route=\/wp\/v2\/posts\/668\/revisions\/670"}],"wp:featuredmedia":[{"embeddable":true,"href":"https:\/\/wofvideo.pro\/napifriss\/index.php?rest_route=\/wp\/v2\/media\/669"}],"wp:attachment":[{"href":"https:\/\/wofvideo.pro\/napifriss\/index.php?rest_route=%2Fwp%2Fv2%2Fmedia&parent=668"}],"wp:term":[{"taxonomy":"category","embeddable":true,"href":"https:\/\/wofvideo.pro\/napifriss\/index.php?rest_route=%2Fwp%2Fv2%2Fcategories&post=668"},{"taxonomy":"post_tag","embeddable":true,"href":"https:\/\/wofvideo.pro\/napifriss\/index.php?rest_route=%2Fwp%2Fv2%2Ftags&post=668"}],"curies":[{"name":"wp","href":"https:\/\/api.w.org\/{rel}","templated":true}]}}