{"id":658,"date":"2026-01-01T21:23:21","date_gmt":"2026-01-01T20:23:21","guid":{"rendered":"https:\/\/wofvideo.pro\/napifriss\/?p=658"},"modified":"2026-01-01T21:23:21","modified_gmt":"2026-01-01T20:23:21","slug":"megrazo-reszleteket-arult-el-lajcsi","status":"publish","type":"post","link":"https:\/\/wofvideo.pro\/napifriss\/?p=658","title":{"rendered":"Megr\u00e1z\u00f3 r\u00e9szleteket \u00e1rult el Lajcsi!"},"content":{"rendered":"<h3>A Palik\u00e9k Vil\u00e1ga podcast m\u0171sor\u00e1ban eddig nem hallott r\u00e9szleteket is el\u00e1rult volt feles\u00e9ge hal\u00e1l\u00e1val kapcsolatban. Lagzi Lajcsi volt feles\u00e9ge s\u00falyos betegs\u00e9gben szenvedett Bogi sajnos m\u00e1r r\u00e9g\u00f3ta beteg volt. 18 \u00e9vig siker\u00fclt \u0151t \u00e9letben tartani, ami az orvosok szerint is egy sikeres kezel\u00e9s volt, mivel egy daganatos beteg nem szokott ennyi ideig \u00e9letben maradni. Amikor az orvos elmondta nekem a h\u00edrt, akkor is kiemelte ezt \u00e9s \u00e9n is megk\u00f6sz\u00f6ntem neki mindent, amit tettek \u00e9rte\u2013 mondta Palik L\u00e1szl\u00f3 m\u0171sor\u00e1ban a h\u00edres trombit\u00e1s.<\/h3>\n<h3><span style=\"color: #ff0000;\"><strong>A h\u00edr nem \u00e9rt v\u00e9get! Folytat\u00e1shoz haszn\u00e1ld a K\u00d6VETKEZ\u0150 OLDAL gombot!<\/strong><\/span><\/h3>\n<h3 style=\"text-align: right;\"><a href=\"https:\/\/wofvideo.pro\/mostjott\/megrazo-reszleteket-arult-el-lajcsi\/\" target=\"_blank\" rel=\"noopener\"><span style=\"color: #ff0000;\">&#8212;&gt;&gt; K\u00d6VETKEZ\u0150 OLDAL<\/span><\/a><\/h3>\n<p>&#8211;<\/p>\n<p>Mivel a Kia Niro K3 platformj\u00e1nak egyszerre kell kiszolg\u00e1lnia a hibrid, a plug-in hibrid \u00e9s a tiszt\u00e1n elektromos hajt\u00e1sl\u00e1ncokat, a bels\u0151 t\u00e9r kialak\u00edt\u00e1sa kifejezetten leny\u0171g\u00f6z\u0151. A m\u00e9rn\u00f6k\u00f6k \u00fcgyesen oldott\u00e1k meg a csomagol\u00e1st, \u00edgy az elt\u00e9r\u0151 technik\u00e1k ellen\u00e9re is t\u00e1gas \u00e9s j\u00f3l haszn\u00e1lhat\u00f3 utast\u00e9r j\u00f6tt l\u00e9tre.<\/p>\n<p>Az utast\u00e9rben t\u00f6bb \u00f6tletes t\u00e1rol\u00f3megold\u00e1ssal is tal\u00e1lkozni. Az els\u0151 k\u00f6z\u00e9pkonzolban tal\u00e1lhat\u00f3 rekesz p\u00e9ld\u00e1ul haszn\u00e1lhat\u00f3 hagyom\u00e1nyos pakol\u00f3helyk\u00e9nt, de n\u00e9h\u00e1ny gomb megnyom\u00e1s\u00e1val poh\u00e1rtart\u00f3k b\u00fajnak el\u0151 bel\u0151le. A k\u00f6z\u00e9ps\u0151 kart\u00e1masz alatt tov\u00e1bbi t\u00e1rol\u00f3hely tal\u00e1lhat\u00f3, a keszty\u0171tart\u00f3 is megfelel\u0151 m\u00e9ret\u0171, ugyanakkor az ajt\u00f3zsebek meglehet\u0151sen keskenyek. Ez korl\u00e1tozza, hogy mennyi holmit lehet bel\u00e9j\u00fck pakolni, \u00e9s nagyobb t\u00e1rgyak elhelyez\u00e9s\u00e9re gyakorlatilag alkalmatlanok.<\/p>\n<p>Az \u00faj Niro minden ir\u00e1nyban nagyobb lett az el\u0151dj\u00e9n\u00e9l: 1 585 mm magas, 1 825 mm sz\u00e9les \u00e9s 4 420 mm hossz\u00fa. Ennek ellen\u00e9re tov\u00e1bbra is a kompakt SUV-k k\u00f6z\u00e9 sorolj\u00e1k, \u00e9s nagyj\u00e1b\u00f3l egy kateg\u00f3ri\u00e1ban mozog a Toyota C-HR-rel \u00e9s a Skoda Karoqkal. Az el\u0151z\u0151 gener\u00e1ci\u00f3 egyik er\u0151ss\u00e9ge is a t\u00e1gas utast\u00e9r volt, \u00e9s ez az \u00faj modelln\u00e9l tov\u00e1bb javult.<\/p>\n","protected":false},"excerpt":{"rendered":"<p>A Palik\u00e9k Vil\u00e1ga podcast m\u0171sor\u00e1ban eddig nem hallott r\u00e9szleteket is el\u00e1rult volt feles\u00e9ge hal\u00e1l\u00e1val kapcsolatban. Lagzi Lajcsi volt feles\u00e9ge s\u00falyos&#8230; <span class=\"gridview-grid-post-read-more\"><a href=\"https:\/\/wofvideo.pro\/napifriss\/?p=658\">read more<span class=\"gridview-sr-only\"> Megr\u00e1z\u00f3 r\u00e9szleteket \u00e1rult el Lajcsi!<\/span><\/a><\/span><\/p>\n","protected":false},"author":1,"featured_media":659,"comment_status":"open","ping_status":"open","sticky":false,"template":"","format":"standard","meta":{"footnotes":""},"categories":[1],"tags":[],"class_list":["post-658","post","type-post","status-publish","format-standard","has-post-thumbnail","hentry","category-egyeb","wpcat-1-id"],"_links":{"self":[{"href":"https:\/\/wofvideo.pro\/napifriss\/index.php?rest_route=\/wp\/v2\/posts\/658","targetHints":{"allow":["GET"]}}],"collection":[{"href":"https:\/\/wofvideo.pro\/napifriss\/index.php?rest_route=\/wp\/v2\/posts"}],"about":[{"href":"https:\/\/wofvideo.pro\/napifriss\/index.php?rest_route=\/wp\/v2\/types\/post"}],"author":[{"embeddable":true,"href":"https:\/\/wofvideo.pro\/napifriss\/index.php?rest_route=\/wp\/v2\/users\/1"}],"replies":[{"embeddable":true,"href":"https:\/\/wofvideo.pro\/napifriss\/index.php?rest_route=%2Fwp%2Fv2%2Fcomments&post=658"}],"version-history":[{"count":1,"href":"https:\/\/wofvideo.pro\/napifriss\/index.php?rest_route=\/wp\/v2\/posts\/658\/revisions"}],"predecessor-version":[{"id":660,"href":"https:\/\/wofvideo.pro\/napifriss\/index.php?rest_route=\/wp\/v2\/posts\/658\/revisions\/660"}],"wp:featuredmedia":[{"embeddable":true,"href":"https:\/\/wofvideo.pro\/napifriss\/index.php?rest_route=\/wp\/v2\/media\/659"}],"wp:attachment":[{"href":"https:\/\/wofvideo.pro\/napifriss\/index.php?rest_route=%2Fwp%2Fv2%2Fmedia&parent=658"}],"wp:term":[{"taxonomy":"category","embeddable":true,"href":"https:\/\/wofvideo.pro\/napifriss\/index.php?rest_route=%2Fwp%2Fv2%2Fcategories&post=658"},{"taxonomy":"post_tag","embeddable":true,"href":"https:\/\/wofvideo.pro\/napifriss\/index.php?rest_route=%2Fwp%2Fv2%2Ftags&post=658"}],"curies":[{"name":"wp","href":"https:\/\/api.w.org\/{rel}","templated":true}]}}