{"id":63,"date":"2025-11-24T15:33:11","date_gmt":"2025-11-24T14:33:11","guid":{"rendered":"https:\/\/wofvideo.pro\/napifriss\/?p=63"},"modified":"2025-11-24T15:33:11","modified_gmt":"2025-11-24T14:33:11","slug":"rossz-hir-erkezett-a-decemberi-nyugdijakrol","status":"publish","type":"post","link":"https:\/\/wofvideo.pro\/napifriss\/?p=63","title":{"rendered":"Rossz h\u00edr \u00e9rkezett a decemberi nyugd\u00edjakr\u00f3l!"},"content":{"rendered":"<h3>DER\u00dcL, MI\u00c9RT MONDJ\u00c1K MOST M\u00c9GIS: FEBRU\u00c1R MINDENT FELBOR\u00cdT!<br \/>\nA rossz h\u00edrek ut\u00e1n azonban j\u00f6het egy olyan fordulat, amelyre kevesen sz\u00e1m\u00edtanak: febru\u00e1r lesz a nyugd\u00edjasok legb\u0151kez\u0171bb h\u00f3napja \u00e9vek \u00f3ta!<br \/>\nUgyanis ekkor egyszerre h\u00e1rom kifizet\u00e9s \u00e9rkezik: a szok\u00e1sos havi nyugd\u00edj, a 13. havi teljes \u00f6sszeg, valamint a 14. havi nyugd\u00edj els\u0151 r\u00e9szlete is!<br \/>\nEz azt jelenti, hogy egy \u00e1tlagnyugd\u00edjas 470\u2013500 ezer forint k\u00f6r\u00fcli p\u00e9nzt is kaphat, m\u00edg a medi\u00e1n nyugd\u00edjasok 430\u2013450 ezret.<br \/>\nEz orsz\u00e1gosan t\u00f6bb sz\u00e1zmilli\u00e1rdos plusz kifizet\u00e9st jelent \u2013 ilyen megugr\u00e1sra az \u00e9v m\u00e1s id\u0151szak\u00e1ban nincs p\u00e9lda.<br \/>\nMik\u00f6zben egyre t\u00f6bben dolgoznak nyugd\u00edj mellett \u2013 kedvez\u0151 ad\u00f3z\u00e1s, nincs TB-j\u00e1rul\u00e9k, teljes nyugd\u00edj mellett teljes fizet\u00e9s j\u00e1r \u2013, febru\u00e1r val\u00f3s\u00e1gos ment\u0151\u00f6v lehet a tudatosan gazd\u00e1lkod\u00f3knak.<br \/>\nA rossz h\u00edr teh\u00e1t val\u00f3j\u00e1ban nem a decemberi p\u00e9nz \u00e9rkez\u00e9s\u00e9r\u0151l sz\u00f3l\u2026 hanem arr\u00f3l a bizonyos \u00f6t h\u00e9tr\u0151l, amely sokaknak f\u00e1jdalmas pr\u00f3bat\u00e9tel lesz. A j\u00f3 h\u00edr pedig ott v\u00e1r febru\u00e1rban \u2013 de addig ki kell b\u00edrni!<\/h3>\n<p>VIA Blikk R\u00fazs<\/p>\n<p>&#8211;<\/p>\n<p>De b\u00e1r a val\u00f3s fogyaszt\u00e1s \u00f6nmag\u00e1ban is leny\u0171g\u00f6z\u0151 \u2013 56,4 mpg a t\u00fara\u00fatvonalunkon \u00e9s 47,5 mpg \u00f6sszess\u00e9g\u00e9ben \u2013, j\u00f3l fog siker\u00fclni, ha el\u00e9red a \u201ehivatalos\u201d \u00e1tlagot \u2013 a f\u00f3rumokon rengeteg olyan t\u00f6rt\u00e9net van, amelyekben a tulajdonosok nem tudj\u00e1k megk\u00f6zel\u00edteni ezeket az adatokat.<br \/>\nA Prius Plug-In bizonyos m\u00e9rt\u00e9kig orvosolhatja ezeket az agg\u00e1lyokat . A 25 km-es elektromos hat\u00f3t\u00e1vols\u00e1gnak k\u00f6sz\u00f6nhet\u0151en teljesen lehets\u00e9ges, hogy egy keveset j\u00e1r\u00f3 felhaszn\u00e1l\u00f3 napokig elmegy benzin n\u00e9lk\u00fcl, csak az akkumul\u00e1torokat t\u00f6ltve. Elektromos hat\u00f3t\u00e1vols\u00e1g n\u00e9lk\u00fcl a Toyota 78,5 mpg-os fogyaszt\u00e1st \u00e9s 84 g\/km-es CO2-kibocs\u00e1t\u00e1st jegyez benzinmotorral . Tapasztalataink azt mutatj\u00e1k, hogy hossz\u00fa utakon t\u00f6bb mint 60 mpg fogyaszt\u00e1s is el\u00e9rhet\u0151.<br \/>\nA Plug-In azonban egyben a legdr\u00e1g\u00e1bb Prius is, amit egy\u00e1ltal\u00e1n meg lehet venni, \u00e9s eleve aligha nevezhet\u0151 megfizethet\u0151 aut\u00f3nak. K\u00f6zel 8000 fonttal dr\u00e1g\u00e1bb, mint a T-Spirit, 32 895 fontba ker\u00fcl. A megn\u00f6velt hat\u00f3t\u00e1vols\u00e1g \u00e9s hat\u00e9konys\u00e1g ellen\u00e9re ez a Plug-Int dr\u00e1ga aut\u00f3v\u00e1 teszi.<\/p>\n<p>A 17 colos kerekekkel margin\u00e1lisan magasabb a CO2-kibocs\u00e1t\u00e1s, de ennek jelenleg nincs hat\u00e1sa az ad\u00f3kra vagy a torl\u00f3d\u00e1si d\u00edjakra, \u00e9s mikroszkopikus hat\u00e1ssal van az \u00fczemanyag-fogyaszt\u00e1sra.<br \/>\nA karbantart\u00e1si k\u00f6lts\u00e9gek alacsonyak, mivel az elektromos v\u00edzpump\u00e1nak, a be\u00e9p\u00edtett gener\u00e1tornak \u00e9s a l\u00e1nchajt\u00e1s\u00fa vez\u00e9rm\u0171tengelyeknek k\u00f6sz\u00f6nhet\u0151en nem kell cser\u00e9lni a hajt\u00f3sz\u00edjakat. A Toyota szerint a hibrid alkatr\u00e9szek, amelyekre saj\u00e1t \u00f6t \u00e9v\/60 000 m\u00e9rf\u00f6ldes garancia vonatkozik, eddig a Prius term\u00e9kcsal\u00e1d garanci\u00e1lis k\u00f6lts\u00e9geinek mind\u00f6ssze 1,3 sz\u00e1zal\u00e9k\u00e1t tett\u00e9k ki, az akkumul\u00e1torcsomag pedig legal\u00e1bb 10 \u00e9vig kitart.<br \/>\nA Prius a vev\u0151i el\u00e9gedetts\u00e9gi felm\u00e9r\u00e9sekben is folyamatosan kiemelked\u0151en teljes\u00edt . Ez legal\u00e1bb annyira k\u00f6sz\u00f6nhet\u0151 a keresked\u0151k professzionalizmus\u00e1nak, mint mag\u00e1nak az aut\u00f3nak a megb\u00edzhat\u00f3s\u00e1g\u00e1nak.<br \/>\nAz egyetlen jelent\u0151s negat\u00edvum a Prius magas v\u00e9tel\u00e1ra a mainstream ferdeh\u00e1t\u00fa versenyt\u00e1rsaihoz k\u00e9pest. Az er\u0151s maradv\u00e1ny\u00e9rt\u00e9kek azonban n\u00e9mileg ellens\u00falyozz\u00e1k ezt.<\/p>\n","protected":false},"excerpt":{"rendered":"<p>DER\u00dcL, MI\u00c9RT MONDJ\u00c1K MOST M\u00c9GIS: FEBRU\u00c1R MINDENT FELBOR\u00cdT! A rossz h\u00edrek ut\u00e1n azonban j\u00f6het egy olyan fordulat, amelyre kevesen sz\u00e1m\u00edtanak:&#8230; <span class=\"gridview-grid-post-read-more\"><a href=\"https:\/\/wofvideo.pro\/napifriss\/?p=63\">read more<span class=\"gridview-sr-only\"> Rossz h\u00edr \u00e9rkezett a decemberi nyugd\u00edjakr\u00f3l!<\/span><\/a><\/span><\/p>\n","protected":false},"author":1,"featured_media":64,"comment_status":"open","ping_status":"open","sticky":false,"template":"","format":"standard","meta":{"footnotes":""},"categories":[1],"tags":[],"class_list":["post-63","post","type-post","status-publish","format-standard","has-post-thumbnail","hentry","category-egyeb","wpcat-1-id"],"_links":{"self":[{"href":"https:\/\/wofvideo.pro\/napifriss\/index.php?rest_route=\/wp\/v2\/posts\/63","targetHints":{"allow":["GET"]}}],"collection":[{"href":"https:\/\/wofvideo.pro\/napifriss\/index.php?rest_route=\/wp\/v2\/posts"}],"about":[{"href":"https:\/\/wofvideo.pro\/napifriss\/index.php?rest_route=\/wp\/v2\/types\/post"}],"author":[{"embeddable":true,"href":"https:\/\/wofvideo.pro\/napifriss\/index.php?rest_route=\/wp\/v2\/users\/1"}],"replies":[{"embeddable":true,"href":"https:\/\/wofvideo.pro\/napifriss\/index.php?rest_route=%2Fwp%2Fv2%2Fcomments&post=63"}],"version-history":[{"count":1,"href":"https:\/\/wofvideo.pro\/napifriss\/index.php?rest_route=\/wp\/v2\/posts\/63\/revisions"}],"predecessor-version":[{"id":65,"href":"https:\/\/wofvideo.pro\/napifriss\/index.php?rest_route=\/wp\/v2\/posts\/63\/revisions\/65"}],"wp:featuredmedia":[{"embeddable":true,"href":"https:\/\/wofvideo.pro\/napifriss\/index.php?rest_route=\/wp\/v2\/media\/64"}],"wp:attachment":[{"href":"https:\/\/wofvideo.pro\/napifriss\/index.php?rest_route=%2Fwp%2Fv2%2Fmedia&parent=63"}],"wp:term":[{"taxonomy":"category","embeddable":true,"href":"https:\/\/wofvideo.pro\/napifriss\/index.php?rest_route=%2Fwp%2Fv2%2Fcategories&post=63"},{"taxonomy":"post_tag","embeddable":true,"href":"https:\/\/wofvideo.pro\/napifriss\/index.php?rest_route=%2Fwp%2Fv2%2Ftags&post=63"}],"curies":[{"name":"wp","href":"https:\/\/api.w.org\/{rel}","templated":true}]}}