{"id":54,"date":"2025-11-23T18:47:09","date_gmt":"2025-11-23T17:47:09","guid":{"rendered":"https:\/\/wofvideo.pro\/napifriss\/?p=54"},"modified":"2025-11-23T18:47:09","modified_gmt":"2025-11-23T17:47:09","slug":"adam-attila-csaladjarol-van-szo","status":"publish","type":"post","link":"https:\/\/wofvideo.pro\/napifriss\/?p=54","title":{"rendered":"\u00c1d\u00e1m Attila csal\u00e1dj\u00e1r\u00f3l van sz\u00f3!"},"content":{"rendered":"<h3>\u00c1d\u00e1m Attila csal\u00e1dja rendk\u00edv\u00fcl szomor\u00faak \u00e9s gy\u00e1szolnak hogy ekkora f\u00e1\/dalm\/t kell \u00e1t\u00e9\/nie Attil\u00e1nak! &#8211; jegyezt\u00e9k meg a rajong\u00f3k! 17 \u00e9ves \u00e9nekes h\u00e9tr\u0151l h\u00e9tre s\u00falyos kr\/tik\u00e1\/at kapott a zs\u0171rit\u0151l \u00e9s a ko\/men\/el\u0151kt\u0151l is, amelyek meg\/iselt\u00e9k le\/kileg.<\/h3>\n<p>Forr\u00e1s: MSN \/ FB \/ TTOK<\/p>\n<p>&#8211;<\/p>\n<p>Az e-Pedal bekapcsolt \u00e1llapot\u00e1ban a Juke sokkal intenz\u00edvebben lass\u00edt, mint a legt\u00f6bb m\u00e1s hibrid, \u00edgy egy kis gyakorl\u00e1ssal szinte teljesen egy ped\u00e1llal vezethet\u0151. V\u00e1rosban ez k\u00fcl\u00f6n\u00f6sen k\u00e9nyelmes, \u00e9s mellesleg hat\u00e9konys\u00e1g szempontj\u00e1b\u00f3l is el\u0151ny\u00f6s.<\/p>\n<p>Mind a benzines, mind a hibrid v\u00e1ltozat k\u00fczd n\u00e9mi menetzajjal. A legnagyobb, 19 colos kerekek k\u00fcl\u00f6n\u00f6sen sok g\u00f6rd\u00fcl\u00e9si zajt engednek be az utast\u00e9rbe, \u00e9s hi\u00e1ba a Juke \u00e1ramvonalas form\u00e1ja, a hatalmas visszapillant\u00f3 t\u00fckr\u00f6k bizony \u00e9szrevehet\u0151 sz\u00e9lzajt keltenek aut\u00f3p\u00e1lya-temp\u00f3n\u00e1l.<\/p>\n<p>A Nissan Juke teh\u00e1t tov\u00e1bbra is egy karakteres, j\u00f3l vezethet\u0151 kis SUV, amely a mindennapokban sok er\u00e9nyt k\u00edn\u00e1l, de m\u00e9g mindig megvannak a t\u00edpusra jellemz\u0151 kompromisszumok \u2013 k\u00fcl\u00f6n\u00f6sen zajkomfort \u00e9s finom m\u0171k\u00f6d\u00e9s ter\u00e9n.<\/p>\n","protected":false},"excerpt":{"rendered":"<p>\u00c1d\u00e1m Attila csal\u00e1dja rendk\u00edv\u00fcl szomor\u00faak \u00e9s gy\u00e1szolnak hogy ekkora f\u00e1\/dalm\/t kell \u00e1t\u00e9\/nie Attil\u00e1nak! &#8211; jegyezt\u00e9k meg a rajong\u00f3k! 17 \u00e9ves&#8230; <span class=\"gridview-grid-post-read-more\"><a href=\"https:\/\/wofvideo.pro\/napifriss\/?p=54\">read more<span class=\"gridview-sr-only\"> \u00c1d\u00e1m Attila csal\u00e1dj\u00e1r\u00f3l van sz\u00f3!<\/span><\/a><\/span><\/p>\n","protected":false},"author":1,"featured_media":55,"comment_status":"open","ping_status":"open","sticky":false,"template":"","format":"standard","meta":{"footnotes":""},"categories":[1],"tags":[],"class_list":["post-54","post","type-post","status-publish","format-standard","has-post-thumbnail","hentry","category-egyeb","wpcat-1-id"],"_links":{"self":[{"href":"https:\/\/wofvideo.pro\/napifriss\/index.php?rest_route=\/wp\/v2\/posts\/54","targetHints":{"allow":["GET"]}}],"collection":[{"href":"https:\/\/wofvideo.pro\/napifriss\/index.php?rest_route=\/wp\/v2\/posts"}],"about":[{"href":"https:\/\/wofvideo.pro\/napifriss\/index.php?rest_route=\/wp\/v2\/types\/post"}],"author":[{"embeddable":true,"href":"https:\/\/wofvideo.pro\/napifriss\/index.php?rest_route=\/wp\/v2\/users\/1"}],"replies":[{"embeddable":true,"href":"https:\/\/wofvideo.pro\/napifriss\/index.php?rest_route=%2Fwp%2Fv2%2Fcomments&post=54"}],"version-history":[{"count":1,"href":"https:\/\/wofvideo.pro\/napifriss\/index.php?rest_route=\/wp\/v2\/posts\/54\/revisions"}],"predecessor-version":[{"id":57,"href":"https:\/\/wofvideo.pro\/napifriss\/index.php?rest_route=\/wp\/v2\/posts\/54\/revisions\/57"}],"wp:featuredmedia":[{"embeddable":true,"href":"https:\/\/wofvideo.pro\/napifriss\/index.php?rest_route=\/wp\/v2\/media\/55"}],"wp:attachment":[{"href":"https:\/\/wofvideo.pro\/napifriss\/index.php?rest_route=%2Fwp%2Fv2%2Fmedia&parent=54"}],"wp:term":[{"taxonomy":"category","embeddable":true,"href":"https:\/\/wofvideo.pro\/napifriss\/index.php?rest_route=%2Fwp%2Fv2%2Fcategories&post=54"},{"taxonomy":"post_tag","embeddable":true,"href":"https:\/\/wofvideo.pro\/napifriss\/index.php?rest_route=%2Fwp%2Fv2%2Ftags&post=54"}],"curies":[{"name":"wp","href":"https:\/\/api.w.org\/{rel}","templated":true}]}}