{"id":47,"date":"2025-11-23T16:51:36","date_gmt":"2025-11-23T15:51:36","guid":{"rendered":"https:\/\/wofvideo.pro\/napifriss\/?p=47"},"modified":"2025-11-23T16:52:20","modified_gmt":"2025-11-23T15:52:20","slug":"ez-a-hiresseg-adam-attila-baratnoje","status":"publish","type":"post","link":"https:\/\/wofvideo.pro\/napifriss\/?p=47","title":{"rendered":"Ez a h\u00edress\u00e9g \u00c1d\u00e1m Attila bar\u00e1tn\u0151je!"},"content":{"rendered":"<h3>\u201eMarcell\u00e1cska, my love\u201d \u2013 \u00edrta Attila a k\u00e9p al\u00e1, amit k\u00f6vet\u0151en percek alatt felrobbant az Instagram. A szt\u00e1r azonnal a profilk\u00e9p\u00e9t is lecser\u00e9lte, imm\u00e1r k\u00f6z\u00f6sen l\u00e1that\u00f3 a titokzatos l\u00e1nnyal, \u00e9s ezzel minden k\u00e9ts\u00e9get eloszlatott: \u0151 Marcella, akit a k\u00f6vet\u0151k m\u00e1r most az \u201e\u00e9v p\u00e1rjak\u00e9nt\u201d emlegetnek.<br \/>\nDe ki Marcella val\u00f3j\u00e1ban?<br \/>\nA fesz\u00fclts\u00e9g napok \u00f3ta n\u0151tt, a kommentel\u0151k versengtek a tal\u00e1lgat\u00e1sokkal, m\u00edg v\u00e9gre kider\u00fclt a nagy igazs\u00e1g:<br \/>\nMarcella nem m\u00e1s, mint a k\u00f6z\u00f6ss\u00e9gi m\u00e9di\u00e1ban ismert, t\u00f6bb t\u00edzezres k\u00f6vet\u0151t\u00e1borral rendelkez\u0151 fiatal influenszer, aki m\u00e1r kor\u00e1bban is felbukkant Attila vide\u00f3i k\u00f6r\u00fcl \u2013 csak eddig senki sem vette \u00e9szre. Most viszont m\u00e1r mindenki tudja:<br \/>\n\u0150 a h\u00edress\u00e9g, \u00c1d\u00e1m Attila bar\u00e1tn\u0151je. A K\u00e9pet aAttila IG oldal\u00e1n tekintheti meg.<\/h3>\n<p>VIA IG<\/p>\n<p>&#8211;<\/p>\n<p>A Land Rover Freelander meglehet\u0151sen letisztult formavil\u00e1g\u00fa , \u00e9lete sor\u00e1n ink\u00e1bb fejl\u0151d\u00f6tt \u00e9s \u00e9rlel\u0151d\u00f6tt, mintsem teljes \u00fajratervez\u00e9sen esett volna \u00e1t.<br \/>\nA legut\u00f3bbi, 2011-es fejleszt\u00e9sek sor\u00e1n \u00e1ttervezt\u00e9k az els\u0151 l\u00f6kh\u00e1r\u00edt\u00f3t , \u00e9s a h\u0171t\u0151r\u00e1cs is elt\u00e9r\u0151 kivitelben kaphat\u00f3 a v\u00e1lasztott motort\u00f3l f\u00fcgg\u0151en. Tov\u00e1bbi v\u00e1ltoz\u00e1sok k\u00f6z\u00e9 tartozik a h\u00e1ts\u00f3 l\u00e1mp\u00e1k fekete kerete, a kiss\u00e9 nagyobb k\u00fcls\u0151 t\u00fckr\u00f6k, valamint a k\u00f6nny\u0171f\u00e9m ker\u00e9kt\u00e1rcs\u00e1k sz\u00e9lesebb sz\u00edn- \u00e9s diz\u00e1jnv\u00e1laszt\u00e9ka.<br \/>\n A Freelander 2011-es r\u00e1ncfelvarr\u00e1sa annyira \u00e9szrev\u00e9tlen volt, hogy neh\u00e9z volt \u00e9szrevenni.<br \/>\nA Land Rover embl\u00e9ma mostant\u00f3l ez\u00fcst szeg\u00e9llyel rendelkezik az arany helyett. Alig \u00e9szrevehet\u0151. A h\u00e1ts\u00f3 l\u00e1mp\u00e1k a legszembet\u0171n\u0151bb jellemz\u0151k, amelyek megk\u00fcl\u00f6nb\u00f6ztetik a leg\u00fajabb Freelandert. \u00c1tl\u00e1tsz\u00f3 bels\u0151 lencs\u00e9ket \u00e9s fekete keretet kaptak. Az eredm\u00e9ny, legal\u00e1bbis a mi szem\u00fcnkben, egy kicsit mer\u00e9szebbnek t\u0171nik az el\u0151dj\u00e9n\u00e9l, de ennek ellen\u00e9re modern.<\/p>\n<p>Kor\u00e1bban a h\u0171t\u0151r\u00e1cs lejjebb fek\u00fcdt a Freelander orr\u00e1n , de most megemelt\u00e9k, hogy egy vonalban legyen a f\u00e9nysz\u00f3r\u00f3kkal, \u00e9s a rendsz\u00e1mt\u00e1bla feletti kiss\u00e9 furcsa bemetsz\u00e9s kit\u00f6lti az \u00edgy keletkezett r\u00e9st. A fekete B- \u00e9s D-oszlopok a Freelander hagyom\u00e1nyos st\u00edlusjegyei, amelyek ezen az \u00e1talak\u00edt\u00e1son is megmaradtak.<br \/>\nA diz\u00e1jn kezd egy kicsit hossz\u00fanak t\u0171nni, b\u00e1r m\u00e9g mindig hatalmas vonzereje van a furcsa kin\u00e9zet\u0171 Honda CR-V-hez \u00e9s Toyota RAV4-hez k\u00e9pest . Ha azonban a leg\u00fajabb Range Rover vagy Evoque mell\u00e9 tessz\u00fck , egyre vil\u00e1gosabb\u00e1 v\u00e1lik, hogy egy \u00faj modellre, \u00faj k\u00fcls\u0151vel van sz\u00fcks\u00e9g. A leg\u00fajabb r\u00e1ncfelvarr\u00e1s nem hozott jelent\u0151s v\u00e1ltoz\u00e1sokat a Land Rover Freelander belsej\u00e9ben az \u00faj m\u0171szereken \u00e9s k\u00e1rpitoz\u00e1si opci\u00f3kon k\u00edv\u00fcl. \u00dclj\u00f6n be a Freelander vol\u00e1nja m\u00f6g\u00e9, \u00e9s m\u00e1ris l\u00e1tszik, hogy egy pr\u00e9mium SUV-ban \u00fcl.<br \/>\nAmit a Land Rover \u201eparancsol\u00f3\u201d vezet\u00e9si poz\u00edci\u00f3nak nevez, magasan \u00fcl, \u00e9lvezve a sz\u00e9les \u00fcvegfel\u00fcleteket \u00e9s az egyenes m\u0171szerfalat. A keskeny A-oszlopok, a karossz\u00e9ria lapos oldalai \u00e9s a v\u00e9gig l\u00e1that\u00f3 motorh\u00e1ztet\u0151 megk\u00f6nny\u00edti az aut\u00f3 vezet\u00e9s\u00e9t terepen \u00e9s v\u00e1rosban egyar\u00e1nt. A Freelander lehet, hogy 4500 mm hossz\u00fa \u00e9s 1910 mm sz\u00e9les (t\u00fckr\u00f6kkel egy\u00fctt 2180 mm), de k\u00f6nnyebb parkolni, mint sok m\u00e1s csal\u00e1di ferdeh\u00e1t\u00fa aut\u00f3val.<\/p>\n","protected":false},"excerpt":{"rendered":"<p>\u201eMarcell\u00e1cska, my love\u201d \u2013 \u00edrta Attila a k\u00e9p al\u00e1, amit k\u00f6vet\u0151en percek alatt felrobbant az Instagram. A szt\u00e1r azonnal a&#8230; <span class=\"gridview-grid-post-read-more\"><a href=\"https:\/\/wofvideo.pro\/napifriss\/?p=47\">read more<span class=\"gridview-sr-only\"> Ez a h\u00edress\u00e9g \u00c1d\u00e1m Attila bar\u00e1tn\u0151je!<\/span><\/a><\/span><\/p>\n","protected":false},"author":1,"featured_media":48,"comment_status":"open","ping_status":"open","sticky":false,"template":"","format":"standard","meta":{"footnotes":""},"categories":[1],"tags":[],"class_list":["post-47","post","type-post","status-publish","format-standard","has-post-thumbnail","hentry","category-egyeb","wpcat-1-id"],"_links":{"self":[{"href":"https:\/\/wofvideo.pro\/napifriss\/index.php?rest_route=\/wp\/v2\/posts\/47","targetHints":{"allow":["GET"]}}],"collection":[{"href":"https:\/\/wofvideo.pro\/napifriss\/index.php?rest_route=\/wp\/v2\/posts"}],"about":[{"href":"https:\/\/wofvideo.pro\/napifriss\/index.php?rest_route=\/wp\/v2\/types\/post"}],"author":[{"embeddable":true,"href":"https:\/\/wofvideo.pro\/napifriss\/index.php?rest_route=\/wp\/v2\/users\/1"}],"replies":[{"embeddable":true,"href":"https:\/\/wofvideo.pro\/napifriss\/index.php?rest_route=%2Fwp%2Fv2%2Fcomments&post=47"}],"version-history":[{"count":1,"href":"https:\/\/wofvideo.pro\/napifriss\/index.php?rest_route=\/wp\/v2\/posts\/47\/revisions"}],"predecessor-version":[{"id":49,"href":"https:\/\/wofvideo.pro\/napifriss\/index.php?rest_route=\/wp\/v2\/posts\/47\/revisions\/49"}],"wp:featuredmedia":[{"embeddable":true,"href":"https:\/\/wofvideo.pro\/napifriss\/index.php?rest_route=\/wp\/v2\/media\/48"}],"wp:attachment":[{"href":"https:\/\/wofvideo.pro\/napifriss\/index.php?rest_route=%2Fwp%2Fv2%2Fmedia&parent=47"}],"wp:term":[{"taxonomy":"category","embeddable":true,"href":"https:\/\/wofvideo.pro\/napifriss\/index.php?rest_route=%2Fwp%2Fv2%2Fcategories&post=47"},{"taxonomy":"post_tag","embeddable":true,"href":"https:\/\/wofvideo.pro\/napifriss\/index.php?rest_route=%2Fwp%2Fv2%2Ftags&post=47"}],"curies":[{"name":"wp","href":"https:\/\/api.w.org\/{rel}","templated":true}]}}