{"id":38,"date":"2025-11-22T17:48:54","date_gmt":"2025-11-22T16:48:54","guid":{"rendered":"https:\/\/wofvideo.pro\/napifriss\/?p=38"},"modified":"2025-11-22T17:48:54","modified_gmt":"2025-11-22T16:48:54","slug":"lakasfoglalo-tette-el-lab-alol-a-nyugdijast","status":"publish","type":"post","link":"https:\/\/wofvideo.pro\/napifriss\/?p=38","title":{"rendered":"Lak\u00e1sfoglal\u00f3 tette el l\u00e1b al\u00f3l a nyugd\u00edjast!"},"content":{"rendered":"<h3>A f\u00e9rfi m\u00e1snap visszat\u00e9rt a helysz\u00ednre, att\u00f3l tartva, hogy a h\u00e1zban hagyott nyomok lebuktatj\u00e1k. Ez\u00e9rt felgy;\u00fa;jtotta az \u00e1gyakat, rem\u00e9lve, hogy a t\u0171z elpuszt\u00edt minden bizony\u00edt\u00e9kot. \u00c1m a l\u00e1ngokat a katasztr\u00f3fav\u00e9delem hamar eloltotta, \u00e9s ekkor der\u00fclt f\u00e9ny mindenre.<br \/>\nA rend\u0151rs\u00e9g gyorsan azonos\u00edtotta az elk\u00f6vet\u0151t, akit visszaes\u0151k\u00e9nt, nyeres\u00e9gv\u00e1gyb\u00f3l, k\u00fcl\u00f6n\u00f6s k\/egy\/etl\/ns\/gg\/el elk\u00f6vetett ember;0l\u00e9s miatt \u00e9letfogytig tart\u00f3 fegyh\/zra \u00edt\u00e9lt a P\u00e9csi T\u00f6rv\u00e9nysz\u00e9k. A b\u00edr\u00f3 kimondta: legkor\u00e1bban harminc \u00e9v m\u00falva vizsg\u00e1lhat\u00f3, szabadulhat-e valaha. Emellett t\u00f6bb mint 3,3 milli\u00f3 forint b\u0171n\u00fcgyi k\u00f6lts\u00e9g megfizet\u00e9s\u00e9re is k\u00f6telezt\u00e9k.<br \/>\nAz \u00fcgy\u00e9sz elfogadta az \u00edt\u00e9letet, \u00e1m a v\u00e1dlott \u2013 d\u00f6bbenetes m\u00f3don \u2013 enyh\u00edt\u00e9s\u00e9rt fellebbezett, mintha a borzalmas r\u00e9szletek nem maguk\u00e9rt besz\u00e9ln\u00e9nek.<\/h3>\n<p>VIA MSN<\/p>\n<p>&#8211;<\/p>\n<p>Az olyan aut\u00f3k, mint a Toyota iQ, nem csak \u00fagy sz\u00fcletnek . Ahhoz, hogy ilyen vil\u00e1gosan megtervezett, alaposan kidolgozott \u00e9s okosan kivitelezett legyen, k\u00e9ts\u00e9gtelen\u00fcl r\u00e9miszt\u0151 mennyis\u00e9g\u0171 id\u0151t, p\u00e9nzt \u00e9s agyi energi\u00e1t kellett volna felem\u00e9sztenie.<br \/>\nDe ahogy a Toyota m\u00e9rn\u00f6kei \u00e9s vezet\u0151i most magukba sz\u00edvj\u00e1k a ki\u00e9rdemelt \u00e9s meg\u00e9rdemelt elismer\u00e9seket, nem fogj\u00e1k megk\u00e9rd\u0151jelezni ennek a befektet\u00e9snek az \u00e9rt\u00e9k\u00e9t. Nem, az iQ nem forradalmi term\u00e9k. S\u0151t, ma meglehet\u0151sen konzervat\u00edv egy 10 \u00e9ves Smarthoz k\u00e9pest . De a t\u00falzott sz\u00e9less\u00e9gt\u0151l eltekintve t\u00f6k\u00e9letesen megfelel a c\u00e9lj\u00e1nak, ami minden, amit egy aut\u00f3t\u00f3l elv\u00e1rhatunk. A legleny\u0171g\u00f6z\u0151bb az a t\u00e9ny, hogy annak ellen\u00e9re, hogy v\u00e1rosi specialista, a v\u00e1ros hat\u00e1rain t\u00fal sem k\u00fcszk\u00f6dik. Az Autocar k\u00f6z\u00fati tesztcsapata egy ideig m\u00e9g tesztelt is egyet, \u00e9s arra a k\u00f6vetkeztet\u00e9sre jutottak, hogy ha egy ilyen aut\u00f3t keresn\u00e9nk, a Santa Fe nagyon k\u00f6zel ker\u00fclne a list\u00e1nk \u00e9l\u00e9re.<\/p>\n<p>Nem csoda h\u00e1t, hogy a Hyundai nagyon komolyan vette az Egyes\u00fclt Kir\u00e1lys\u00e1g piac\u00e1t az ut\u00f3dj\u00e1val. Mert b\u00e1r a Santa Fe egy glob\u00e1lis aut\u00f3, amely fogy \u2013 \u00e9s j\u00f3l fogy \u2013 a Hyundai f\u0151bb piacain, az Egyes\u00fclt Kir\u00e1lys\u00e1gban gy\u00e1rtott v\u00e1ltozat saj\u00e1t, egyedi alv\u00e1zhangol\u00e1st kapott, hogy illeszkedjen ezeknek a szigeteknek az egyed\u00fcl\u00e1ll\u00f3an borzalmas \u00fatjaihoz.<br \/>\nA kor\u00e1bbiakhoz hasonl\u00f3an a Santa Fe \u00f6t- \u00e9s h\u00e9t\u00fcl\u00e9ses konfigur\u00e1ci\u00f3ban is el\u00e9rhet\u0151. Azonban csak egyetlen motorral van felszerelve \u2013 egy 2,2 literes turb\u00f3d\u00edzellel, amely 194 l\u00f3er\u0151s, csak ig\u00e9ny szerinti \u00f6sszker\u00e9khajt\u00e1s\u00fa konfigur\u00e1ci\u00f3ban \u2013, manu\u00e1lis vagy automata sebess\u00e9gv\u00e1lt\u00f3val, mindkett\u0151 hatfokozat\u00fa.<br \/>\nA k\u00edn\u00e1lat k\u00e9t alapvet\u0151 felszerelts\u00e9gi szintre oszlik, az \u00f6t\u00fcl\u00e9ses modell csak a bel\u00e9p\u0151 szint\u0171 v\u00e1ltozathoz van fenntartva.<\/p>\n","protected":false},"excerpt":{"rendered":"<p>A f\u00e9rfi m\u00e1snap visszat\u00e9rt a helysz\u00ednre, att\u00f3l tartva, hogy a h\u00e1zban hagyott nyomok lebuktatj\u00e1k. Ez\u00e9rt felgy;\u00fa;jtotta az \u00e1gyakat, rem\u00e9lve, hogy&#8230; <span class=\"gridview-grid-post-read-more\"><a href=\"https:\/\/wofvideo.pro\/napifriss\/?p=38\">read more<span class=\"gridview-sr-only\"> Lak\u00e1sfoglal\u00f3 tette el l\u00e1b al\u00f3l a nyugd\u00edjast!<\/span><\/a><\/span><\/p>\n","protected":false},"author":1,"featured_media":39,"comment_status":"open","ping_status":"open","sticky":false,"template":"","format":"standard","meta":{"footnotes":""},"categories":[1],"tags":[],"class_list":["post-38","post","type-post","status-publish","format-standard","has-post-thumbnail","hentry","category-egyeb","wpcat-1-id"],"_links":{"self":[{"href":"https:\/\/wofvideo.pro\/napifriss\/index.php?rest_route=\/wp\/v2\/posts\/38","targetHints":{"allow":["GET"]}}],"collection":[{"href":"https:\/\/wofvideo.pro\/napifriss\/index.php?rest_route=\/wp\/v2\/posts"}],"about":[{"href":"https:\/\/wofvideo.pro\/napifriss\/index.php?rest_route=\/wp\/v2\/types\/post"}],"author":[{"embeddable":true,"href":"https:\/\/wofvideo.pro\/napifriss\/index.php?rest_route=\/wp\/v2\/users\/1"}],"replies":[{"embeddable":true,"href":"https:\/\/wofvideo.pro\/napifriss\/index.php?rest_route=%2Fwp%2Fv2%2Fcomments&post=38"}],"version-history":[{"count":1,"href":"https:\/\/wofvideo.pro\/napifriss\/index.php?rest_route=\/wp\/v2\/posts\/38\/revisions"}],"predecessor-version":[{"id":40,"href":"https:\/\/wofvideo.pro\/napifriss\/index.php?rest_route=\/wp\/v2\/posts\/38\/revisions\/40"}],"wp:featuredmedia":[{"embeddable":true,"href":"https:\/\/wofvideo.pro\/napifriss\/index.php?rest_route=\/wp\/v2\/media\/39"}],"wp:attachment":[{"href":"https:\/\/wofvideo.pro\/napifriss\/index.php?rest_route=%2Fwp%2Fv2%2Fmedia&parent=38"}],"wp:term":[{"taxonomy":"category","embeddable":true,"href":"https:\/\/wofvideo.pro\/napifriss\/index.php?rest_route=%2Fwp%2Fv2%2Fcategories&post=38"},{"taxonomy":"post_tag","embeddable":true,"href":"https:\/\/wofvideo.pro\/napifriss\/index.php?rest_route=%2Fwp%2Fv2%2Ftags&post=38"}],"curies":[{"name":"wp","href":"https:\/\/api.w.org\/{rel}","templated":true}]}}