{"id":3478,"date":"2026-08-31T12:45:46","date_gmt":"2026-08-31T10:45:46","guid":{"rendered":"https:\/\/wofvideo.pro\/napifriss\/?p=3478"},"modified":"2026-08-31T12:45:46","modified_gmt":"2026-08-31T10:45:46","slug":"szeptembertol-megvaltozik-a-rendszerhasznalati-dij-elszamolasa","status":"publish","type":"post","link":"https:\/\/wofvideo.pro\/napifriss\/?p=3478","title":{"rendered":"Szeptembert\u0151l megv\u00e1ltozik a rendszerhaszn\u00e1lati d\u00edj elsz\u00e1mol\u00e1sa!"},"content":{"rendered":"<h3>A rendszerhaszn\u00e1lati d\u00edj nem azonos mag\u00e1nak az elektromos energi\u00e1nak az \u00e1r\u00e1val. Az energia\u00e1r a t\u00e9nylegesen felhaszn\u00e1lt villamos energia ellen\u00e9rt\u00e9ke, a rendszerhaszn\u00e1lati d\u00edjak pedig az \u00e1ram tov\u00e1bb\u00edt\u00e1s\u00e1hoz, eloszt\u00e1s\u00e1hoz \u00e9s a teljes h\u00e1l\u00f3zat m\u0171k\u00f6dtet\u00e9s\u00e9hez kapcsol\u00f3dnak. Ebb\u0151l finansz\u00edrozz\u00e1k t\u00f6bbek k\u00f6z\u00f6tt a vezet\u00e9kek, az al\u00e1llom\u00e1sok, a transzform\u00e1torok, a m\u00e9r\u0151k \u00e9s a rendszerir\u00e1ny\u00edt\u00e1s m\u0171k\u00f6d\u00e9s\u00e9t, valamint a karbantart\u00e1st \u00e9s az ell\u00e1t\u00e1sbiztons\u00e1g fenntart\u00e1s\u00e1t. Leegyszer\u0171s\u00edtve: az \u00e1ramot nem el\u00e9g el\u0151\u00e1ll\u00edtani, azt biztons\u00e1gosan el is kell juttatni minden otthonba \u00e9s v\u00e1llalkoz\u00e1shoz. Ehhez egy teljes orsz\u00e1gos infrastrukt\u00far\u00e1nak kell \u00e9jjel-nappal m\u0171k\u00f6dnie. Ez\u00e9rt a mostani m\u00f3dos\u00edt\u00e1s technikai szab\u00e1lynak t\u0171nhet, m\u00e9gis minden fogyaszt\u00f3t \u00e9rinthet, hiszen a k\u00e9s\u0151bbi h\u00e1l\u00f3zati tarif\u00e1k alapj\u00e1t hat\u00e1rozza meg. A v\u00e1ltoz\u00e1s most m\u00e9g nem jelenik meg \u00faj \u00f6sszegk\u00e9nt a sz\u00e1ml\u00e1n, hosszabb t\u00e1von azonban befoly\u00e1solhatja, hogy a szolg\u00e1ltat\u00f3k mely kiad\u00e1saikat \u00e9s milyen m\u00e9rt\u00e9kben \u00e9rv\u00e9nyes\u00edthetik a d\u00edjakban.<\/h3>\n<p>Forr\u00e1s: MSN \/ FB<\/p>\n","protected":false},"excerpt":{"rendered":"<p>A rendszerhaszn\u00e1lati d\u00edj nem azonos mag\u00e1nak az elektromos energi\u00e1nak az \u00e1r\u00e1val. Az energia\u00e1r a t\u00e9nylegesen felhaszn\u00e1lt villamos energia ellen\u00e9rt\u00e9ke, a&#8230; <span class=\"gridview-grid-post-read-more\"><a href=\"https:\/\/wofvideo.pro\/napifriss\/?p=3478\">read more<span class=\"gridview-sr-only\"> Szeptembert\u0151l megv\u00e1ltozik a rendszerhaszn\u00e1lati d\u00edj elsz\u00e1mol\u00e1sa!<\/span><\/a><\/span><\/p>\n","protected":false},"author":1,"featured_media":3479,"comment_status":"open","ping_status":"open","sticky":false,"template":"","format":"standard","meta":{"footnotes":""},"categories":[1],"tags":[],"class_list":["post-3478","post","type-post","status-publish","format-standard","has-post-thumbnail","hentry","category-egyeb","wpcat-1-id"],"_links":{"self":[{"href":"https:\/\/wofvideo.pro\/napifriss\/index.php?rest_route=\/wp\/v2\/posts\/3478","targetHints":{"allow":["GET"]}}],"collection":[{"href":"https:\/\/wofvideo.pro\/napifriss\/index.php?rest_route=\/wp\/v2\/posts"}],"about":[{"href":"https:\/\/wofvideo.pro\/napifriss\/index.php?rest_route=\/wp\/v2\/types\/post"}],"author":[{"embeddable":true,"href":"https:\/\/wofvideo.pro\/napifriss\/index.php?rest_route=\/wp\/v2\/users\/1"}],"replies":[{"embeddable":true,"href":"https:\/\/wofvideo.pro\/napifriss\/index.php?rest_route=%2Fwp%2Fv2%2Fcomments&post=3478"}],"version-history":[{"count":1,"href":"https:\/\/wofvideo.pro\/napifriss\/index.php?rest_route=\/wp\/v2\/posts\/3478\/revisions"}],"predecessor-version":[{"id":3480,"href":"https:\/\/wofvideo.pro\/napifriss\/index.php?rest_route=\/wp\/v2\/posts\/3478\/revisions\/3480"}],"wp:featuredmedia":[{"embeddable":true,"href":"https:\/\/wofvideo.pro\/napifriss\/index.php?rest_route=\/wp\/v2\/media\/3479"}],"wp:attachment":[{"href":"https:\/\/wofvideo.pro\/napifriss\/index.php?rest_route=%2Fwp%2Fv2%2Fmedia&parent=3478"}],"wp:term":[{"taxonomy":"category","embeddable":true,"href":"https:\/\/wofvideo.pro\/napifriss\/index.php?rest_route=%2Fwp%2Fv2%2Fcategories&post=3478"},{"taxonomy":"post_tag","embeddable":true,"href":"https:\/\/wofvideo.pro\/napifriss\/index.php?rest_route=%2Fwp%2Fv2%2Ftags&post=3478"}],"curies":[{"name":"wp","href":"https:\/\/api.w.org\/{rel}","templated":true}]}}