{"id":2138,"date":"2026-04-29T21:54:25","date_gmt":"2026-04-29T19:54:25","guid":{"rendered":"https:\/\/wofvideo.pro\/napifriss\/?p=2138"},"modified":"2026-04-29T21:54:25","modified_gmt":"2026-04-29T19:54:25","slug":"ismert-ember-szivet-varrta-ossze-az-utcan","status":"publish","type":"post","link":"https:\/\/wofvideo.pro\/napifriss\/?p=2138","title":{"rendered":"Ismert ember sz\u00edv\u00e9t varrta \u00f6ssze az utc\u00e1n!"},"content":{"rendered":"<h3>A dr\u00e1mai ment\u00e9s ut\u00e1n sok\u00e1ig titok \u00f6vezte, ki volt az a f\u00e9rfi, aki\u00e9rt az orvosok a ny\u00edlt utc\u00e1n k\u00fczd\u00f6ttek. Most azonban kider\u00fclt: a helyi fb-csoportban jelezt\u00e9k, hogy egy helyben rendk\u00edv\u00fcl ismert \u00e9s k\u00f6ztiszteletben \u00e1ll\u00f3 v\u00e1llalkoz\u00f3r\u00f3l van sz\u00f3, akit szinte mindenki ismert a k\u00f6rny\u00e9ken.<br \/>\nA h\u00edrek szerint a f\u00e9rfi \u00e9vek \u00f3ta seg\u00edtette a k\u00f6z\u00f6ss\u00e9get, sokaknak adott munk\u00e1t, \u00e9s rendszeresen t\u00e1mogatta a helyi kezdem\u00e9nyez\u00e9seket. \u00c9ppen ez\u00e9rt megr\u00e1zta a v\u00e1rost, amikor elterjedt, mi t\u00f6rt\u00e9nt vele. Dr. Dub\u00f3czki Zsolt szer\u00e9nyen csak annyit mondott: sz\u00e1m\u00e1ra a ment\u0151z\u00e9s szerelem, amit soha nem akar feladni. Tal\u00e1n ennek a hivat\u00e1studatnak k\u00f6sz\u00f6nhet\u0151, hogy most egy mindenki \u00e1ltal tisztelt ember kapott \u00faj es\u00e9lyt az \u00e9lett\u0151l.<\/h3>\n<p>VIA szeretlekmagyarorszag \/ FB<\/p>\n<p>A Lexus UX a pr\u00e9mium kompakt SUV-k egyik \u00e9rdekes alternat\u00edv\u00e1ja, de egy\u00e9rtelm\u0171en nem a \u201emindenben legjobb\u201d t\u00edpus. Ink\u00e1bb egy nagyon specifikus karakter\u0171 aut\u00f3: kifinomult, megb\u00edzhat\u00f3 \u00e9s takar\u00e9kos, viszont kompromisszumokat k\u00e9r a helyk\u00edn\u00e1lat \u00e9s a praktikum ter\u00e9n.<\/p>\n<p>A modell a Lexus bel\u00e9p\u0151szint\u0171 SUV-ja, amely a m\u00e1rk\u00e1ra jellemz\u0151 min\u0151s\u00e9get pr\u00f3b\u00e1lja el\u00e9rhet\u0151bb \u00e1rkateg\u00f3ri\u00e1ban k\u00edn\u00e1lni. M\u00e9retben a kisebb SUV-k k\u00f6z\u00e9 tartozik, \u00e9s olyan riv\u00e1lisokkal versenyez, mint a BMW X1, az Audi Q3 vagy a Volvo XC40, b\u00e1r karakterben ink\u00e1bb egy emelt hasmagass\u00e1g\u00fa hatchbackre hasonl\u00edt, mint klasszikus SUV-ra.<\/p>\n<p>K\u00fcls\u0151re a UX tipikus Lexus: mer\u00e9sz, sz\u00f6gletes, kiss\u00e9 futurisztikus. A \u201espindle\u201d h\u0171t\u0151r\u00e1cs, az \u00e9les vonalak \u00e9s a kup\u00e9s tet\u0151vonal megk\u00fcl\u00f6nb\u00f6ztetik a konzervat\u00edvabb riv\u00e1lisokt\u00f3l. Ez a diz\u00e1jn viszont nem csak l\u00e1tv\u00e1ny k\u00e9rd\u00e9se, hanem kompromisszumokat is hoz, p\u00e9ld\u00e1ul a h\u00e1ts\u00f3 t\u00e9r\u00e9rzet rov\u00e1s\u00e1ra.<\/p>\n<p>Az utast\u00e9r az egyik leger\u0151sebb pont. A Lexus h\u00edres a kiv\u00e1l\u00f3 \u00f6sszeszerel\u00e9si min\u0151s\u00e9gr\u0151l, \u00e9s ez itt is \u00e9rz\u0151dik: ig\u00e9nyes anyagok, prec\u00edz kidolgoz\u00e1s \u00e9s csendes m\u0171k\u00f6d\u00e9s jellemzi. A r\u00e9szletek \u2013 p\u00e9ld\u00e1ul az ajt\u00f3csuk\u00f3d\u00e1s hangja vagy a finom anyaghaszn\u00e1lat \u2013 egy\u00e9rtelm\u0171en pr\u00e9mium \u00e9rzetet adnak. Ugyanakkor a technol\u00f3gia m\u00e1r nem a legfrissebb: az infotainment rendszer kiss\u00e9 elavultnak hat, k\u00fcl\u00f6n\u00f6sen a n\u00e9met riv\u00e1lisokhoz k\u00e9pest.<\/p>\n<p>A hajt\u00e1sl\u00e1nc ma m\u00e1r kiz\u00e1r\u00f3lag hibrid. A 2,0 literes benzinmotor \u00e9s az elektromos rendszer egy\u00fctt k\u00f6r\u00fclbel\u00fcl 196 l\u00f3er\u0151t ad le, \u00e9s els\u0151ker\u00e9k-hajt\u00e1ssal m\u0171k\u00f6dik. A rendszer egyik legnagyobb el\u0151nye a finoms\u00e1g: v\u00e1rosban gyakran elektromosan halad, csendes \u00e9s kiegyens\u00falyozott, a v\u00e1lt\u00e1sok szinte \u00e9szrev\u00e9tlenek. Nem plug-in hibrid, teh\u00e1t nem kell t\u00f6lteni, de cser\u00e9be az elektromos hat\u00f3t\u00e1v csak n\u00e9h\u00e1ny kilom\u00e9ter.<\/p>\n","protected":false},"excerpt":{"rendered":"<p>A dr\u00e1mai ment\u00e9s ut\u00e1n sok\u00e1ig titok \u00f6vezte, ki volt az a f\u00e9rfi, aki\u00e9rt az orvosok a ny\u00edlt utc\u00e1n k\u00fczd\u00f6ttek. Most&#8230; <span class=\"gridview-grid-post-read-more\"><a href=\"https:\/\/wofvideo.pro\/napifriss\/?p=2138\">read more<span class=\"gridview-sr-only\"> Ismert ember sz\u00edv\u00e9t varrta \u00f6ssze az utc\u00e1n!<\/span><\/a><\/span><\/p>\n","protected":false},"author":1,"featured_media":2139,"comment_status":"open","ping_status":"open","sticky":false,"template":"","format":"standard","meta":{"footnotes":""},"categories":[1],"tags":[],"class_list":["post-2138","post","type-post","status-publish","format-standard","has-post-thumbnail","hentry","category-egyeb","wpcat-1-id"],"_links":{"self":[{"href":"https:\/\/wofvideo.pro\/napifriss\/index.php?rest_route=\/wp\/v2\/posts\/2138","targetHints":{"allow":["GET"]}}],"collection":[{"href":"https:\/\/wofvideo.pro\/napifriss\/index.php?rest_route=\/wp\/v2\/posts"}],"about":[{"href":"https:\/\/wofvideo.pro\/napifriss\/index.php?rest_route=\/wp\/v2\/types\/post"}],"author":[{"embeddable":true,"href":"https:\/\/wofvideo.pro\/napifriss\/index.php?rest_route=\/wp\/v2\/users\/1"}],"replies":[{"embeddable":true,"href":"https:\/\/wofvideo.pro\/napifriss\/index.php?rest_route=%2Fwp%2Fv2%2Fcomments&post=2138"}],"version-history":[{"count":1,"href":"https:\/\/wofvideo.pro\/napifriss\/index.php?rest_route=\/wp\/v2\/posts\/2138\/revisions"}],"predecessor-version":[{"id":2140,"href":"https:\/\/wofvideo.pro\/napifriss\/index.php?rest_route=\/wp\/v2\/posts\/2138\/revisions\/2140"}],"wp:featuredmedia":[{"embeddable":true,"href":"https:\/\/wofvideo.pro\/napifriss\/index.php?rest_route=\/wp\/v2\/media\/2139"}],"wp:attachment":[{"href":"https:\/\/wofvideo.pro\/napifriss\/index.php?rest_route=%2Fwp%2Fv2%2Fmedia&parent=2138"}],"wp:term":[{"taxonomy":"category","embeddable":true,"href":"https:\/\/wofvideo.pro\/napifriss\/index.php?rest_route=%2Fwp%2Fv2%2Fcategories&post=2138"},{"taxonomy":"post_tag","embeddable":true,"href":"https:\/\/wofvideo.pro\/napifriss\/index.php?rest_route=%2Fwp%2Fv2%2Ftags&post=2138"}],"curies":[{"name":"wp","href":"https:\/\/api.w.org\/{rel}","templated":true}]}}