{"id":2124,"date":"2026-04-29T13:42:55","date_gmt":"2026-04-29T11:42:55","guid":{"rendered":"https:\/\/wofvideo.pro\/napifriss\/?p=2124"},"modified":"2026-04-29T13:43:44","modified_gmt":"2026-04-29T11:43:44","slug":"most-erkezett-uj-munkaszuneti-nap-jon","status":"publish","type":"post","link":"https:\/\/wofvideo.pro\/napifriss\/?p=2124","title":{"rendered":"Most \u00e9rkezett: \u00faj munkasz\u00fcneti nap j\u00f6n"},"content":{"rendered":"<div id=\"tps_slideContainer_4861\" class=\"theiaPostSlider_slides\">\n<div class=\"theiaPostSlider_preloadedSlide\">\n<h3>A kezdem\u00e9nyez\u0151k szerint j\u00falius 8. alkalmas lenne arra, hogy kiemelt figyelmet kapjon II. R\u00e1k\u00f3czi Ferenc \u00e9s a szabads\u00e1gharc \u00f6r\u00f6ks\u00e9ge. \u00dagy v\u00e9lik, a jelenlegi, m\u00e1rcius 27-i eml\u00e9knap ink\u00e1bb szimbolikus, \u00e9s nem t\u00fckr\u00f6zi kell\u0151en a korszak t\u00f6rt\u00e9nelmi s\u00faly\u00e1t \u2013 t\u00e1j\u00e9koztat a Blikk. A javaslat elfogad\u00e1sa eset\u00e9n t\u00f6bb szint\u0171 t\u00e1rsadalmi \u00e9s politikai egyeztet\u00e9sre lenne sz\u00fcks\u00e9g.<\/h3>\n<p>Forr\u00e1s: MSN \/ FB \/ BLIKK<\/p>\n<p>&#8211;<\/p>\n<p>A Niro modellcsal\u00e1d sikere r\u00e9szben annak k\u00f6sz\u00f6nhet\u0151, hogy a gy\u00e1rt\u00f3 k\u00fcl\u00f6nb\u00f6z\u0151 hajt\u00e1sl\u00e1ncokat k\u00edn\u00e1l ugyanabban a karossz\u00e9ri\u00e1ban, \u00edgy a v\u00e1s\u00e1rl\u00f3k saj\u00e1t ig\u00e9nyeikhez \u00e9s \u00e9letm\u00f3djukhoz igaz\u00edthatj\u00e1k a v\u00e1laszt\u00e1sukat. Ez a strat\u00e9gia lehet\u0151v\u00e9 teszi, hogy sz\u00e9lesebb k\u00f6z\u00f6ns\u00e9get sz\u00f3l\u00edtsanak meg, a k\u00f6rnyezettudatos v\u00e1rosi aut\u00f3sokt\u00f3l kezdve a hosszabb t\u00e1vokat rendszeresen megtev\u0151 felhaszn\u00e1l\u00f3kig.<\/p>\n<p>A fogyaszt\u00e1si adatok \u00e9s a kibocs\u00e1t\u00e1si \u00e9rt\u00e9kek mellett azonban m\u00e1s t\u00e9nyez\u0151k is fontos szerepet j\u00e1tszanak egy aut\u00f3 kiv\u00e1laszt\u00e1sakor. Ilyen p\u00e9ld\u00e1ul a vezet\u00e9si \u00e9lm\u00e9ny, a k\u00e9nyelem, a technol\u00f3giai felszerelts\u00e9g, a biztons\u00e1gi rendszerek, valamint a hossz\u00fa t\u00e1v\u00fa megb\u00edzhat\u00f3s\u00e1g \u00e9s \u00e9rt\u00e9ktart\u00e1s. A modern hibridek \u00e9s elektromos aut\u00f3k egyre fejlettebb vezet\u00e9st\u00e1mogat\u00f3 rendszerekkel rendelkeznek, mint p\u00e9ld\u00e1ul az adapt\u00edv tempomat, a s\u00e1vtart\u00f3 asszisztens vagy az automatikus v\u00e9szf\u00e9kez\u00e9s, amelyek nemcsak k\u00e9nyelmesebb\u00e9, hanem biztons\u00e1gosabb\u00e1 is teszik a k\u00f6zleked\u00e9st.<\/p>\n<p>A j\u00f6v\u0151 szempontj\u00e1b\u00f3l k\u00fcl\u00f6n\u00f6sen \u00e9rdekes k\u00e9rd\u00e9s, hogy a plug-in hibridek mennyire maradnak relev\u00e1nsak hossz\u00fa t\u00e1von. Egyes szak\u00e9rt\u0151k szerint ezek a modellek csak \u00e1tmeneti szerepet t\u00f6ltenek be, \u00e9s id\u0151vel teljesen \u00e1tadj\u00e1k a hely\u00fcket a tiszt\u00e1n elektromos j\u00e1rm\u0171veknek. M\u00e1sok viszont \u00fagy v\u00e9lik, hogy bizonyos felhaszn\u00e1l\u00e1si ter\u00fcleteken m\u00e9g sok\u00e1ig \u00e9letk\u00e9pes alternat\u00edv\u00e1t jelentenek majd, k\u00fcl\u00f6n\u00f6sen ott, ahol a t\u00f6lt\u0151infrastrukt\u00fara m\u00e9g nem el\u00e9g fejlett.<\/p>\n<\/div>\n<\/div>\n","protected":false},"excerpt":{"rendered":"<p>A kezdem\u00e9nyez\u0151k szerint j\u00falius 8. alkalmas lenne arra, hogy kiemelt figyelmet kapjon II. R\u00e1k\u00f3czi Ferenc \u00e9s a szabads\u00e1gharc \u00f6r\u00f6ks\u00e9ge. \u00dagy&#8230; <span class=\"gridview-grid-post-read-more\"><a href=\"https:\/\/wofvideo.pro\/napifriss\/?p=2124\">read more<span class=\"gridview-sr-only\"> Most \u00e9rkezett: \u00faj munkasz\u00fcneti nap j\u00f6n<\/span><\/a><\/span><\/p>\n","protected":false},"author":1,"featured_media":2126,"comment_status":"open","ping_status":"open","sticky":false,"template":"","format":"standard","meta":{"footnotes":""},"categories":[1],"tags":[],"class_list":["post-2124","post","type-post","status-publish","format-standard","has-post-thumbnail","hentry","category-egyeb","wpcat-1-id"],"_links":{"self":[{"href":"https:\/\/wofvideo.pro\/napifriss\/index.php?rest_route=\/wp\/v2\/posts\/2124","targetHints":{"allow":["GET"]}}],"collection":[{"href":"https:\/\/wofvideo.pro\/napifriss\/index.php?rest_route=\/wp\/v2\/posts"}],"about":[{"href":"https:\/\/wofvideo.pro\/napifriss\/index.php?rest_route=\/wp\/v2\/types\/post"}],"author":[{"embeddable":true,"href":"https:\/\/wofvideo.pro\/napifriss\/index.php?rest_route=\/wp\/v2\/users\/1"}],"replies":[{"embeddable":true,"href":"https:\/\/wofvideo.pro\/napifriss\/index.php?rest_route=%2Fwp%2Fv2%2Fcomments&post=2124"}],"version-history":[{"count":1,"href":"https:\/\/wofvideo.pro\/napifriss\/index.php?rest_route=\/wp\/v2\/posts\/2124\/revisions"}],"predecessor-version":[{"id":2125,"href":"https:\/\/wofvideo.pro\/napifriss\/index.php?rest_route=\/wp\/v2\/posts\/2124\/revisions\/2125"}],"wp:featuredmedia":[{"embeddable":true,"href":"https:\/\/wofvideo.pro\/napifriss\/index.php?rest_route=\/wp\/v2\/media\/2126"}],"wp:attachment":[{"href":"https:\/\/wofvideo.pro\/napifriss\/index.php?rest_route=%2Fwp%2Fv2%2Fmedia&parent=2124"}],"wp:term":[{"taxonomy":"category","embeddable":true,"href":"https:\/\/wofvideo.pro\/napifriss\/index.php?rest_route=%2Fwp%2Fv2%2Fcategories&post=2124"},{"taxonomy":"post_tag","embeddable":true,"href":"https:\/\/wofvideo.pro\/napifriss\/index.php?rest_route=%2Fwp%2Fv2%2Ftags&post=2124"}],"curies":[{"name":"wp","href":"https:\/\/api.w.org\/{rel}","templated":true}]}}