{"id":2121,"date":"2026-04-28T19:32:52","date_gmt":"2026-04-28T17:32:52","guid":{"rendered":"https:\/\/wofvideo.pro\/napifriss\/?p=2121"},"modified":"2026-04-28T19:32:52","modified_gmt":"2026-04-28T17:32:52","slug":"pusztito-tanacsot-ad-rubint-reka-a-szakerto-szerint","status":"publish","type":"post","link":"https:\/\/wofvideo.pro\/napifriss\/?p=2121","title":{"rendered":"Puszt\u00edt\u00f3 tan\u00e1csot ad Rubint R\u00e9ka a szak\u00e9rt\u0151 szerint!"},"content":{"rendered":"<h3>Szentesi \u00c9va ezut\u00e1n nem fogta vissza mag\u00e1t, \u00e9s brut\u00e1lis szavakkal ment neki a celebvil\u00e1g egyik legismertebb p\u00e1ros\u00e1nak. Szerinte emberek eg\u00e9szs\u00e9g\u00e9vel j\u00e1tszani \u00e9s hamis rem\u00e9nyt kelteni megbocs\u00e1thatatlan. Nem ez az els\u0151 \u00f6sszecsap\u00e1s k\u00f6zt\u00fck: kor\u00e1bban Schobert Norbi n\u0151kr\u0151l tett kijelent\u00e9sei miatt is nyilv\u00e1nosan b\u00edr\u00e1lta a h\u00e1zasp\u00e1rt. Akkor egyetlen sz\u00f3val foglalta \u00f6ssze v\u00e9lem\u00e9ny\u00e9t: \u201ePuszt\u00edt\u00f3!\u201d Most \u00fagy t\u0171nik, a h\u00e1b0r\u00fa \u00fajra fell\u00e1ngolt \u2013 \u00e9s ez\u00fattal m\u00e9g nagyobbat sz\u00f3lhat, mint valaha.<\/h3>\n<p>VIA Story<\/p>\n<p>\u00c9rdekes kontraszt, hogy mik\u00f6zben az aut\u00f3 technikailag rendk\u00edv\u00fcl kifinomult, a haszn\u00e1lat k\u00f6zben sokszor a \u201ecsendess\u00e9g \u00e9s egyszer\u0171s\u00e9g\u201d \u00e9rz\u00e9se domin\u00e1l. A Prius nem akar sportaut\u00f3 lenni, nem akar luxuslimuzin lenni, \u00e9s nem akar t\u00falkomplik\u00e1lt \u00e9lm\u00e9nyt adni. Ink\u00e1bb egy olyan eszk\u00f6z, amely \u00e9szrev\u00e9tlen\u00fcl teszi a dolg\u00e1t: olcs\u00f3n, hat\u00e9konyan \u00e9s kisz\u00e1m\u00edthat\u00f3an k\u00f6zlekedik, mik\u00f6zben a vezet\u0151nek nem kell folyamatosan kompromisszumokat \u00e9reznie a mindennapokban.<br \/>\nA hossz\u00fa t\u00e1v\u00fa teszt alapj\u00e1n a Toyota Prius jelenlegi gener\u00e1ci\u00f3ja egy\u00e9rtelm\u0171en t\u00fall\u00e9pett a kor\u00e1bbi \u201ez\u00f6ld aut\u00f3\u201d szerepen. M\u00e1r nem csak a fogyaszt\u00e1sr\u00f3l sz\u00f3l, hanem arr\u00f3l is, hogy egy teljes \u00e9rt\u00e9k\u0171, modern csal\u00e1di aut\u00f3 legyen, amely k\u00e9pes hossz\u00fa utakon is k\u00e9nyelmet, v\u00e1rosban pedig hat\u00e9konys\u00e1got ny\u00fajtani. A leger\u0151sebb \u00e9rve tov\u00e1bbra is a rendk\u00edv\u00fcl alacsony \u00fczemeltet\u00e9si k\u00f6lts\u00e9g \u00e9s a megb\u00edzhat\u00f3 hibrid technol\u00f3gia, de mellette m\u00e1r ott van a jobb vezethet\u0151s\u00e9g, a komolyabb teljes\u00edtm\u00e9ny \u00e9s a sokkal kiforrottabb \u00f6sszhat\u00e1s is. Ez az a pont, ahol a Prius v\u00e9gleg kil\u00e9pett a \u201efurcsa takar\u00e9kos aut\u00f3\u201d kateg\u00f3ri\u00e1b\u00f3l, \u00e9s egy teljesen re\u00e1lis alternat\u00edv\u00e1v\u00e1 v\u00e1lt a hagyom\u00e1nyos kompakt csal\u00e1di modellek mellett.<\/p>\n<p>A Dacia Bigster hossz\u00fa t\u00e1v\u00fa tesztje a 155 l\u00f3er\u0151s Hybrid 155 hajt\u00e1sl\u00e1nccal nagyon j\u00f3l r\u00e1vil\u00e1g\u00edt arra, hogy a m\u00e1rka pontosan mit is akar ezzel a modellel: rengeteg helyet, j\u00f3 fogyaszt\u00e1st \u00e9s modern hibrid technik\u00e1t adni olyan \u00e1ron, ami m\u00e9g mindig a \u201eDacia-logik\u00e1n\u201d bel\u00fcl marad, vagyis l\u00e9nyegesen olcs\u00f3bb, mint a legt\u00f6bb k\u00f6z\u00e9pkateg\u00f3ri\u00e1s SUV. A tesztaut\u00f3 els\u0151 benyom\u00e1sai alapj\u00e1n a Bigster nem pr\u00f3b\u00e1l pr\u00e9mium lenni, ink\u00e1bb egy praktikus, nagy, racion\u00e1lis csal\u00e1di SUV, amely tudatosan v\u00e1llalja a k\u00f6lts\u00e9ghat\u00e9kony megold\u00e1sokat, de k\u00f6zben meglep\u0151en sok modern technol\u00f3gi\u00e1t is ad.<\/p>\n","protected":false},"excerpt":{"rendered":"<p>Szentesi \u00c9va ezut\u00e1n nem fogta vissza mag\u00e1t, \u00e9s brut\u00e1lis szavakkal ment neki a celebvil\u00e1g egyik legismertebb p\u00e1ros\u00e1nak. Szerinte emberek eg\u00e9szs\u00e9g\u00e9vel&#8230; <span class=\"gridview-grid-post-read-more\"><a href=\"https:\/\/wofvideo.pro\/napifriss\/?p=2121\">read more<span class=\"gridview-sr-only\"> Puszt\u00edt\u00f3 tan\u00e1csot ad Rubint R\u00e9ka a szak\u00e9rt\u0151 szerint!<\/span><\/a><\/span><\/p>\n","protected":false},"author":1,"featured_media":2122,"comment_status":"open","ping_status":"open","sticky":false,"template":"","format":"standard","meta":{"footnotes":""},"categories":[1],"tags":[],"class_list":["post-2121","post","type-post","status-publish","format-standard","has-post-thumbnail","hentry","category-egyeb","wpcat-1-id"],"_links":{"self":[{"href":"https:\/\/wofvideo.pro\/napifriss\/index.php?rest_route=\/wp\/v2\/posts\/2121","targetHints":{"allow":["GET"]}}],"collection":[{"href":"https:\/\/wofvideo.pro\/napifriss\/index.php?rest_route=\/wp\/v2\/posts"}],"about":[{"href":"https:\/\/wofvideo.pro\/napifriss\/index.php?rest_route=\/wp\/v2\/types\/post"}],"author":[{"embeddable":true,"href":"https:\/\/wofvideo.pro\/napifriss\/index.php?rest_route=\/wp\/v2\/users\/1"}],"replies":[{"embeddable":true,"href":"https:\/\/wofvideo.pro\/napifriss\/index.php?rest_route=%2Fwp%2Fv2%2Fcomments&post=2121"}],"version-history":[{"count":1,"href":"https:\/\/wofvideo.pro\/napifriss\/index.php?rest_route=\/wp\/v2\/posts\/2121\/revisions"}],"predecessor-version":[{"id":2123,"href":"https:\/\/wofvideo.pro\/napifriss\/index.php?rest_route=\/wp\/v2\/posts\/2121\/revisions\/2123"}],"wp:featuredmedia":[{"embeddable":true,"href":"https:\/\/wofvideo.pro\/napifriss\/index.php?rest_route=\/wp\/v2\/media\/2122"}],"wp:attachment":[{"href":"https:\/\/wofvideo.pro\/napifriss\/index.php?rest_route=%2Fwp%2Fv2%2Fmedia&parent=2121"}],"wp:term":[{"taxonomy":"category","embeddable":true,"href":"https:\/\/wofvideo.pro\/napifriss\/index.php?rest_route=%2Fwp%2Fv2%2Fcategories&post=2121"},{"taxonomy":"post_tag","embeddable":true,"href":"https:\/\/wofvideo.pro\/napifriss\/index.php?rest_route=%2Fwp%2Fv2%2Ftags&post=2121"}],"curies":[{"name":"wp","href":"https:\/\/api.w.org\/{rel}","templated":true}]}}