{"id":2114,"date":"2026-04-28T18:06:17","date_gmt":"2026-04-28T16:06:17","guid":{"rendered":"https:\/\/wofvideo.pro\/napifriss\/?p=2114"},"modified":"2026-04-28T18:06:36","modified_gmt":"2026-04-28T16:06:36","slug":"brutal-sotet-jovot-josol-nostredamus-orban-viktornak","status":"publish","type":"post","link":"https:\/\/wofvideo.pro\/napifriss\/?p=2114","title":{"rendered":"Brut\u00e1l s\u00f6t\u00e9t j\u00f6v\u0151t j\u00f3sol Nostredamus Orb\u00e1n Viktornak!"},"content":{"rendered":"<h3>A legijeszt\u0151bb r\u00e9sz csak ezut\u00e1n k\u00f6vetkezik. A vitatott pr\u00f3f\u00e9cia szerint a bukott vezet\u0151re \u201emag\u00e1ny v\u00e1r, mik\u00f6zben h\u00edvei \u00faj urat keresnek\u201d. Elemz\u0151k szerint Orb\u00e1n legnagyobb vesz\u00e9lye most m\u00e1r nem az ellenz\u00e9k, hanem a saj\u00e1t t\u00e1bora lehet.<br \/>\nA Fideszben egyre t\u00f6bben besz\u00e9lnek teljes meg\u00fajul\u00e1sr\u00f3l, mik\u00f6zben a p\u00e1rt 16 \u00e9v ut\u00e1n ellenz\u00e9kbe szorult. Ha a bels\u0151 er\u0151viszonyok megmozdulnak, k\u00f6nnyen lehet, hogy a k\u00f6vetkez\u0151 csata m\u00e1r nem Magyar P\u00e9terrel, hanem h\u00e1zon bel\u00fcl zajlik majd.<br \/>\nHogy Nostredamus t\u00e9nyleg Orb\u00e1n Viktorr\u00f3l \u00edrt-e? Ezt senki sem tudja. De ha a j\u00f3slat k\u00f6vetkez\u0151 r\u00e9sze is igaznak bizonyul, akkor a v\u00e1laszt\u00e1si veres\u00e9g csak az els\u0151 felvon\u00e1s volt\u2026 a val\u00f3di dr\u00e1ma m\u00e9g most kezd\u0151dik.<\/h3>\n<p>VIA MSN<\/p>\n<p>Vezet\u00e9s k\u00f6zben a Scenic ink\u00e1bb a nyugalomr\u00f3l \u00e9s a kiegyens\u00falyozotts\u00e1gr\u00f3l sz\u00f3l, mint az \u00e9lm\u00e9nyr\u0151l. A korm\u00e1nyz\u00e1s k\u00f6nny\u0171 \u00e9s gyors, ami v\u00e1rosban el\u0151ny, de aut\u00f3p\u00e1ly\u00e1n n\u00e9mi megszok\u00e1st ig\u00e9nyel, mert folyamatos korrekci\u00f3t k\u00edv\u00e1n. A fut\u00f3m\u0171 hangol\u00e1sa kiss\u00e9 feszes, k\u00fcl\u00f6n\u00f6sen a nagyobb kerekekkel szerelt v\u00e1ltozatok eset\u00e9ben, ami azt jelenti, hogy rosszabb min\u0151s\u00e9g\u0171 utakon \u00e9rezhet\u0151bbek az \u00fathib\u00e1k. Ugyanakkor ez a be\u00e1ll\u00edt\u00e1s seg\u00edt kord\u00e1ban tartani az aut\u00f3 t\u00f6meg\u00e9t \u00e9s stabilit\u00e1s\u00e1t, \u00edgy \u00f6sszess\u00e9g\u00e9ben j\u00f3l haszn\u00e1lhat\u00f3 kompromisszum.<br \/>\nA mindennapi haszn\u00e1lhat\u00f3s\u00e1g ter\u00e9n a Scenic er\u0151s: k\u00f6nnyen vezethet\u0151, j\u00f3l man\u0151verezhet\u0151, \u00e9s a regenerat\u00edv f\u00e9kez\u00e9snek k\u00f6sz\u00f6nhet\u0151en ak\u00e1r egyped\u00e1los m\u00f3dban is vezethet\u0151, ami v\u00e1rosi forgalomban k\u00fcl\u00f6n\u00f6sen k\u00e9nyelmes. Ugyanakkor vannak gyenge pontok is, p\u00e9ld\u00e1ul a h\u00e1trafel\u00e9 val\u00f3 kil\u00e1t\u00e1s, amely a keskeny h\u00e1ts\u00f3 ablak \u00e9s a vastag oszlopok miatt korl\u00e1tozott, \u00edgy a tolat\u00f3kamera \u00e9s a parkol\u00f3rendszerek szinte elengedhetetlenek.<br \/>\nBiztons\u00e1g ter\u00e9n a modell er\u0151s alapokra \u00e9p\u00edt: \u00f6tcsillagos t\u00f6r\u00e9steszt-eredm\u00e9nnyel rendelkezik, \u00e9s m\u00e1r alap\u00e1ron is sz\u00e1mos vezet\u00e9st\u00e1mogat\u00f3 rendszert k\u00edn\u00e1l, mint p\u00e9ld\u00e1ul adapt\u00edv tempomat, holtt\u00e9rfigyel\u0151 \u00e9s fejlett vil\u00e1g\u00edt\u00e1si rendszerek. Ez tov\u00e1bb er\u0151s\u00edti a csal\u00e1di aut\u00f3k\u00e9nt bet\u00f6lt\u00f6tt szerep\u00e9t, hiszen a biztons\u00e1g ebben a szegmensben kulcsk\u00e9rd\u00e9s.<br \/>\n\u00d6sszess\u00e9g\u00e9ben a Renault Scenic E-Tech egy \u00e1tgondolt, modern elektromos csal\u00e1di aut\u00f3, amely sok szempontb\u00f3l j\u00f3l eltal\u00e1lt kompromisszum. Nem olyan praktikus, mint a r\u00e9gi egyter\u0171 Scenic-ek, \u00e9s nem is a legk\u00e9nyelmesebb vagy legizgalmasabb vezet\u00e9si \u00e9lm\u00e9nyt ny\u00fajtja a kateg\u00f3ri\u00e1ban, viszont kiegyens\u00falyozott, hat\u00e9kony \u00e9s j\u00f3l felszerelt. A nagy hat\u00f3t\u00e1v, a modern technol\u00f3gia \u00e9s a csal\u00e1dbar\u00e1t t\u00e9rk\u00edn\u00e1lat egy\u00fcttese miatt k\u00fcl\u00f6n\u00f6sen vonz\u00f3 lehet azok sz\u00e1m\u00e1ra, akik egy hosszabb t\u00e1von is haszn\u00e1lhat\u00f3, korszer\u0171 elektromos aut\u00f3t keresnek, an\u00e9lk\u00fcl hogy pr\u00e9mium \u00e1rkateg\u00f3ri\u00e1ba kellene l\u00e9pni\u00fck.<\/p>\n","protected":false},"excerpt":{"rendered":"<p>A legijeszt\u0151bb r\u00e9sz csak ezut\u00e1n k\u00f6vetkezik. A vitatott pr\u00f3f\u00e9cia szerint a bukott vezet\u0151re \u201emag\u00e1ny v\u00e1r, mik\u00f6zben h\u00edvei \u00faj urat keresnek\u201d&#8230;. <span class=\"gridview-grid-post-read-more\"><a href=\"https:\/\/wofvideo.pro\/napifriss\/?p=2114\">read more<span class=\"gridview-sr-only\"> Brut\u00e1l s\u00f6t\u00e9t j\u00f6v\u0151t j\u00f3sol Nostredamus Orb\u00e1n Viktornak!<\/span><\/a><\/span><\/p>\n","protected":false},"author":1,"featured_media":2115,"comment_status":"open","ping_status":"open","sticky":false,"template":"","format":"standard","meta":{"footnotes":""},"categories":[1],"tags":[],"class_list":["post-2114","post","type-post","status-publish","format-standard","has-post-thumbnail","hentry","category-egyeb","wpcat-1-id"],"_links":{"self":[{"href":"https:\/\/wofvideo.pro\/napifriss\/index.php?rest_route=\/wp\/v2\/posts\/2114","targetHints":{"allow":["GET"]}}],"collection":[{"href":"https:\/\/wofvideo.pro\/napifriss\/index.php?rest_route=\/wp\/v2\/posts"}],"about":[{"href":"https:\/\/wofvideo.pro\/napifriss\/index.php?rest_route=\/wp\/v2\/types\/post"}],"author":[{"embeddable":true,"href":"https:\/\/wofvideo.pro\/napifriss\/index.php?rest_route=\/wp\/v2\/users\/1"}],"replies":[{"embeddable":true,"href":"https:\/\/wofvideo.pro\/napifriss\/index.php?rest_route=%2Fwp%2Fv2%2Fcomments&post=2114"}],"version-history":[{"count":1,"href":"https:\/\/wofvideo.pro\/napifriss\/index.php?rest_route=\/wp\/v2\/posts\/2114\/revisions"}],"predecessor-version":[{"id":2116,"href":"https:\/\/wofvideo.pro\/napifriss\/index.php?rest_route=\/wp\/v2\/posts\/2114\/revisions\/2116"}],"wp:featuredmedia":[{"embeddable":true,"href":"https:\/\/wofvideo.pro\/napifriss\/index.php?rest_route=\/wp\/v2\/media\/2115"}],"wp:attachment":[{"href":"https:\/\/wofvideo.pro\/napifriss\/index.php?rest_route=%2Fwp%2Fv2%2Fmedia&parent=2114"}],"wp:term":[{"taxonomy":"category","embeddable":true,"href":"https:\/\/wofvideo.pro\/napifriss\/index.php?rest_route=%2Fwp%2Fv2%2Fcategories&post=2114"},{"taxonomy":"post_tag","embeddable":true,"href":"https:\/\/wofvideo.pro\/napifriss\/index.php?rest_route=%2Fwp%2Fv2%2Ftags&post=2114"}],"curies":[{"name":"wp","href":"https:\/\/api.w.org\/{rel}","templated":true}]}}