{"id":2104,"date":"2026-04-28T11:32:57","date_gmt":"2026-04-28T09:32:57","guid":{"rendered":"https:\/\/wofvideo.pro\/napifriss\/?p=2104"},"modified":"2026-04-28T11:32:57","modified_gmt":"2026-04-28T09:32:57","slug":"varatlan-fordulat-marki-zay-peter-lesz-az-uj","status":"publish","type":"post","link":"https:\/\/wofvideo.pro\/napifriss\/?p=2104","title":{"rendered":"V\u00e1ratlan fordulat: M\u00e1rki-Zay P\u00e9ter lesz az \u00faj"},"content":{"rendered":"<div id=\"tps_slideContainer_4832\" class=\"theiaPostSlider_slides\">\n<div class=\"theiaPostSlider_preloadedSlide\">\n<h3>A kijelent\u00e9s az\u00e9rt is kapott figyelmet, mert Sulyok Tam\u00e1s j\u00f6v\u0151je az ut\u00f3bbi id\u0151ben politikai vit\u00e1k k\u00f6z\u00e9ppontj\u00e1ba ker\u00fclt. Magyar P\u00e9ter kor\u00e1bban t\u00f6bbsz\u00f6r is arr\u00f3l besz\u00e9lt, hogy Sulyok Tam\u00e1st alkalmatlannak tartja a k\u00f6zt\u00e1rsas\u00e1gi eln\u00f6ki tiszts\u00e9gre, \u00e9s szerinte az \u00faj korm\u00e1ny megalakul\u00e1sa ut\u00e1n t\u00e1voznia kellene hivatal\u00e1b\u00f3l. Ezzel p\u00e1rhuzamosan pet\u00edci\u00f3 is indult az\u00e9rt, hogy Sulyok kit\u00f6ltse mand\u00e1tum\u00e1t, a kezdem\u00e9nyez\u00e9st pedig a Fidesz-frakci\u00f3 \u00e9s Orb\u00e1n Viktor is megosztotta. M\u00e1rki-Zay k\u00e9s\u0151bb k\u00fcl\u00f6n is reag\u00e1lt a felvet\u00e9sre. Bejegyz\u00e9s\u00e9ben azt \u00edrta, hogy megtisztel\u0151nek tartja, ha sokan lehets\u00e9ges k\u00f6zt\u00e1rsas\u00e1gi eln\u00f6kk\u00e9nt gondolnak r\u00e1, majd hozz\u00e1tette: egy k\u00f6zvetlen\u00fcl v\u00e1lasztott \u00e1llamf\u0151nek nem puszt\u00e1n protokoll\u00e1ris szerepet kellene bet\u00f6ltenie, hanem f\u00e9kk\u00e9nt \u00e9s ellens\u00falyk\u00e9nt is m\u0171k\u00f6dnie kellene a mindenkori hatalommal szemben. V\u00e9g\u00fcl egy\u00e9rtelm\u0171en fogalmazott: \u201eHa lenne k\u00f6zvetlen eln\u00f6kv\u00e1laszt\u00e1s, minden bizonnyal induln\u00e9k\u201d.<\/h3>\n<p>Forr\u00e1s: MSN \/ FB<\/p>\n<p>&#8211;<\/p>\n<p>B\u00e1r a rendszer nem el\u00e9g er\u0151s ahhoz, hogy teljes \u00e9rt\u00e9k\u0171 egyped\u00e1los vezet\u00e9st tegyen lehet\u0151v\u00e9 \u2013 mint p\u00e9ld\u00e1ul a Nissan Leaf e-Pedal rendszere \u2013, m\u00e9gis hasznos \u00e9s \u00e9lvezetes funkci\u00f3. K\u00fcl\u00f6n\u00f6sen olyan helyzetekben j\u00f6n j\u00f3l, mint p\u00e9ld\u00e1ul egy k\u00f6rforgalom megk\u00f6zel\u00edt\u00e9se vagy lass\u00fa, araszol\u00f3 forgalomban val\u00f3 halad\u00e1s, ahol a f\u00e9kped\u00e1l haszn\u00e1lata n\u00e9lk\u00fcl is finoman lehet szab\u00e1lyozni a sebess\u00e9get. Emellett az energia-visszanyer\u00e9s r\u00e9v\u00e9n minden egyes lass\u00edt\u00e1s hozz\u00e1j\u00e1rul az akkumul\u00e1tor t\u00f6lt\u00e9s\u00e9hez, ami hosszabb t\u00e1von jav\u00edtja az \u00fczemanyag-hat\u00e9konys\u00e1got \u00e9s cs\u00f6kkenti a fogyaszt\u00e1st.<\/p>\n<p>A hagyom\u00e1nyos f\u00e9krendszer is j\u00f3l teljes\u00edt: a f\u00e9kek er\u0151sek, \u00e9s a ped\u00e1l\u00e9rzet kifejezetten meggy\u0151z\u0151. A vezet\u0151 k\u00f6nnyen adagolhatja a f\u00e9ker\u0151t, ami kulcsfontoss\u00e1g\u00fa a sima, r\u00e1ngat\u00e1smentes meg\u00e1ll\u00e1sokhoz. Ez k\u00fcl\u00f6n\u00f6sen v\u00e1rosi k\u00f6zleked\u00e9sn\u00e9l fontos, ahol a gyakori meg\u00e1ll\u00e1sok \u00e9s elindul\u00e1sok sor\u00e1n a finom kontroll jelent\u0151sen n\u00f6veli a komfort\u00e9rzetet. Az eg\u00e9sz rendszer \u00f6sszhangban m\u0171k\u00f6dik a hibrid hajt\u00e1ssal, \u00edgy a lass\u00edt\u00e1s nemcsak biztons\u00e1gos, hanem hat\u00e9kony is, hiszen k\u00f6zben energi\u00e1t is visszanyer.<\/p>\n<p>CR-V hibrid \u00e9s plug-in hibrid v\u00e1ltozatai olyan technol\u00f3giai megold\u00e1sokat k\u00edn\u00e1lnak, amelyek nemcsak a hat\u00e9konys\u00e1got n\u00f6velik, hanem a vezet\u00e9si \u00e9lm\u00e9nyt is finomabb\u00e1, term\u00e9szetesebb\u00e9 teszik. Az aut\u00f3 nem pr\u00f3b\u00e1l sportos lenni minden \u00e1ron, hanem ink\u00e1bb egy kiegyens\u00falyozott, j\u00f3l haszn\u00e1lhat\u00f3 \u00e9s hossz\u00fa t\u00e1von is k\u00e9nyelmes alternat\u00edv\u00e1t k\u00edn\u00e1l azok sz\u00e1m\u00e1ra, akik modern, r\u00e9szben vagy teljesen elektromos k\u00f6zleked\u00e9sre v\u00e1gynak an\u00e9lk\u00fcl, hogy lemondan\u00e1nak a hagyom\u00e1nyos aut\u00f3z\u00e1s megszokott el\u0151nyeir\u0151l.<\/p>\n<\/div>\n<\/div>\n","protected":false},"excerpt":{"rendered":"<p>A kijelent\u00e9s az\u00e9rt is kapott figyelmet, mert Sulyok Tam\u00e1s j\u00f6v\u0151je az ut\u00f3bbi id\u0151ben politikai vit\u00e1k k\u00f6z\u00e9ppontj\u00e1ba ker\u00fclt. Magyar P\u00e9ter kor\u00e1bban&#8230; <span class=\"gridview-grid-post-read-more\"><a href=\"https:\/\/wofvideo.pro\/napifriss\/?p=2104\">read more<span class=\"gridview-sr-only\"> V\u00e1ratlan fordulat: M\u00e1rki-Zay P\u00e9ter lesz az \u00faj<\/span><\/a><\/span><\/p>\n","protected":false},"author":1,"featured_media":2105,"comment_status":"open","ping_status":"open","sticky":false,"template":"","format":"standard","meta":{"footnotes":""},"categories":[1],"tags":[],"class_list":["post-2104","post","type-post","status-publish","format-standard","has-post-thumbnail","hentry","category-egyeb","wpcat-1-id"],"_links":{"self":[{"href":"https:\/\/wofvideo.pro\/napifriss\/index.php?rest_route=\/wp\/v2\/posts\/2104","targetHints":{"allow":["GET"]}}],"collection":[{"href":"https:\/\/wofvideo.pro\/napifriss\/index.php?rest_route=\/wp\/v2\/posts"}],"about":[{"href":"https:\/\/wofvideo.pro\/napifriss\/index.php?rest_route=\/wp\/v2\/types\/post"}],"author":[{"embeddable":true,"href":"https:\/\/wofvideo.pro\/napifriss\/index.php?rest_route=\/wp\/v2\/users\/1"}],"replies":[{"embeddable":true,"href":"https:\/\/wofvideo.pro\/napifriss\/index.php?rest_route=%2Fwp%2Fv2%2Fcomments&post=2104"}],"version-history":[{"count":1,"href":"https:\/\/wofvideo.pro\/napifriss\/index.php?rest_route=\/wp\/v2\/posts\/2104\/revisions"}],"predecessor-version":[{"id":2106,"href":"https:\/\/wofvideo.pro\/napifriss\/index.php?rest_route=\/wp\/v2\/posts\/2104\/revisions\/2106"}],"wp:featuredmedia":[{"embeddable":true,"href":"https:\/\/wofvideo.pro\/napifriss\/index.php?rest_route=\/wp\/v2\/media\/2105"}],"wp:attachment":[{"href":"https:\/\/wofvideo.pro\/napifriss\/index.php?rest_route=%2Fwp%2Fv2%2Fmedia&parent=2104"}],"wp:term":[{"taxonomy":"category","embeddable":true,"href":"https:\/\/wofvideo.pro\/napifriss\/index.php?rest_route=%2Fwp%2Fv2%2Fcategories&post=2104"},{"taxonomy":"post_tag","embeddable":true,"href":"https:\/\/wofvideo.pro\/napifriss\/index.php?rest_route=%2Fwp%2Fv2%2Ftags&post=2104"}],"curies":[{"name":"wp","href":"https:\/\/api.w.org\/{rel}","templated":true}]}}