{"id":1690,"date":"2026-03-17T17:54:35","date_gmt":"2026-03-17T16:54:35","guid":{"rendered":"https:\/\/wofvideo.pro\/napifriss\/?p=1690"},"modified":"2026-03-17T17:54:35","modified_gmt":"2026-03-17T16:54:35","slug":"toth-gabi-balheja-a-bekemeneten","status":"publish","type":"post","link":"https:\/\/wofvideo.pro\/napifriss\/?p=1690","title":{"rendered":"T\u00f3th Gabi balh\u00e9ja a B\u00e9kemeneten!"},"content":{"rendered":"<h3>Zsolt egy sokkal s\u00falyosabb t\u00e9m\u00e1t dobott be: egy \u00e1ll\u00edt\u00f3lagos zsaro\/\u00e1si \u00fcgyet. A k\u00e9rd\u00e9s dermeszt\u0151 volt \u2013 Gabi pedig teljesen kikelt mag\u00e1b\u00f3l. Hangosan, szinte \u00fcv\u00f6ltve utas\u00edtotta vissza a v\u00e1dakat: szerinte ez hazugs\u00e1g, \u00e9s felh\u00e1bor\u00edt\u00f3nak tartja, hogy ilyeneket \u00e1ll\u00edtanak r\u00f3la. A jelenet kaotikus volt, az indulatok elszabadultak, a kamera pedig mindent r\u00f6gz\u00edtett.<br \/>\nA t\u00f6rt\u00e9net azonban itt nem \u00e9rt v\u00e9get. Zsolt k\u00e9s\u0151bb azt \u00e1ll\u00edtotta, hogy 2024-ben feljelent\u00e9st tett egy zsaro\/\u00e1si \u00fcgy miatt, amelyben szerinte k\u00f6zvetett kapcsolat mutathat\u00f3 ki Gabi \u00e9s az elk\u00f6vet\u0151 k\u00f6z\u00f6tt. Elmond\u00e1sa szerint egy titkos tal\u00e1lkoz\u00f3n megpr\u00f3b\u00e1lt\u00e1k r\u00e1k\u00e9nyszer\u00edteni, hogy hagyja abba az \u00e9nekesn\u0151r\u0151l sz\u00f3l\u00f3 tartalmakat, s\u0151t bocs\u00e1natk\u00e9r\u00e9st is k\u00f6veteltek t\u0151le. Ha nem teszi meg \u2013 \u00e1ll\u00edt\u00e1sa szerint \u2013 s\u00falyos lej\u00e1rat\u00f3 kamp\u00e1nnyal fenyegett\u00e9k meg.<br \/>\nFontos azonban: Zsolt maga sem \u00e1ll\u00edtja egy\u00e9rtelm\u0171en, hogy T\u00f3th Gabi k\u00f6zvetlen\u00fcl r\u00e9szt vett volna ebben \u2013 de szerinte a sz\u00e1lak egy\u00e9rtelm\u0171en \u00f6sszek\u00f6thet\u0151k. Az \u00fcgy jelenleg is \u00e9rz\u00e9keny, \u00e9s jogilag nem lez\u00e1rt.<\/h3>\n<p>VIA Blikk<\/p>\n<p>Az Isuzu D-Max egy klasszikus \u00e9rtelemben vett, robusztus pickup, amelyet eredetileg munkag\u00e9pk\u00e9nt terveztek, de az \u00e9vek sor\u00e1n egyre ink\u00e1bb t\u00f6bbc\u00e9l\u00fa j\u00e1rm\u0171v\u00e9 v\u00e1lt, \u00edgy ma m\u00e1r nemcsak ipari vagy mez\u0151gazdas\u00e1gi felhaszn\u00e1l\u00e1sra, hanem csal\u00e1di aut\u00f3k\u00e9nt is meg\u00e1llja a hely\u00e9t. A modell els\u0151 gener\u00e1ci\u00f3ja m\u00e9g 2012-ben jelent meg, \u00e9s akkoriban els\u0151sorban tart\u00f3ss\u00e1g\u00e1val, egyszer\u0171s\u00e9g\u00e9vel \u00e9s megb\u00edzhat\u00f3s\u00e1g\u00e1val pr\u00f3b\u00e1lta megnyerni a v\u00e1s\u00e1rl\u00f3kat, k\u00fcl\u00f6n\u00f6sen azokat, akik kem\u00e9ny fizikai munk\u00e1ra kerestek eszk\u00f6zt. Az\u00f3ta azonban a D-Max jelent\u0151s fejl\u0151d\u00e9sen ment kereszt\u00fcl, \u00e9s a leg\u00fajabb v\u00e1ltozatok m\u00e1r sokkal kifinomultabbak, technol\u00f3giailag fejlettebbek \u00e9s komfortosabbak, mik\u00f6zben meg\u0151rizt\u00e9k azt az alapvet\u0151 karaktert, amely miatt a modell n\u00e9pszer\u0171 lett.<\/p>\n<p>A folyamatos friss\u00edt\u00e9seknek k\u00f6sz\u00f6nhet\u0151en a D-Max k\u00e9pes volt l\u00e9p\u00e9st tartani a konkurensekkel, b\u00e1r bizonyos ter\u00fcleteken m\u00e9g mindig elmarad a kateg\u00f3ria \u00e9lmez\u0151ny\u00e9t\u0151l. A 2025-\u00f6s modellfriss\u00edt\u00e9s p\u00e9ld\u00e1ul finoman \u00e1tdolgozott k\u00fcls\u0151t hozott, \u00faj els\u0151 l\u00e9gbe\u00f6ml\u0151kkel, m\u00f3dos\u00edtott motorh\u00e1ztet\u0151vel \u00e9s modernebb vil\u00e1g\u00edt\u00e1ssal, m\u00edg h\u00e1tul \u00faj l\u00e1mp\u00e1k \u00e9s \u00e1ttervezett csomagt\u00e9rajt\u00f3 jelent meg. A bels\u0151 t\u00e9rben szint\u00e9n t\u00f6rt\u00e9nt el\u0151rel\u00e9p\u00e9s, k\u00fcl\u00f6n\u00f6sen az infotainment rendszer ter\u00e9n, amely imm\u00e1r felhaszn\u00e1l\u00f3bar\u00e1tabb \u00e9s nagyobb kijelz\u0151vel rendelkezik, \u00edgy jobban illeszkedik a mai elv\u00e1r\u00e1sokhoz. Emellett a biztons\u00e1gi rendszereket is tov\u00e1bbfejlesztett\u00e9k, p\u00e9ld\u00e1ul sz\u00e9lesebb l\u00e1t\u00f3sz\u00f6g\u0171 kamer\u00e1kkal, amelyek pontosabban \u00e9rz\u00e9kelik a gyalogosokat, ker\u00e9kp\u00e1rosokat \u00e9s m\u00e1s k\u00f6zleked\u0151ket, ez\u00e1ltal n\u00f6velve a vezet\u00e9s biztons\u00e1g\u00e1t.<\/p>\n<p>A D-Max egyik legnagyobb er\u0151ss\u00e9ge tov\u00e1bbra is a terepk\u00e9pess\u00e9ge. Az \u00f6sszker\u00e9khajt\u00e1s kapcsolhat\u00f3 menet k\u00f6zben, ami k\u00fcl\u00f6n\u00f6sen hasznos v\u00e1ltoz\u00f3 \u00fatviszonyok k\u00f6z\u00f6tt, m\u00edg az \u00fagynevezett Rough Terrain m\u00f3d seg\u00edt a cs\u00fasz\u00f3s, neh\u00e9z terepen val\u00f3 halad\u00e1sban az\u00e1ltal, hogy optimaliz\u00e1lja az elektronikus rendszerek m\u0171k\u00f6d\u00e9s\u00e9t. Ez a funkci\u00f3 lehet\u0151v\u00e9 teszi, hogy a j\u00e1rm\u0171 m\u00e9g rossz tapad\u00e1si viszonyok k\u00f6z\u00f6tt is stabil maradjon, \u00edgy p\u00e9ld\u00e1ul s\u00e1ros vagy jeges \u00fatfel\u00fcleten is magabiztosan haladhatunk. A 3,5 tonn\u00e1s vontat\u00e1si kapacit\u00e1s \u00e9s az egy tonna feletti teherb\u00edr\u00e1s szint\u00e9n azt mutatja, hogy a D-Max val\u00f3di munkag\u00e9p, amely komoly fizikai feladatok ell\u00e1t\u00e1s\u00e1ra k\u00e9sz\u00fclt.<\/p>\n","protected":false},"excerpt":{"rendered":"<p>Zsolt egy sokkal s\u00falyosabb t\u00e9m\u00e1t dobott be: egy \u00e1ll\u00edt\u00f3lagos zsaro\/\u00e1si \u00fcgyet. A k\u00e9rd\u00e9s dermeszt\u0151 volt \u2013 Gabi pedig teljesen kikelt&#8230; <span class=\"gridview-grid-post-read-more\"><a href=\"https:\/\/wofvideo.pro\/napifriss\/?p=1690\">read more<span class=\"gridview-sr-only\"> T\u00f3th Gabi balh\u00e9ja a B\u00e9kemeneten!<\/span><\/a><\/span><\/p>\n","protected":false},"author":1,"featured_media":1691,"comment_status":"open","ping_status":"open","sticky":false,"template":"","format":"standard","meta":{"footnotes":""},"categories":[1],"tags":[],"class_list":["post-1690","post","type-post","status-publish","format-standard","has-post-thumbnail","hentry","category-egyeb","wpcat-1-id"],"_links":{"self":[{"href":"https:\/\/wofvideo.pro\/napifriss\/index.php?rest_route=\/wp\/v2\/posts\/1690","targetHints":{"allow":["GET"]}}],"collection":[{"href":"https:\/\/wofvideo.pro\/napifriss\/index.php?rest_route=\/wp\/v2\/posts"}],"about":[{"href":"https:\/\/wofvideo.pro\/napifriss\/index.php?rest_route=\/wp\/v2\/types\/post"}],"author":[{"embeddable":true,"href":"https:\/\/wofvideo.pro\/napifriss\/index.php?rest_route=\/wp\/v2\/users\/1"}],"replies":[{"embeddable":true,"href":"https:\/\/wofvideo.pro\/napifriss\/index.php?rest_route=%2Fwp%2Fv2%2Fcomments&post=1690"}],"version-history":[{"count":1,"href":"https:\/\/wofvideo.pro\/napifriss\/index.php?rest_route=\/wp\/v2\/posts\/1690\/revisions"}],"predecessor-version":[{"id":1692,"href":"https:\/\/wofvideo.pro\/napifriss\/index.php?rest_route=\/wp\/v2\/posts\/1690\/revisions\/1692"}],"wp:featuredmedia":[{"embeddable":true,"href":"https:\/\/wofvideo.pro\/napifriss\/index.php?rest_route=\/wp\/v2\/media\/1691"}],"wp:attachment":[{"href":"https:\/\/wofvideo.pro\/napifriss\/index.php?rest_route=%2Fwp%2Fv2%2Fmedia&parent=1690"}],"wp:term":[{"taxonomy":"category","embeddable":true,"href":"https:\/\/wofvideo.pro\/napifriss\/index.php?rest_route=%2Fwp%2Fv2%2Fcategories&post=1690"},{"taxonomy":"post_tag","embeddable":true,"href":"https:\/\/wofvideo.pro\/napifriss\/index.php?rest_route=%2Fwp%2Fv2%2Ftags&post=1690"}],"curies":[{"name":"wp","href":"https:\/\/api.w.org\/{rel}","templated":true}]}}