{"id":1671,"date":"2026-03-16T19:53:20","date_gmt":"2026-03-16T18:53:20","guid":{"rendered":"https:\/\/wofvideo.pro\/napifriss\/?p=1671"},"modified":"2026-03-16T19:53:20","modified_gmt":"2026-03-16T18:53:20","slug":"oriasit-hibazott-eloben-curtis","status":"publish","type":"post","link":"https:\/\/wofvideo.pro\/napifriss\/?p=1671","title":{"rendered":"\u00d3ri\u00e1sit hib\u00e1zott \u00e9l\u0151ben Curtis!"},"content":{"rendered":"<h3>A rapper v\u00e9g\u00fcl a m\u0171sor ut\u00e1n \u00fagy \u00e9rezte, meg kell sz\u00f3lalnia a bakir\u00f3l. Egy bejegyz\u00e9sben magyar\u00e1zta el, milyen elk\u00e9peszt\u0151en s\u0171r\u0171 h\u00e9t \u00e1ll m\u00f6g\u00f6tte: \u00f6t pr\u00f3ba \u00e9s h\u00e1rom fell\u00e9p\u00e9s, r\u00e1ad\u00e1sul vas\u00e1rnap m\u00e1r hajnalban kelt. Mint \u00edrta, a dalt term\u00e9szetesen tudta, mind\u00f6ssze egy sor cs\u00faszott el, amit a kimer\u00fclts\u00e9g sz\u00e1ml\u00e1j\u00e1ra \u00edr. Curtis azt is hangs\u00falyozta, hogy a produkci\u00f3t a pr\u00f3b\u00e1kon rengetegszer hib\u00e1tlanul el\u0151adt\u00e1k, \u00e9s a k\u00f6vetkez\u0151 hetek sem lesznek k\u00f6nnyebbek: \u00fajabb pr\u00f3b\u00e1k \u00e9s fell\u00e9p\u00e9sek v\u00e1rnak r\u00e1. Egy dolgot azonban meg\u00edg\u00e9rt a rajong\u00f3knak \u2013 mindent megtesz az\u00e9rt, hogy legk\u00f6zelebb m\u00e1r hib\u00e1tlan produkci\u00f3val \u00e1lljon sz\u00ednpadra.<\/h3>\n<p>VIA Blikk<\/p>\n<p>A m\u00e1sik gyakorlati szempont a csomagtart\u00f3 m\u00e9rete. Itt is a Kia mutat er\u0151sebb sz\u00e1mokkal: 435 literes csomagt\u00e9rrel rendelkezik, m\u00edg a Megane 389 litert k\u00edn\u00e1l. A k\u00fcl\u00f6nbs\u00e9g nem hatalmas, de amikor babakocsit, bev\u00e1s\u00e1rl\u00e1st, utaz\u00e1si poggy\u00e1szt vagy sportfelszerel\u00e9st kell elhelyezni, akkor minden plusz liter sz\u00e1m\u00edt. A h\u00e1ts\u00f3 \u00fcl\u00e9sek lehajt\u00e1s\u00e1val a Kia m\u00e9g nagyobb teret k\u00edn\u00e1l, ami szint\u00e9n praktikusabb\u00e1 teszi nagyobb csal\u00e1dok vagy gyakori utaz\u00f3k sz\u00e1m\u00e1ra.<\/p>\n<p>\u00c9rdemes megvizsg\u00e1lni azt is, hogyan viselkednek ezek az aut\u00f3k menet k\u00f6zben. A Renault Megane lend\u00fcletesebbnek \u00e9rz\u0151dik a visszajelz\u00e9sek szerint, k\u00f6sz\u00f6nhet\u0151en kiss\u00e9 feszesebb felf\u00fcggeszt\u00e9s\u00e9nek \u00e9s gyorsabb reakci\u00f3inak. Ez sportosabb benyom\u00e1st kelthet, ha valaki \u00e9lvezi a dinamikusabb vezet\u00e9st, vagy sokat aut\u00f3zik kanyarg\u00f3s utakon. A Kia viszont ink\u00e1bb komfortosabb be\u00e1ll\u00edt\u00e1sokat haszn\u00e1l, ami sim\u00e1bb rug\u00f3z\u00e1st \u00e9s nyugodtabb utaz\u00e1st k\u00edn\u00e1l, k\u00fcl\u00f6n\u00f6sen hosszabb, egyenes \u00faton t\u00f6rt\u00e9n\u0151 aut\u00f3z\u00e1sn\u00e1l vagy v\u00e1rosi tr\u00e9kkel\u00e9sn\u00e9l. Ez a k\u00fcl\u00f6nbs\u00e9g fontos lehet azok sz\u00e1m\u00e1ra, akik sz\u00e1m\u00e1ra a menetk\u00e9nyelem a priorit\u00e1s, m\u00edg m\u00e1sok sz\u00e1m\u00e1ra a sportosabb \u00e9lm\u00e9ny lehet vonz\u00f3bb.<\/p>\n<p>A felszerelts\u00e9g \u00e9s a technol\u00f3giai r\u00e9szletek tekintet\u00e9ben mindk\u00e9t modell magas sz\u00ednvonalat k\u00e9pvisel. A Kia EV4 a m\u00e1rk\u00e1ra jellemz\u0151 modern infotainment rendszerekkel \u00e9s vezet\u00e9st\u00e1mogat\u00f3 funkci\u00f3kkal \u00e9rkezik \u2013 p\u00e9ld\u00e1ul adapt\u00edv tempomattal, s\u00e1vtart\u00f3 asszisztenssel \u00e9s egy sor olyan k\u00e9nyelmi szolg\u00e1ltat\u00e1ssal, amelyeket ma m\u00e1r egy csal\u00e1di aut\u00f3t\u00f3l elv\u00e1runk. A Renault Megane szint\u00e9n hasonl\u00f3 funkci\u00f3kat k\u00edn\u00e1l, bele\u00e9rtve a nagym\u00e9ret\u0171 digit\u00e1lis kijelz\u0151t \u00e9s a multim\u00e9di\u00e1s rendszert, amely t\u00e1mogatja az okostelefonos integr\u00e1ci\u00f3t. A kialak\u00edt\u00e1sokban vannak elt\u00e9r\u00e9sek: a Megane bels\u0151 t\u00e9rben sokak szerint egy kicsit j\u00e1t\u00e9kosabb, francia hangulat\u00fa diz\u00e1jnt kapott, m\u00edg a Kia bels\u0151 r\u00e9szleteiben ink\u00e1bb letisztult, funkcion\u00e1lis megold\u00e1sokat haszn\u00e1l.<\/p>\n","protected":false},"excerpt":{"rendered":"<p>A rapper v\u00e9g\u00fcl a m\u0171sor ut\u00e1n \u00fagy \u00e9rezte, meg kell sz\u00f3lalnia a bakir\u00f3l. Egy bejegyz\u00e9sben magyar\u00e1zta el, milyen elk\u00e9peszt\u0151en s\u0171r\u0171&#8230; <span class=\"gridview-grid-post-read-more\"><a href=\"https:\/\/wofvideo.pro\/napifriss\/?p=1671\">read more<span class=\"gridview-sr-only\"> \u00d3ri\u00e1sit hib\u00e1zott \u00e9l\u0151ben Curtis!<\/span><\/a><\/span><\/p>\n","protected":false},"author":1,"featured_media":1672,"comment_status":"open","ping_status":"open","sticky":false,"template":"","format":"standard","meta":{"footnotes":""},"categories":[1],"tags":[],"class_list":["post-1671","post","type-post","status-publish","format-standard","has-post-thumbnail","hentry","category-egyeb","wpcat-1-id"],"_links":{"self":[{"href":"https:\/\/wofvideo.pro\/napifriss\/index.php?rest_route=\/wp\/v2\/posts\/1671","targetHints":{"allow":["GET"]}}],"collection":[{"href":"https:\/\/wofvideo.pro\/napifriss\/index.php?rest_route=\/wp\/v2\/posts"}],"about":[{"href":"https:\/\/wofvideo.pro\/napifriss\/index.php?rest_route=\/wp\/v2\/types\/post"}],"author":[{"embeddable":true,"href":"https:\/\/wofvideo.pro\/napifriss\/index.php?rest_route=\/wp\/v2\/users\/1"}],"replies":[{"embeddable":true,"href":"https:\/\/wofvideo.pro\/napifriss\/index.php?rest_route=%2Fwp%2Fv2%2Fcomments&post=1671"}],"version-history":[{"count":1,"href":"https:\/\/wofvideo.pro\/napifriss\/index.php?rest_route=\/wp\/v2\/posts\/1671\/revisions"}],"predecessor-version":[{"id":1674,"href":"https:\/\/wofvideo.pro\/napifriss\/index.php?rest_route=\/wp\/v2\/posts\/1671\/revisions\/1674"}],"wp:featuredmedia":[{"embeddable":true,"href":"https:\/\/wofvideo.pro\/napifriss\/index.php?rest_route=\/wp\/v2\/media\/1672"}],"wp:attachment":[{"href":"https:\/\/wofvideo.pro\/napifriss\/index.php?rest_route=%2Fwp%2Fv2%2Fmedia&parent=1671"}],"wp:term":[{"taxonomy":"category","embeddable":true,"href":"https:\/\/wofvideo.pro\/napifriss\/index.php?rest_route=%2Fwp%2Fv2%2Fcategories&post=1671"},{"taxonomy":"post_tag","embeddable":true,"href":"https:\/\/wofvideo.pro\/napifriss\/index.php?rest_route=%2Fwp%2Fv2%2Ftags&post=1671"}],"curies":[{"name":"wp","href":"https:\/\/api.w.org\/{rel}","templated":true}]}}