{"id":1668,"date":"2026-03-16T19:00:00","date_gmt":"2026-03-16T18:00:00","guid":{"rendered":"https:\/\/wofvideo.pro\/napifriss\/?p=1668"},"modified":"2026-03-16T19:00:00","modified_gmt":"2026-03-16T18:00:00","slug":"jon-a-nagy-husveti-nyugdijas-tamogatas","status":"publish","type":"post","link":"https:\/\/wofvideo.pro\/napifriss\/?p=1668","title":{"rendered":"J\u00f6n a nagy H\u00fasv\u00e9ti Nyugd\u00edjas t\u00e1mogat\u00e1s!"},"content":{"rendered":"<h3>A t\u00e1mogat\u00e1s azonban nem j\u00e1r automatikusan: ig\u00e9nyelni kell. Az \u00e9rintettek online, szem\u00e9lyesen vagy ak\u00e1r postai \u00faton is beny\u00fajthatj\u00e1k majd a k\u00e9relm\u00fcket, a pontos felt\u00e9teleket \u00e9s a sz\u00fcks\u00e9ges dokumentumokat pedig a hivatalos korm\u00e1nyzati port\u00e1lokon teszik k\u00f6zz\u00e9. A v\u00e9gs\u0151 \u00f6sszeg att\u00f3l f\u00fcgg majd, hogy ki milyen anyagi helyzetben van \u00e9s h\u00e1ny csal\u00e1dtagr\u00f3l gondoskodik. Egy biztos: a h\u00fasv\u00e9t k\u00f6zeledt\u00e9vel sokan fesz\u00fclten figyelik majd a r\u00e9szleteket, hiszen ez a t\u00e1mogat\u00e1s sok h\u00e1ztart\u00e1snak jelenthet val\u00f3di seg\u00edts\u00e9get az \u00fcnnepi asztal megter\u00edt\u00e9s\u00e9ben.<\/h3>\n<p>VIA divany<\/p>\n<p>A megb\u00edzhat\u00f3s\u00e1g ter\u00e9n a C-HR a Toyota h\u00edrnev\u00e9hez m\u00e9lt\u00f3an j\u00f3l teljes\u00edt. A modell rendszeresen j\u00f3 helyez\u00e9seket \u00e9r el a tulajdonosi el\u00e9gedetts\u00e9gi felm\u00e9r\u00e9sekben, ahol a tulajdonosok k\u00fcl\u00f6n\u00f6sen a vezet\u00e9si \u00e9lm\u00e9nyt, az \u00e9p\u00edt\u00e9si min\u0151s\u00e9get \u00e9s a formatervez\u00e9st dics\u00e9rik. A szervizintervallum \u00e1ltal\u00e1ban 10 000 m\u00e9rf\u00f6ld vagy 12 h\u00f3nap, \u00e9s a motorok l\u00e1ncos vez\u00e9rl\u00e9s\u0171ek, ami azt jelenti, hogy nincs sz\u00fcks\u00e9g rendszeres vez\u00e9rm\u0171sz\u00edj-cser\u00e9re. A Toyota emellett hossz\u00fa akkumul\u00e1tor-garanci\u00e1t k\u00edn\u00e1l a hibrid rendszerekre, amely ak\u00e1r 15 \u00e9vig is \u00e9rv\u00e9nyes lehet bizonyos felt\u00e9telek mellett.<\/p>\n<p>Term\u00e9szetesen a modellnek vannak gyenges\u00e9gei is. A CVT v\u00e1lt\u00f3 m\u0171k\u00f6d\u00e9se p\u00e9ld\u00e1ul nem mindenkinek tetszik, mert er\u0151teljes gyors\u00edt\u00e1skor a motor fordulatsz\u00e1ma hirtelen megemelkedhet, ami zajosabb m\u0171k\u00f6d\u00e9st eredm\u00e9nyez. Emellett a h\u00e1ts\u00f3 kil\u00e1t\u00e1s sem a legjobb a vastag C-oszlopok miatt, b\u00e1r a tolat\u00f3kamera \u00e9s a parkol\u00f3radar sokat seg\u00edt a man\u0151verez\u00e9sben. N\u00e9h\u00e1ny tulajdonos besz\u00e1molt apr\u00f3bb probl\u00e9m\u00e1kr\u00f3l is, p\u00e9ld\u00e1ul sz\u00e9lzajr\u00f3l vagy infotainment-rendszerrel kapcsolatos hib\u00e1kr\u00f3l, de ezek \u00e1ltal\u00e1ban nem komoly meghib\u00e1sod\u00e1sok.<\/p>\n<p>\u00d6sszess\u00e9g\u00e9ben a Toyota C-HR els\u0151 gener\u00e1ci\u00f3ja egy olyan crossover, amely els\u0151sorban a st\u00edlus\u00e1val \u00e9s a hat\u00e9kony hibrid technol\u00f3gi\u00e1j\u00e1val pr\u00f3b\u00e1l kit\u0171nni a zs\u00fafolt piacon. B\u00e1r a praktikum \u00e9s a bels\u0151 t\u00e9r t\u00e1gass\u00e1ga nem minden tekintetben \u00e9ri el a kateg\u00f3ria legjobb modelljeinek szintj\u00e9t, a k\u00fcl\u00f6nleges forma, a j\u00f3 vezethet\u0151s\u00e9g \u00e9s a Toyota h\u00edres megb\u00edzhat\u00f3s\u00e1ga miatt sok v\u00e1s\u00e1rl\u00f3 sz\u00e1m\u00e1ra vonz\u00f3 v\u00e1laszt\u00e1s lehet. Aki egy gazdas\u00e1gos, modern technol\u00f3gi\u00e1j\u00fa, m\u00e9gis karakteres megjelen\u00e9s\u0171 kompakt SUV-t keres, annak a C-HR j\u00f3 kompromisszumot k\u00edn\u00e1l a st\u00edlus \u00e9s a mindennapi haszn\u00e1lhat\u00f3s\u00e1g k\u00f6z\u00f6tt.<\/p>\n","protected":false},"excerpt":{"rendered":"<p>A t\u00e1mogat\u00e1s azonban nem j\u00e1r automatikusan: ig\u00e9nyelni kell. Az \u00e9rintettek online, szem\u00e9lyesen vagy ak\u00e1r postai \u00faton is beny\u00fajthatj\u00e1k majd a&#8230; <span class=\"gridview-grid-post-read-more\"><a href=\"https:\/\/wofvideo.pro\/napifriss\/?p=1668\">read more<span class=\"gridview-sr-only\"> J\u00f6n a nagy H\u00fasv\u00e9ti Nyugd\u00edjas t\u00e1mogat\u00e1s!<\/span><\/a><\/span><\/p>\n","protected":false},"author":1,"featured_media":1669,"comment_status":"open","ping_status":"open","sticky":false,"template":"","format":"standard","meta":{"footnotes":""},"categories":[1],"tags":[],"class_list":["post-1668","post","type-post","status-publish","format-standard","has-post-thumbnail","hentry","category-egyeb","wpcat-1-id"],"_links":{"self":[{"href":"https:\/\/wofvideo.pro\/napifriss\/index.php?rest_route=\/wp\/v2\/posts\/1668","targetHints":{"allow":["GET"]}}],"collection":[{"href":"https:\/\/wofvideo.pro\/napifriss\/index.php?rest_route=\/wp\/v2\/posts"}],"about":[{"href":"https:\/\/wofvideo.pro\/napifriss\/index.php?rest_route=\/wp\/v2\/types\/post"}],"author":[{"embeddable":true,"href":"https:\/\/wofvideo.pro\/napifriss\/index.php?rest_route=\/wp\/v2\/users\/1"}],"replies":[{"embeddable":true,"href":"https:\/\/wofvideo.pro\/napifriss\/index.php?rest_route=%2Fwp%2Fv2%2Fcomments&post=1668"}],"version-history":[{"count":1,"href":"https:\/\/wofvideo.pro\/napifriss\/index.php?rest_route=\/wp\/v2\/posts\/1668\/revisions"}],"predecessor-version":[{"id":1670,"href":"https:\/\/wofvideo.pro\/napifriss\/index.php?rest_route=\/wp\/v2\/posts\/1668\/revisions\/1670"}],"wp:featuredmedia":[{"embeddable":true,"href":"https:\/\/wofvideo.pro\/napifriss\/index.php?rest_route=\/wp\/v2\/media\/1669"}],"wp:attachment":[{"href":"https:\/\/wofvideo.pro\/napifriss\/index.php?rest_route=%2Fwp%2Fv2%2Fmedia&parent=1668"}],"wp:term":[{"taxonomy":"category","embeddable":true,"href":"https:\/\/wofvideo.pro\/napifriss\/index.php?rest_route=%2Fwp%2Fv2%2Fcategories&post=1668"},{"taxonomy":"post_tag","embeddable":true,"href":"https:\/\/wofvideo.pro\/napifriss\/index.php?rest_route=%2Fwp%2Fv2%2Ftags&post=1668"}],"curies":[{"name":"wp","href":"https:\/\/api.w.org\/{rel}","templated":true}]}}