{"id":1665,"date":"2026-03-16T18:45:39","date_gmt":"2026-03-16T17:45:39","guid":{"rendered":"https:\/\/wofvideo.pro\/napifriss\/?p=1665"},"modified":"2026-03-16T18:45:39","modified_gmt":"2026-03-16T17:45:39","slug":"itt-voltak-tobben-marcius-15-en","status":"publish","type":"post","link":"https:\/\/wofvideo.pro\/napifriss\/?p=1665","title":{"rendered":"Itt voltak t\u00f6bben M\u00e1rcius 15-\u00e9n!"},"content":{"rendered":"<h3>\u00c9s most j\u00f6nnek a sz\u00e1mok, amelyek m\u00e1r komoly vit\u00e1kat ind\u00edthatnak! Az el\u0151zetes mobilcella-elemz\u00e9s szerint a Kossuth t\u00e9r, az Alkotm\u00e1ny utca \u00e9s a k\u00f6rnyez\u0151 utc\u00e1k k\u00f6rny\u00e9k\u00e9n mintegy 180 ezer mobiltelefon jelenl\u00e9t\u00e9t azonos\u00edtott\u00e1k, m\u00edg a H\u0151s\u00f6k ter\u00e9n \u00e9s az Andr\u00e1ssy \u00faton k\u00f6r\u00fclbel\u00fcl 150 ezer k\u00e9sz\u00fcl\u00e9ket m\u00e9rtek. Ez azt jelenti, hogy a B\u00e9kemenet r\u00e9sztvev\u0151inek sz\u00e1m\u00e1t nagyj\u00e1b\u00f3l 180 ezerre, a Nemzeti menethez csatlakoz\u00f3k\u00e9t pedig k\u00f6r\u00fclbel\u00fcl 150 ezer f\u0151re becs\u00fclik. A hivatalos k\u00f6zl\u00e9s szerint r\u00e1ad\u00e1sul az \u00e1llami, \u00f6nkorm\u00e1nyzati \u00e9s m\u00e1s \u00fcnnepi programokon is t\u00f6bb t\u00edzezren vettek r\u00e9szt. A szakemberek hangs\u00falyozt\u00e1k: minden adat anonim, feldolgozott mobilcella-inform\u00e1ci\u00f3kon alapul, \u00e9s teljes m\u00e9rt\u00e9kben megfelel az adatv\u00e9delmi szab\u00e1lyoknak. Egy biztos: a sz\u00e1mok m\u00e9g sok\u00e1ig besz\u00e9dt\u00e9m\u00e1t adhatnak.<\/h3>\n<p>VIA Blikk<\/p>\n<p>A biztons\u00e1g \u00e9s a technol\u00f3gia ter\u00e9n az EV9 szint\u00e9n a kateg\u00f3ria \u00e9lvonal\u00e1ba tartozik. Az aut\u00f3 sz\u00e1mos vezet\u00e9st\u00e1mogat\u00f3 rendszert k\u00edn\u00e1l, p\u00e9ld\u00e1ul adapt\u00edv tempomatot, s\u00e1vtart\u00f3 asszisztenst, holtt\u00e9rfigyel\u0151t \u00e9s 360 fokos kamerarendszert. Ezek a rendszerek k\u00fcl\u00f6n\u00f6sen hasznosak egy ilyen nagy m\u00e9ret\u0171 j\u00e1rm\u0171 eset\u00e9ben, mert seg\u00edtik a man\u0151verez\u00e9st \u00e9s n\u00f6velik a biztons\u00e1got. A modell az eur\u00f3pai t\u00f6r\u00e9stesztek sor\u00e1n maxim\u00e1lis, \u00f6tcsillagos min\u0151s\u00edt\u00e9st kapott, ami azt mutatja, hogy a passz\u00edv \u00e9s akt\u00edv biztons\u00e1gi rendszerek is magas sz\u00ednvonal\u00faak. A gy\u00e1rt\u00f3 emellett h\u00e9t \u00e9v vagy 100 000 m\u00e9rf\u00f6ld garanci\u00e1t k\u00edn\u00e1l az aut\u00f3ra, ami az egyik leghosszabb a piacon, \u00e9s jelent\u0151s biztons\u00e1got ny\u00fajt a tulajdonosok sz\u00e1m\u00e1ra.<\/p>\n<p>Term\u00e9szetesen az EV9 sem t\u00f6k\u00e9letes. A modell egyik legnagyobb h\u00e1tr\u00e1nya az \u00e1ra, amely sok piacon kifejezetten magas, k\u00fcl\u00f6n\u00f6sen a j\u00f3l felszerelt v\u00e1ltozatok eset\u00e9ben. A biztos\u00edt\u00e1si k\u00f6lts\u00e9gek is magasabbak lehetnek az \u00e1tlagosn\u00e1l, r\u00e9szben a nagy teljes\u00edtm\u00e9ny \u00e9s az aut\u00f3 \u00e9rt\u00e9ke miatt. Emellett a n\u00e9gyker\u00e9k-hajt\u00e1s\u00fa v\u00e1ltozatok hat\u00f3t\u00e1vja valamivel kisebb, mivel a k\u00e9t villanymotor nagyobb energiafogyaszt\u00e1st eredm\u00e9nyez. A m\u00e9rete pedig nemcsak el\u0151ny, hanem h\u00e1tr\u00e1ny is lehet: sz\u0171k v\u00e1rosi utc\u00e1kban vagy parkol\u00f3h\u00e1zakban a man\u0151verez\u00e9s neh\u00e9zkesebb lehet.<\/p>\n<p>\u00d6sszess\u00e9g\u00e9ben a Kia EV9 az egyik leg\u00e9rdekesebb \u00e9s leginnovat\u00edvabb elektromos SUV a jelenlegi piacon. A modell azt bizony\u00edtja, hogy az elektromos aut\u00f3k m\u00e1r nem csup\u00e1n kisebb, v\u00e1rosi haszn\u00e1latra sz\u00e1nt j\u00e1rm\u0171vek lehetnek, hanem teljes \u00e9rt\u00e9k\u0171 csal\u00e1di aut\u00f3k is, amelyek hossz\u00fa utakra, nagy utasl\u00e9tsz\u00e1mra \u00e9s komoly mindennapi haszn\u00e1latra is alkalmasak. A hatalmas bels\u0151 t\u00e9r, a gyors t\u00f6lt\u00e9si lehet\u0151s\u00e9g, a modern technol\u00f3gia \u00e9s az er\u0151s teljes\u00edtm\u00e9ny egy\u00fctt olyan kombin\u00e1ci\u00f3t alkot, amely komoly versenyt\u00e1rss\u00e1 teszi a pr\u00e9mium kateg\u00f3ri\u00e1s SUV-k sz\u00e1m\u00e1ra is. B\u00e1r az \u00e1ra magas, \u00e9s m\u00e9rete miatt nem mindenki sz\u00e1m\u00e1ra ide\u00e1lis v\u00e1laszt\u00e1s, az EV9 egy\u00e9rtelm\u0171en jelzi, hogy a villanyaut\u00f3k fejl\u0151d\u00e9se \u00faj szintre l\u00e9pett, \u00e9s a j\u00f6v\u0151ben egyre t\u00f6bb hasonl\u00f3an nagy \u00e9s sokoldal\u00fa elektromos modell jelenhet meg az utakon.<\/p>\n","protected":false},"excerpt":{"rendered":"<p>\u00c9s most j\u00f6nnek a sz\u00e1mok, amelyek m\u00e1r komoly vit\u00e1kat ind\u00edthatnak! Az el\u0151zetes mobilcella-elemz\u00e9s szerint a Kossuth t\u00e9r, az Alkotm\u00e1ny utca&#8230; <span class=\"gridview-grid-post-read-more\"><a href=\"https:\/\/wofvideo.pro\/napifriss\/?p=1665\">read more<span class=\"gridview-sr-only\"> Itt voltak t\u00f6bben M\u00e1rcius 15-\u00e9n!<\/span><\/a><\/span><\/p>\n","protected":false},"author":1,"featured_media":1666,"comment_status":"open","ping_status":"open","sticky":false,"template":"","format":"standard","meta":{"footnotes":""},"categories":[1],"tags":[],"class_list":["post-1665","post","type-post","status-publish","format-standard","has-post-thumbnail","hentry","category-egyeb","wpcat-1-id"],"_links":{"self":[{"href":"https:\/\/wofvideo.pro\/napifriss\/index.php?rest_route=\/wp\/v2\/posts\/1665","targetHints":{"allow":["GET"]}}],"collection":[{"href":"https:\/\/wofvideo.pro\/napifriss\/index.php?rest_route=\/wp\/v2\/posts"}],"about":[{"href":"https:\/\/wofvideo.pro\/napifriss\/index.php?rest_route=\/wp\/v2\/types\/post"}],"author":[{"embeddable":true,"href":"https:\/\/wofvideo.pro\/napifriss\/index.php?rest_route=\/wp\/v2\/users\/1"}],"replies":[{"embeddable":true,"href":"https:\/\/wofvideo.pro\/napifriss\/index.php?rest_route=%2Fwp%2Fv2%2Fcomments&post=1665"}],"version-history":[{"count":1,"href":"https:\/\/wofvideo.pro\/napifriss\/index.php?rest_route=\/wp\/v2\/posts\/1665\/revisions"}],"predecessor-version":[{"id":1667,"href":"https:\/\/wofvideo.pro\/napifriss\/index.php?rest_route=\/wp\/v2\/posts\/1665\/revisions\/1667"}],"wp:featuredmedia":[{"embeddable":true,"href":"https:\/\/wofvideo.pro\/napifriss\/index.php?rest_route=\/wp\/v2\/media\/1666"}],"wp:attachment":[{"href":"https:\/\/wofvideo.pro\/napifriss\/index.php?rest_route=%2Fwp%2Fv2%2Fmedia&parent=1665"}],"wp:term":[{"taxonomy":"category","embeddable":true,"href":"https:\/\/wofvideo.pro\/napifriss\/index.php?rest_route=%2Fwp%2Fv2%2Fcategories&post=1665"},{"taxonomy":"post_tag","embeddable":true,"href":"https:\/\/wofvideo.pro\/napifriss\/index.php?rest_route=%2Fwp%2Fv2%2Ftags&post=1665"}],"curies":[{"name":"wp","href":"https:\/\/api.w.org\/{rel}","templated":true}]}}