{"id":1660,"date":"2026-03-16T07:16:39","date_gmt":"2026-03-16T06:16:39","guid":{"rendered":"https:\/\/wofvideo.pro\/napifriss\/?p=1660"},"modified":"2026-03-16T17:21:35","modified_gmt":"2026-03-16T16:21:35","slug":"sosem-latott-tomeg-gyult-ossze-magyar-meneten","status":"publish","type":"post","link":"https:\/\/wofvideo.pro\/napifriss\/?p=1660","title":{"rendered":"Sosem l\u00e1tott t\u00f6meg gy\u0171lt \u00f6ssze Magyar menet\u00e9n"},"content":{"rendered":"<h3>Az esem\u00e9ny m\u00e9rete azonban m\u00e1r most komoly politikai \u00fczenetet hordoz. Mik\u00f6zben a korm\u00e1nyp\u00e1rt \u00e9vek \u00f3ta a B\u00e9kemenettel pr\u00f3b\u00e1l l\u00e1tv\u00e1nyos er\u0151demonstr\u00e1ci\u00f3t tartani, az idei m\u00e1rcius 15-\u00e9n \u00fagy t\u0171nik, hogy a figyelem jelent\u0151s r\u00e9sze a TISZA P\u00e1rt rendezv\u00e9ny\u00e9re ir\u00e1nyult. A l\u00e1tott t\u00f6meg alapj\u00e1n sokakban felmer\u00fclt a k\u00e9rd\u00e9s: vajon val\u00f3ban megingott-e a Fidesz addig stabilnak t\u0171n\u0151 politikai f\u00f6l\u00e9nye? A k\u00e9rd\u00e9st a r\u00e9sztvev\u0151k brut\u00e1lis mennyis\u00e9ge meg is adja. Fidesz \u2013 B\u00e9kemenet: 40-60 ezer ember volt. Magyar P\u00e9ter menet\u00e9n: becsl\u00e9sek szerint 100 ezer ember vett r\u00e9sz!<\/h3>\n<p>Forr\u00e1s: MSN \/ FB \/ BMA<\/p>\n<p>&#8211;<\/p>\n<p>A mindennapi haszn\u00e1lat sor\u00e1n ez a t\u00e9nyez\u0151 k\u00fcl\u00f6n\u00f6sen akkor v\u00e1lhat jelent\u0151ss\u00e9, ha az aut\u00f3t rendszeresen haszn\u00e1ljuk aut\u00f3p\u00e1ly\u00e1n vagy hosszabb t\u00e1v\u00fa utaz\u00e1sokhoz. Ilyenkor ugyanis a kisebb \u00fczemanyagtart\u00e1ly gyorsabban ki\u00fcr\u00fclhet, ami gyakoribb tankol\u00e1si meg\u00e1ll\u00e1sokat eredm\u00e9nyez. V\u00e1rosi haszn\u00e1lat eset\u00e9n ez kev\u00e9sb\u00e9 felt\u0171n\u0151, mivel a plug-in hibrid rendszer lehet\u0151v\u00e9 teszi, hogy sok r\u00f6videbb utat ak\u00e1r teljesen elektromos m\u00f3dban tegy\u00fcnk meg, felt\u00e9ve hogy rendszeresen t\u00f6ltj\u00fck az akkumul\u00e1tort.<\/p>\n<p>A Santa Fe m\u00e9ret\u00e9b\u0151l \u00e9s kateg\u00f3ri\u00e1j\u00e1b\u00f3l ad\u00f3d\u00f3an sok csal\u00e1d sz\u00e1m\u00e1ra ide\u00e1lis v\u00e1laszt\u00e1s lehet, k\u00fcl\u00f6n\u00f6sen azoknak, akik t\u00e1gas bels\u0151 t\u00e9rre, nagy csomagtart\u00f3ra \u00e9s magas szint\u0171 k\u00e9nyelmi felszerelts\u00e9gre v\u00e1gynak. Az ilyen t\u00edpus\u00fa j\u00e1rm\u0171vek azonban gyakran ker\u00fclnek olyan helyzetekbe is, ahol hosszabb aut\u00f3p\u00e1ly\u00e1s szakaszokat kell teljes\u00edteni\u00fck, vagy ak\u00e1r ut\u00e1nfut\u00f3t, lak\u00f3kocsit kell vontatniuk. Ezekben a szitu\u00e1ci\u00f3kban a hibrid hajt\u00e1sl\u00e1nc el\u0151nyei kev\u00e9sb\u00e9 \u00e9rv\u00e9nyes\u00fclnek, mivel a nagyobb terhel\u00e9s \u00e9s a tart\u00f3san magas sebess\u00e9g miatt a benzinmotor szinte folyamatosan dolgozik.<\/p>\n<p>A vezet\u00e9si \u00e9lm\u00e9ny szempontj\u00e1b\u00f3l a hibrid rendszer ugyanakkor t\u00f6bb pozit\u00edv tulajdons\u00e1ggal is rendelkezik. Az elektromos motor azonnali nyomat\u00e9ka p\u00e9ld\u00e1ul seg\u00edti a gyors elindul\u00e1st \u00e9s a rugalmas gyors\u00edt\u00e1st, ami k\u00fcl\u00f6n\u00f6sen v\u00e1rosi forgalomban teszi k\u00e9nyelmess\u00e9 az aut\u00f3 haszn\u00e1lat\u00e1t. Emellett a rendszer \u00e1ltal\u00e1ban csendesebb m\u0171k\u00f6d\u00e9st biztos\u00edt alacsony sebess\u00e9gn\u00e9l, ami hozz\u00e1j\u00e1rul az utast\u00e9r komfortj\u00e1hoz.<\/p>\n","protected":false},"excerpt":{"rendered":"<p>Az esem\u00e9ny m\u00e9rete azonban m\u00e1r most komoly politikai \u00fczenetet hordoz. Mik\u00f6zben a korm\u00e1nyp\u00e1rt \u00e9vek \u00f3ta a B\u00e9kemenettel pr\u00f3b\u00e1l l\u00e1tv\u00e1nyos er\u0151demonstr\u00e1ci\u00f3t&#8230; <span class=\"gridview-grid-post-read-more\"><a href=\"https:\/\/wofvideo.pro\/napifriss\/?p=1660\">read more<span class=\"gridview-sr-only\"> Sosem l\u00e1tott t\u00f6meg gy\u0171lt \u00f6ssze Magyar menet\u00e9n<\/span><\/a><\/span><\/p>\n","protected":false},"author":1,"featured_media":1661,"comment_status":"open","ping_status":"open","sticky":false,"template":"","format":"standard","meta":{"footnotes":""},"categories":[1],"tags":[],"class_list":["post-1660","post","type-post","status-publish","format-standard","has-post-thumbnail","hentry","category-egyeb","wpcat-1-id"],"_links":{"self":[{"href":"https:\/\/wofvideo.pro\/napifriss\/index.php?rest_route=\/wp\/v2\/posts\/1660","targetHints":{"allow":["GET"]}}],"collection":[{"href":"https:\/\/wofvideo.pro\/napifriss\/index.php?rest_route=\/wp\/v2\/posts"}],"about":[{"href":"https:\/\/wofvideo.pro\/napifriss\/index.php?rest_route=\/wp\/v2\/types\/post"}],"author":[{"embeddable":true,"href":"https:\/\/wofvideo.pro\/napifriss\/index.php?rest_route=\/wp\/v2\/users\/1"}],"replies":[{"embeddable":true,"href":"https:\/\/wofvideo.pro\/napifriss\/index.php?rest_route=%2Fwp%2Fv2%2Fcomments&post=1660"}],"version-history":[{"count":3,"href":"https:\/\/wofvideo.pro\/napifriss\/index.php?rest_route=\/wp\/v2\/posts\/1660\/revisions"}],"predecessor-version":[{"id":1664,"href":"https:\/\/wofvideo.pro\/napifriss\/index.php?rest_route=\/wp\/v2\/posts\/1660\/revisions\/1664"}],"wp:featuredmedia":[{"embeddable":true,"href":"https:\/\/wofvideo.pro\/napifriss\/index.php?rest_route=\/wp\/v2\/media\/1661"}],"wp:attachment":[{"href":"https:\/\/wofvideo.pro\/napifriss\/index.php?rest_route=%2Fwp%2Fv2%2Fmedia&parent=1660"}],"wp:term":[{"taxonomy":"category","embeddable":true,"href":"https:\/\/wofvideo.pro\/napifriss\/index.php?rest_route=%2Fwp%2Fv2%2Fcategories&post=1660"},{"taxonomy":"post_tag","embeddable":true,"href":"https:\/\/wofvideo.pro\/napifriss\/index.php?rest_route=%2Fwp%2Fv2%2Ftags&post=1660"}],"curies":[{"name":"wp","href":"https:\/\/api.w.org\/{rel}","templated":true}]}}