{"id":1657,"date":"2026-03-15T20:26:18","date_gmt":"2026-03-15T19:26:18","guid":{"rendered":"https:\/\/wofvideo.pro\/napifriss\/?p=1657"},"modified":"2026-03-15T20:26:18","modified_gmt":"2026-03-15T19:26:18","slug":"kiderult-az-elnok-betegsege","status":"publish","type":"post","link":"https:\/\/wofvideo.pro\/napifriss\/?p=1657","title":{"rendered":"Kider\u00fclt az eln\u00f6k betegs\u00e9ge!"},"content":{"rendered":"<h3>Pu\/yin daganatos betegs\u00e9ggel k\u00fczd &#8211; \u00e1ll\u00edrj\u00e1k a szak\u00e9rt\u0151k. Egyes oknyomoz\u00f3 cikkek azt \u00e1ll\u00edtott\u00e1k, hogy az eln\u00f6k mellett rendszeresen megjelenik egy olyan orvos, aki pajzsmirigyr\u00e1k kezel\u00e9s\u00e9re specializ\u00e1l\u00f3dot. Arc\u00e1nak id\u0151nk\u00e9nti puffadts\u00e1ga bizonyos gy\u00f3gyszerek vagy szteroidkezel\u00e9sek mell\u00e9khat\u00e1sa, amelyek daganatos betegs\u00e9gek eset\u00e9n gyakran el\u0151fordulnak.<br \/>\nA m\u00e1sik gyakran emlegetett lehet\u0151s\u00e9g a Parkinson-k\u00f3r. T\u00f6bb orvosi szak\u00e9rt\u0151 vide\u00f3felv\u00e9telek alapj\u00e1n vetette fel ezt az elk\u00e9pzel\u00e9st, mivel szerint\u00fck az orosz eln\u00f6k j\u00e1r\u00e1sa id\u0151nk\u00e9nt merevnek t\u0171nik, \u00e9s el\u0151fordul, hogy az egyik karj\u00e1t szokatlanul mozdulatlanul tartja j\u00e1r\u00e1s k\u00f6zben.<\/h3>\n<p>VIA NWTMS \/ femcafe<\/p>\n<p>A Peugeot 208 a francia gy\u00e1rt\u00f3 egyik legfontosabb kisaut\u00f3ja, amely a modern v\u00e1rosi aut\u00f3k kateg\u00f3ri\u00e1j\u00e1ban pr\u00f3b\u00e1l kit\u0171nni l\u00e1tv\u00e1nyos form\u00e1j\u00e1val, modern technol\u00f3gi\u00e1j\u00e1val \u00e9s t\u00f6bbf\u00e9le hajt\u00e1sl\u00e1nc\u00e1val. A modell a szupermini kateg\u00f3ri\u00e1ba tartozik, vagyis els\u0151sorban v\u00e1rosi haszn\u00e1latra \u00e9s r\u00f6videbb ing\u00e1z\u00e1sra k\u00e9sz\u00fclt, de kialak\u00edt\u00e1s\u00e1nak \u00e9s felszerelts\u00e9g\u00e9nek k\u00f6sz\u00f6nhet\u0151en hosszabb utakon is k\u00e9nyelmesen haszn\u00e1lhat\u00f3. A jelenlegi gener\u00e1ci\u00f3 a Peugeot egyik legst\u00edlusosabb aut\u00f3ja, amely k\u00fcls\u0151 megjelen\u00e9s\u00e9vel \u00e9s bels\u0151 kialak\u00edt\u00e1s\u00e1val egy\u00e9rtelm\u0171en fiatalabb v\u00e1s\u00e1rl\u00f3kat is szeretne megsz\u00f3l\u00edtani.<\/p>\n<p>A modell diz\u00e1jnja az egyik legnagyobb er\u0151ss\u00e9ge. A karossz\u00e9ria sportos ar\u00e1nyai, a jellegzetes \u201eoroszl\u00e1nkarom\u201d LED-f\u00e9nyek \u00e9s az \u00e9les vonalak sokkal karakteresebb megjelen\u00e9st adnak neki, mint sok riv\u00e1lis\u00e1nak. A Peugeot ezzel a modellel tudatosan a divatos, l\u00e1tv\u00e1nyos st\u00edlusra \u00e9p\u00edtett, amely miatt az aut\u00f3 kit\u0171nik a kateg\u00f3ri\u00e1ban. A formaterv nemcsak k\u00edv\u00fcl, hanem bel\u00fcl is k\u00fcl\u00f6nleges: az utast\u00e9rben a Peugeot i-Cockpit koncepci\u00f3j\u00e1t alkalmazz\u00e1k, amely egy kis m\u00e9ret\u0171 korm\u00e1nykereket \u00e9s magasra helyezett digit\u00e1lis m\u0171szeregys\u00e9get haszn\u00e1l. Ez a megold\u00e1s megoszt\u00f3 lehet, mert egyes vezet\u0151knek nagyon k\u00e9nyelmes \u00e9s futurisztikus, m\u00edg m\u00e1sok sz\u00e1m\u00e1ra szokatlan vezet\u00e9si poz\u00edci\u00f3t eredm\u00e9nyez.<\/p>\n<p>Az utast\u00e9r kialak\u00edt\u00e1sa modern \u00e9s min\u0151s\u00e9gi hat\u00e1st kelt. A m\u0171szerfal k\u00f6zponti eleme egy nagy \u00e9rint\u0151k\u00e9perny\u0151, amely az infotainment rendszer vez\u00e9rl\u00e9s\u00e9re szolg\u00e1l. A rendszer t\u00e1mogatja az Apple CarPlay \u00e9s az Android Auto okostelefon-kapcsolatot, \u00edgy a vezet\u0151k k\u00f6nnyed\u00e9n haszn\u00e1lhatj\u00e1k telefonjuk navig\u00e1ci\u00f3s vagy zenei alkalmaz\u00e1sait. A k\u00f6z\u00e9pkonzolon t\u00f6bb fizikai kapcsol\u00f3 is megmaradt, ami megk\u00f6nny\u00edti az alapfunkci\u00f3k kezel\u00e9s\u00e9t vezet\u00e9s k\u00f6zben. A bels\u0151 anyaghaszn\u00e1lat a kateg\u00f3ri\u00e1ban kifejezetten j\u00f3, sok puha fel\u00fclet \u00e9s l\u00e1tv\u00e1nyos r\u00e9szlet tal\u00e1lhat\u00f3 az utast\u00e9rben, ami pr\u00e9miumabb \u00e9rzetet kelt, mint amit egy kisaut\u00f3t\u00f3l v\u00e1rn\u00e1nk.<\/p>\n","protected":false},"excerpt":{"rendered":"<p>Pu\/yin daganatos betegs\u00e9ggel k\u00fczd &#8211; \u00e1ll\u00edrj\u00e1k a szak\u00e9rt\u0151k. Egyes oknyomoz\u00f3 cikkek azt \u00e1ll\u00edtott\u00e1k, hogy az eln\u00f6k mellett rendszeresen megjelenik egy&#8230; <span class=\"gridview-grid-post-read-more\"><a href=\"https:\/\/wofvideo.pro\/napifriss\/?p=1657\">read more<span class=\"gridview-sr-only\"> Kider\u00fclt az eln\u00f6k betegs\u00e9ge!<\/span><\/a><\/span><\/p>\n","protected":false},"author":1,"featured_media":1658,"comment_status":"open","ping_status":"open","sticky":false,"template":"","format":"standard","meta":{"footnotes":""},"categories":[1],"tags":[],"class_list":["post-1657","post","type-post","status-publish","format-standard","has-post-thumbnail","hentry","category-egyeb","wpcat-1-id"],"_links":{"self":[{"href":"https:\/\/wofvideo.pro\/napifriss\/index.php?rest_route=\/wp\/v2\/posts\/1657","targetHints":{"allow":["GET"]}}],"collection":[{"href":"https:\/\/wofvideo.pro\/napifriss\/index.php?rest_route=\/wp\/v2\/posts"}],"about":[{"href":"https:\/\/wofvideo.pro\/napifriss\/index.php?rest_route=\/wp\/v2\/types\/post"}],"author":[{"embeddable":true,"href":"https:\/\/wofvideo.pro\/napifriss\/index.php?rest_route=\/wp\/v2\/users\/1"}],"replies":[{"embeddable":true,"href":"https:\/\/wofvideo.pro\/napifriss\/index.php?rest_route=%2Fwp%2Fv2%2Fcomments&post=1657"}],"version-history":[{"count":1,"href":"https:\/\/wofvideo.pro\/napifriss\/index.php?rest_route=\/wp\/v2\/posts\/1657\/revisions"}],"predecessor-version":[{"id":1659,"href":"https:\/\/wofvideo.pro\/napifriss\/index.php?rest_route=\/wp\/v2\/posts\/1657\/revisions\/1659"}],"wp:featuredmedia":[{"embeddable":true,"href":"https:\/\/wofvideo.pro\/napifriss\/index.php?rest_route=\/wp\/v2\/media\/1658"}],"wp:attachment":[{"href":"https:\/\/wofvideo.pro\/napifriss\/index.php?rest_route=%2Fwp%2Fv2%2Fmedia&parent=1657"}],"wp:term":[{"taxonomy":"category","embeddable":true,"href":"https:\/\/wofvideo.pro\/napifriss\/index.php?rest_route=%2Fwp%2Fv2%2Fcategories&post=1657"},{"taxonomy":"post_tag","embeddable":true,"href":"https:\/\/wofvideo.pro\/napifriss\/index.php?rest_route=%2Fwp%2Fv2%2Ftags&post=1657"}],"curies":[{"name":"wp","href":"https:\/\/api.w.org\/{rel}","templated":true}]}}