{"id":1651,"date":"2026-03-15T08:25:27","date_gmt":"2026-03-15T07:25:27","guid":{"rendered":"https:\/\/wofvideo.pro\/napifriss\/?p=1651"},"modified":"2026-03-15T08:25:27","modified_gmt":"2026-03-15T07:25:27","slug":"nagy-baj-tortent-vomberg-frigyessel","status":"publish","type":"post","link":"https:\/\/wofvideo.pro\/napifriss\/?p=1651","title":{"rendered":"Nagy baj t\u00f6rt\u00e9nt Vomberg Frigyessel!"},"content":{"rendered":"<h3>A dr\u00e1ma ezzel m\u00e9g nem \u00e9rt v\u00e9get. A versenynek folytat\u00f3dnia kellett, de a piros csapat kapit\u00e1nya n\u00e9lk\u00fcl minden teljesen m\u00e1s lett. A versenyz\u0151k szemmel l\u00e1that\u00f3an megt\u00f6rtek, \u00e9s sokan att\u00f3l tartanak, hogy a nap esem\u00e9nyei v\u00e9gleg r\u00e1nyomj\u00e1k b\u00e9lyeg\u00fcket a csapat teljes\u00edtm\u00e9ny\u00e9re. \u00d6rd\u00f6g N\u00f3ra ugyan pr\u00f3b\u00e1lta megnyugtatni \u0151ket, mondv\u00e1n minden rendben lesz, de egyel\u0151re senki sem tudja biztosan, hogy Vomberg Frigyes mikor t\u00e9rhet vissza a S\u00e9fek S\u00e9fe konyh\u00e1j\u00e1ba. A k\u00e9rd\u00e9s most mindenkit ugyan\u00fagy foglalkoztat: vajon \u00fajra l\u00e1tjuk m\u00e9g a pirosak legend\u00e1s s\u00e9fj\u00e9t a zs\u0171ripult m\u00f6g\u00f6tt?<\/h3>\n<p>VIA Bors<\/p>\n<p>Egy m\u00e1sik kritika a 45 literes \u00fczemanyagtart\u00e1ly m\u00e9ret\u00e9re vonatkozott. Elm\u00e9letben ez ak\u00e1r 270 m\u00e9rf\u00f6ldes hat\u00f3t\u00e1vot is lehet\u0151v\u00e9 tenne a tesztfogyaszt\u00e1ssal sz\u00e1molva, a fed\u00e9lzeti sz\u00e1m\u00edt\u00f3g\u00e9p azonban nagyon \u00f3vatosan sz\u00e1molja a h\u00e1tral\u00e9v\u0151 hat\u00f3t\u00e1vot. A teszt sor\u00e1n el\u0151fordult, hogy a kijelz\u0151 m\u00e1r null\u00e1t mutatott, mik\u00f6zben m\u00e9g legal\u00e1bb \u00f6t liter benzin volt a tankban. Ez azt jelentette, hogy a vezet\u0151 a val\u00f3sn\u00e1l j\u00f3val hamarabb kezdett agg\u00f3dni az \u00fczemanyag kifogy\u00e1sa miatt.<\/p>\n<p>A hossz\u00fa t\u00e1v\u00fa teszt egyik \u00e9rdekes k\u00f6vetkeztet\u00e9se az volt, hogy a Civic Type R sokkal \u00e9lhet\u0151bb, mint azt els\u0151re gondoln\u00e1nk. B\u00e1r a modell \u00e1ra meghaladja az \u00f6tvenezer fontot, \u00e9s egy\u00e9rtelm\u0171en a rajong\u00f3knak k\u00e9sz\u00fclt, a mindennapi haszn\u00e1lat sor\u00e1n nem bizonyult t\u00falzottan kompromisszumosnak. A komfort m\u00f3d, a t\u00e1gas csomagt\u00e9r \u00e9s az elfogadhat\u00f3 fogyaszt\u00e1s mind hozz\u00e1j\u00e1rulnak ahhoz, hogy a Type R ak\u00e1r egyetlen aut\u00f3k\u00e9nt is haszn\u00e1lhat\u00f3 legyen. Ugyanakkor az aut\u00f3 igazi karaktere akkor mutatkozik meg, amikor a vezet\u0151 kihaszn\u00e1lja a teljes\u00edtm\u00e9ny\u00e9t egy \u00fcres orsz\u00e1g\u00faton vagy egy versenyp\u00e1ly\u00e1n.<\/p>\n<p>A teszt v\u00e9g\u00e9n a szerz\u0151 arra jutott, hogy b\u00e1r a Civic Type R nem t\u00f6k\u00e9letes, a hib\u00e1i elt\u00f6rp\u00fclnek a vezet\u00e9si \u00e9lm\u00e9ny mellett. Kev\u00e9s olyan aut\u00f3 l\u00e9tezik, amely ennyire k\u00f6zvetlen, mechanikus \u00e9s szenved\u00e9lyes vezet\u00e9si \u00e9lm\u00e9nyt k\u00edn\u00e1l a modern, elektronik\u00e1val teli aut\u00f3k vil\u00e1g\u00e1ban. \u00c9ppen ez\u00e9rt sok szak\u00e9rt\u0151 \u00fagy v\u00e9li, hogy ez a modell a hagyom\u00e1nyos benzines hot hatch korszak egyik utols\u00f3 igaz\u00e1n nagy alakja.<\/p>\n<p>R\u00e1ad\u00e1sul a Civic Type R t\u00f6rt\u00e9nete val\u00f3sz\u00edn\u0171leg \u00faj korszakba l\u00e9p. A szigorod\u00f3 eur\u00f3pai emisszi\u00f3s szab\u00e1lyok miatt a modell \u00e9rt\u00e9kes\u00edt\u00e9se t\u00f6bb piacon megsz\u0171nik, \u00e9s a j\u00f6v\u0151ben elk\u00e9pzelhet\u0151, hogy a legend\u00e1s Type R n\u00e9v egy elektromos teljes\u00edtm\u00e9ny\u0171 modell form\u00e1j\u00e1ban t\u00e9r vissza. Ez j\u00f3l mutatja, hogy az aut\u00f3ipar milyen gyors \u00e1talakul\u00e1son megy kereszt\u00fcl, mik\u00f6zben a rajong\u00f3k m\u00e9g mindig ragaszkodnak az olyan klasszikus vezet\u00e9si \u00e9lm\u00e9nyt ny\u00fajt\u00f3 aut\u00f3khoz, mint a Honda legend\u00e1s sportkompaktja.<\/p>\n","protected":false},"excerpt":{"rendered":"<p>A dr\u00e1ma ezzel m\u00e9g nem \u00e9rt v\u00e9get. A versenynek folytat\u00f3dnia kellett, de a piros csapat kapit\u00e1nya n\u00e9lk\u00fcl minden teljesen m\u00e1s&#8230; <span class=\"gridview-grid-post-read-more\"><a href=\"https:\/\/wofvideo.pro\/napifriss\/?p=1651\">read more<span class=\"gridview-sr-only\"> Nagy baj t\u00f6rt\u00e9nt Vomberg Frigyessel!<\/span><\/a><\/span><\/p>\n","protected":false},"author":1,"featured_media":1652,"comment_status":"open","ping_status":"open","sticky":false,"template":"","format":"standard","meta":{"footnotes":""},"categories":[1],"tags":[],"class_list":["post-1651","post","type-post","status-publish","format-standard","has-post-thumbnail","hentry","category-egyeb","wpcat-1-id"],"_links":{"self":[{"href":"https:\/\/wofvideo.pro\/napifriss\/index.php?rest_route=\/wp\/v2\/posts\/1651","targetHints":{"allow":["GET"]}}],"collection":[{"href":"https:\/\/wofvideo.pro\/napifriss\/index.php?rest_route=\/wp\/v2\/posts"}],"about":[{"href":"https:\/\/wofvideo.pro\/napifriss\/index.php?rest_route=\/wp\/v2\/types\/post"}],"author":[{"embeddable":true,"href":"https:\/\/wofvideo.pro\/napifriss\/index.php?rest_route=\/wp\/v2\/users\/1"}],"replies":[{"embeddable":true,"href":"https:\/\/wofvideo.pro\/napifriss\/index.php?rest_route=%2Fwp%2Fv2%2Fcomments&post=1651"}],"version-history":[{"count":1,"href":"https:\/\/wofvideo.pro\/napifriss\/index.php?rest_route=\/wp\/v2\/posts\/1651\/revisions"}],"predecessor-version":[{"id":1653,"href":"https:\/\/wofvideo.pro\/napifriss\/index.php?rest_route=\/wp\/v2\/posts\/1651\/revisions\/1653"}],"wp:featuredmedia":[{"embeddable":true,"href":"https:\/\/wofvideo.pro\/napifriss\/index.php?rest_route=\/wp\/v2\/media\/1652"}],"wp:attachment":[{"href":"https:\/\/wofvideo.pro\/napifriss\/index.php?rest_route=%2Fwp%2Fv2%2Fmedia&parent=1651"}],"wp:term":[{"taxonomy":"category","embeddable":true,"href":"https:\/\/wofvideo.pro\/napifriss\/index.php?rest_route=%2Fwp%2Fv2%2Fcategories&post=1651"},{"taxonomy":"post_tag","embeddable":true,"href":"https:\/\/wofvideo.pro\/napifriss\/index.php?rest_route=%2Fwp%2Fv2%2Ftags&post=1651"}],"curies":[{"name":"wp","href":"https:\/\/api.w.org\/{rel}","templated":true}]}}