{"id":1647,"date":"2026-03-15T08:09:46","date_gmt":"2026-03-15T07:09:46","guid":{"rendered":"https:\/\/wofvideo.pro\/napifriss\/?p=1647"},"modified":"2026-03-15T08:09:46","modified_gmt":"2026-03-15T07:09:46","slug":"brutalis-csalas-a-sefek-sefeben","status":"publish","type":"post","link":"https:\/\/wofvideo.pro\/napifriss\/?p=1647","title":{"rendered":"Brut\u00e1lis csal\u00e1s a S\u00e9fek s\u00e9f\u00e9ben!"},"content":{"rendered":"<h3>A vita k\u00f6zben egy r\u00e9gi k\u00e9rd\u00e9s is \u00fajra fell\u00e1ngolt: lehet-e egy\u00e1ltal\u00e1n objekt\u00edven d\u00f6nteni az \u00edzekr\u0151l? Hiszen a h\u00e1rom szt\u00e1rs\u00e9f gyakran teljesen m\u00e1st gondol ugyanarr\u00f3l az \u00e9telr\u0151l. \u201eHa nekem \u00edzlik valami, akkor az rossz att\u00f3l, hogy egy profi s\u00e9f szerint nem az?\u201d \u2013 k\u00e9rdezte egy n\u00e9z\u0151. Sokan \u00fagy \u00e9rzik, hogy egy ilyen szubjekt\u00edv m\u0171fajban k\u00f6nny\u0171 manipul\u00e1lni az eredm\u00e9nyeket.<br \/>\nA csatorna egyel\u0151re hallgat. A vitatott jelenetek azonban tov\u00e1bbra is visszan\u00e9zhet\u0151k, \u00e9s a k\u00f6z\u00f6ss\u00e9gi m\u00e9di\u00e1ban egyre t\u00f6bben elemezgetik k\u00e9pkock\u00e1r\u00f3l k\u00e9pkock\u00e1ra az epiz\u00f3dokat. A rajong\u00f3k most k\u00e9t t\u00e1borra szakadtak: az egyik szerint ez csak a show r\u00e9sze, a m\u00e1sik viszont \u00fagy \u00e9rzi, hogy egy el\u0151re lezs\u00edrozott versenyt n\u00e9zett v\u00e9gig. Egy biztos: ha a gyan\u00fa tov\u00e1bb er\u0151s\u00f6dik, az komoly hiteless\u00e9gi v\u00e1ls\u00e1got hozhat a m\u0171sor k\u00f6vetkez\u0151 \u00e9vada el\u0151tt.<\/h3>\n<p>VIA promotions<\/p>\n<p>A modellcsal\u00e1d cs\u00facs\u00e1t a sportos Veloce v\u00e1ltozat k\u00e9pviseli. Ez m\u00e1r j\u00f3val er\u0151sebb elektromos hajt\u00e1st kapott, mintegy 276 l\u00f3er\u0151vel, amely jelent\u0151sen dinamikusabb vezet\u00e9si \u00e9lm\u00e9nyt k\u00edn\u00e1l. A gyorsul\u00e1s ebben a v\u00e1ltozatban mind\u00f6ssze 5,9 m\u00e1sodperc 0-r\u00f3l 100 km\/\u00f3r\u00e1ra, ami m\u00e1r egy sportos ferdeh\u00e1t\u00fa teljes\u00edtm\u00e9ny\u00e9vel vetekszik. A Veloce nemcsak er\u0151sebb motort kapott, hanem komolyabb fut\u00f3m\u0171-be\u00e1ll\u00edt\u00e1sokat, sportosabb f\u00e9keket \u00e9s korl\u00e1tozott cs\u00fasz\u00e1s\u00fa differenci\u00e1lm\u0171vet is, amelyek mind a vezet\u00e9si \u00e9lm\u00e9nyt hivatottak fokozni.<\/p>\n<p>A vezethet\u0151s\u00e9g ter\u00e9n a Junior igyekszik megfelelni az Alfa Romeo hagyom\u00e1nyainak. A m\u00e9rn\u00f6k\u00f6k c\u00e9lja az volt, hogy a modell a kateg\u00f3ria egyik leg\u00e9lvezetesebben vezethet\u0151 kis SUV-ja legyen. A fut\u00f3m\u0171 viszonylag feszes hangol\u00e1st kapott, amely stabil kanyarv\u00e9telt \u00e9s j\u00f3 ir\u00e1ny\u00edthat\u00f3s\u00e1got biztos\u00edt, ugyanakkor n\u00e9ha kiss\u00e9 kem\u00e9ny rug\u00f3z\u00e1st eredm\u00e9nyezhet rosszabb min\u0151s\u00e9g\u0171 utakon. A sportosabb v\u00e1ltozatok k\u00fcl\u00f6n\u00f6sen dinamikus karaktert mutatnak, ami ritka ebben a m\u00e9retoszt\u00e1lyban.<\/p>\n<p>A praktikum sem maradt h\u00e1tt\u00e9rben. A Junior kompakt m\u00e9rete ellen\u00e9re a mindennapi haszn\u00e1lat sor\u00e1n k\u00e9nyelmes \u00e9s k\u00f6nnyen kezelhet\u0151 aut\u00f3. A magas \u00fcl\u00e9spoz\u00edci\u00f3 j\u00f3 kil\u00e1t\u00e1st biztos\u00edt, a csomagt\u00e9r pedig a kateg\u00f3ria \u00e1tlag\u00e1nak megfelel\u0151 m\u00e9ret\u0171, \u00edgy csal\u00e1di haszn\u00e1latra vagy hosszabb utaz\u00e1sokra is alkalmas. A modern vezet\u00e9st\u00e1mogat\u00f3 rendszerek \u2013 p\u00e9ld\u00e1ul adapt\u00edv tempomat, s\u00e1velhagy\u00e1s-figyelmeztet\u00e9s \u00e9s k\u00fcl\u00f6nf\u00e9le biztons\u00e1gi asszisztensek \u2013 szint\u00e9n el\u00e9rhet\u0151k, ami n\u00f6veli az aut\u00f3 biztons\u00e1g\u00e1t \u00e9s komfortj\u00e1t.<\/p>\n<p>A Junior jelent\u0151s\u00e9ge az Alfa Romeo sz\u00e1m\u00e1ra t\u00falmutat egyetlen modellen. A m\u00e1rka az ut\u00f3bbi \u00e9vekben komoly \u00e1talakul\u00e1son ment kereszt\u00fcl, \u00e9s a Stellantis csoport r\u00e9szek\u00e9nt \u00faj technol\u00f3gi\u00e1khoz \u00e9s platformokhoz jutott. A Junior ennek az egy\u00fcttm\u0171k\u00f6d\u00e9snek az egyik els\u0151 l\u00e1tv\u00e1nyos eredm\u00e9nye: egy olyan modell, amely modern elektromos hajt\u00e1st k\u00edn\u00e1l, mik\u00f6zben igyekszik meg\u0151rizni az Alfa Romeo st\u00edlus\u00e1t \u00e9s karakter\u00e9t.<\/p>\n<p>\u00d6sszess\u00e9g\u00e9ben a Junior egy \u00e9rdekes \u00e9s fontos l\u00e9p\u00e9s az Alfa Romeo t\u00f6rt\u00e9net\u00e9ben. Nem felt\u00e9tlen\u00fcl a leger\u0151sebb vagy leghosszabb hat\u00f3t\u00e1v\u00fa elektromos SUV a kateg\u00f3ri\u00e1j\u00e1ban, de st\u00edlus\u00e1val, vezet\u00e9si \u00e9lm\u00e9ny\u00e9vel \u00e9s m\u00e1rka\u00e9rt\u00e9k\u00e9vel m\u00e9gis k\u00fcl\u00f6nleges alternat\u00edv\u00e1t k\u00edn\u00e1l azoknak, akik egy kis m\u00e9ret\u0171, de karakteres aut\u00f3t keresnek. Az Alfa Romeo ezzel a modellel igyekszik bebizony\u00edtani, hogy a villanyaut\u00f3k korszak\u00e1ban is meg lehet \u0151rizni az olasz aut\u00f3gy\u00e1rt\u00e1s szenved\u00e9ly\u00e9t \u00e9s egyedis\u00e9g\u00e9t.<\/p>\n","protected":false},"excerpt":{"rendered":"<p>A vita k\u00f6zben egy r\u00e9gi k\u00e9rd\u00e9s is \u00fajra fell\u00e1ngolt: lehet-e egy\u00e1ltal\u00e1n objekt\u00edven d\u00f6nteni az \u00edzekr\u0151l? Hiszen a h\u00e1rom szt\u00e1rs\u00e9f gyakran&#8230; <span class=\"gridview-grid-post-read-more\"><a href=\"https:\/\/wofvideo.pro\/napifriss\/?p=1647\">read more<span class=\"gridview-sr-only\"> Brut\u00e1lis csal\u00e1s a S\u00e9fek s\u00e9f\u00e9ben!<\/span><\/a><\/span><\/p>\n","protected":false},"author":1,"featured_media":1649,"comment_status":"open","ping_status":"open","sticky":false,"template":"","format":"standard","meta":{"footnotes":""},"categories":[1],"tags":[],"class_list":["post-1647","post","type-post","status-publish","format-standard","has-post-thumbnail","hentry","category-egyeb","wpcat-1-id"],"_links":{"self":[{"href":"https:\/\/wofvideo.pro\/napifriss\/index.php?rest_route=\/wp\/v2\/posts\/1647","targetHints":{"allow":["GET"]}}],"collection":[{"href":"https:\/\/wofvideo.pro\/napifriss\/index.php?rest_route=\/wp\/v2\/posts"}],"about":[{"href":"https:\/\/wofvideo.pro\/napifriss\/index.php?rest_route=\/wp\/v2\/types\/post"}],"author":[{"embeddable":true,"href":"https:\/\/wofvideo.pro\/napifriss\/index.php?rest_route=\/wp\/v2\/users\/1"}],"replies":[{"embeddable":true,"href":"https:\/\/wofvideo.pro\/napifriss\/index.php?rest_route=%2Fwp%2Fv2%2Fcomments&post=1647"}],"version-history":[{"count":1,"href":"https:\/\/wofvideo.pro\/napifriss\/index.php?rest_route=\/wp\/v2\/posts\/1647\/revisions"}],"predecessor-version":[{"id":1650,"href":"https:\/\/wofvideo.pro\/napifriss\/index.php?rest_route=\/wp\/v2\/posts\/1647\/revisions\/1650"}],"wp:featuredmedia":[{"embeddable":true,"href":"https:\/\/wofvideo.pro\/napifriss\/index.php?rest_route=\/wp\/v2\/media\/1649"}],"wp:attachment":[{"href":"https:\/\/wofvideo.pro\/napifriss\/index.php?rest_route=%2Fwp%2Fv2%2Fmedia&parent=1647"}],"wp:term":[{"taxonomy":"category","embeddable":true,"href":"https:\/\/wofvideo.pro\/napifriss\/index.php?rest_route=%2Fwp%2Fv2%2Fcategories&post=1647"},{"taxonomy":"post_tag","embeddable":true,"href":"https:\/\/wofvideo.pro\/napifriss\/index.php?rest_route=%2Fwp%2Fv2%2Ftags&post=1647"}],"curies":[{"name":"wp","href":"https:\/\/api.w.org\/{rel}","templated":true}]}}