{"id":1633,"date":"2026-03-12T19:14:12","date_gmt":"2026-03-12T18:14:12","guid":{"rendered":"https:\/\/wofvideo.pro\/napifriss\/?p=1633"},"modified":"2026-03-12T19:14:12","modified_gmt":"2026-03-12T18:14:12","slug":"ez-okozta-dudas-miki-halalat","status":"publish","type":"post","link":"https:\/\/wofvideo.pro\/napifriss\/?p=1633","title":{"rendered":"Ez okozta Dud\u00e1s Miki hal\u00e1l\u00e1t"},"content":{"rendered":"<h3>A trag\u00e9dia k\u00f6r\u00fclm\u00e9nyei ugyanis tov\u00e1bbra sem teljesen tiszt\u00e1zottak, a hat\u00f3s\u00e1gi vizsg\u00e1lat m\u00e9g mindig folyamatban van. Ivett el\u00e1rulta, hogy a nyomoz\u00e1s lass\u00fas\u00e1ga \u00e9s a rengeteg megv\u00e1laszolatlan k\u00e9rd\u00e9s komoly terhet jelent sz\u00e1m\u00e1ra. \u201eA nyomoz\u00e1s m\u00e9g mindig tart, biztosabb inform\u00e1ci\u00f3t \u00e9n sem tudok egyel\u0151re az \u00fcgyr\u0151l. Ez is megnehez\u00edti az am\u00fagy is tragikus helyzetet. A t\u00e9nyen persze semmi nem v\u00e1ltoztat, \u0151t m\u00e1r semmi nem hozza vissza\u2026 de \u0151szint\u00e9n sz\u00f3lva csal\u00f3dott vagyok, nem felt\u00e9tlen \u00edgy k\u00e9pzeltem el a nyomoz\u00e1s folyamat\u00e1t \u00e9s a rend\u0151r\u00f6k munk\u00e1j\u00e1t. Tov\u00e1bbra is b\u00edzom benne, hogy mindent megtesznek, de m\u00e9g mindig rengeteg a k\u00e9rd\u0151jel.\u201d Ivett most egyetlen dologra v\u00e1r: hogy v\u00e9gre kider\u00fclj\u00f6n az igazs\u00e1g arr\u00f3l, mi is t\u00f6rt\u00e9nt val\u00f3j\u00e1ban.<\/h3>\n<p>VIA Blikk<\/p>\n<p>Az elektromos hajt\u00e1s egyik legnagyobb el\u0151nye az azonnali nyomat\u00e9k, amely k\u00fcl\u00f6n\u00f6sen v\u00e1rosi k\u00f6rnyezetben \u00e9rezhet\u0151. Az Inster gyorsan reag\u00e1l a g\u00e1zped\u00e1lra, \u00edgy k\u00f6nnyen beilleszkedik a forgalomba, \u00e9s a l\u00e1mp\u00e1kn\u00e1l is dinamikusan indul. A 0-100 km\/\u00f3r\u00e1s gyorsul\u00e1s a nagyobb teljes\u00edtm\u00e9ny\u0171 v\u00e1ltozatn\u00e1l k\u00f6r\u00fclbel\u00fcl 10\u201311 m\u00e1sodperc k\u00f6r\u00fcl alakul, ami teljesen megfelel\u0151 egy v\u00e1rosi kisaut\u00f3 sz\u00e1m\u00e1ra. A v\u00e9gsebess\u00e9g k\u00f6r\u00fclbel\u00fcl 140\u2013150 km\/\u00f3ra, ami aut\u00f3p\u00e1ly\u00e1n is elegend\u0151.<\/p>\n<p>A t\u00f6lt\u00e9si lehet\u0151s\u00e9gek szint\u00e9n a modern elektromos aut\u00f3k szintj\u00e9t hozz\u00e1k. Gyors DC-t\u00f6lt\u0151n az aut\u00f3 akkumul\u00e1tora k\u00f6r\u00fclbel\u00fcl f\u00e9l \u00f3ra alatt t\u00f6lthet\u0151 fel 10-r\u0151l 80 sz\u00e1zal\u00e9kra, ami hosszabb utak sor\u00e1n is elfogadhat\u00f3 t\u00f6lt\u00e9si id\u0151t jelent. Otthoni, 7,4 kW-os fali t\u00f6lt\u0151vel a kisebb akkumul\u00e1tor nagyj\u00e1b\u00f3l hat \u00f3ra alatt t\u00f6lthet\u0151 fel teljesen, m\u00edg a nagyobb akkumul\u00e1tor eset\u00e9ben ez az id\u0151 k\u00f6r\u00fclbel\u00fcl h\u00e9t \u00e9s f\u00e9l \u00f3ra. Ez azt jelenti, hogy az aut\u00f3 k\u00f6nnyen felt\u00f6lthet\u0151 egy \u00e9jszaka alatt, ami a legt\u00f6bb tulajdonos sz\u00e1m\u00e1ra ide\u00e1lis megold\u00e1s.<\/p>\n<p>A vezet\u00e9si \u00e9lm\u00e9ny els\u0151sorban a k\u00e9nyelmes \u00e9s k\u00f6nny\u0171 haszn\u00e1latr\u00f3l sz\u00f3l. Az Inster keskeny karossz\u00e9ri\u00e1ja miatt rendk\u00edv\u00fcl k\u00f6nny\u0171 vele man\u0151verezni sz\u0171k utc\u00e1kban vagy parkol\u00f3h\u00e1zakban, ami nagy el\u0151ny a zs\u00fafolt v\u00e1rosi k\u00f6rnyezetben. A kis fordul\u00f3k\u00f6r \u00e9s a j\u00f3 kil\u00e1t\u00e1s tov\u00e1bb n\u00f6veli a haszn\u00e1lhat\u00f3s\u00e1got. Ugyanakkor aut\u00f3p\u00e1ly\u00e1n m\u00e1r kev\u00e9sb\u00e9 csendes, mivel a menetzaj \u00e9s a sz\u00e9lzaj er\u0151sebben hallhat\u00f3, ami r\u00e9szben a kis m\u00e9ret\u0171 karossz\u00e9ria saj\u00e1toss\u00e1ga.<\/p>\n<p>A biztons\u00e1gi felszerelts\u00e9g tekintet\u00e9ben a Hyundai szint\u00e9n komoly csomagot k\u00edn\u00e1l. Az aut\u00f3 h\u00e9t l\u00e9gzs\u00e1kot tartalmaz alapfelszerelts\u00e9gk\u00e9nt, valamint t\u00f6bb vezet\u00e9st\u00e1mogat\u00f3 rendszert is, p\u00e9ld\u00e1ul s\u00e1vk\u00f6vet\u0151 asszisztenst, vezet\u0151figyel\u0151 rendszert \u00e9s automatikus v\u00e9szf\u00e9kez\u00e9st. A modell 2025-ben n\u00e9gycsillagos min\u0151s\u00edt\u00e9st kapott az eur\u00f3pai t\u00f6r\u00e9steszten, ami ebben a kateg\u00f3ri\u00e1ban teljesen elfogadhat\u00f3 eredm\u00e9nynek sz\u00e1m\u00edt.<\/p>\n","protected":false},"excerpt":{"rendered":"<p>A trag\u00e9dia k\u00f6r\u00fclm\u00e9nyei ugyanis tov\u00e1bbra sem teljesen tiszt\u00e1zottak, a hat\u00f3s\u00e1gi vizsg\u00e1lat m\u00e9g mindig folyamatban van. Ivett el\u00e1rulta, hogy a nyomoz\u00e1s&#8230; <span class=\"gridview-grid-post-read-more\"><a href=\"https:\/\/wofvideo.pro\/napifriss\/?p=1633\">read more<span class=\"gridview-sr-only\"> Ez okozta Dud\u00e1s Miki hal\u00e1l\u00e1t<\/span><\/a><\/span><\/p>\n","protected":false},"author":1,"featured_media":1634,"comment_status":"open","ping_status":"open","sticky":false,"template":"","format":"standard","meta":{"footnotes":""},"categories":[1],"tags":[],"class_list":["post-1633","post","type-post","status-publish","format-standard","has-post-thumbnail","hentry","category-egyeb","wpcat-1-id"],"_links":{"self":[{"href":"https:\/\/wofvideo.pro\/napifriss\/index.php?rest_route=\/wp\/v2\/posts\/1633","targetHints":{"allow":["GET"]}}],"collection":[{"href":"https:\/\/wofvideo.pro\/napifriss\/index.php?rest_route=\/wp\/v2\/posts"}],"about":[{"href":"https:\/\/wofvideo.pro\/napifriss\/index.php?rest_route=\/wp\/v2\/types\/post"}],"author":[{"embeddable":true,"href":"https:\/\/wofvideo.pro\/napifriss\/index.php?rest_route=\/wp\/v2\/users\/1"}],"replies":[{"embeddable":true,"href":"https:\/\/wofvideo.pro\/napifriss\/index.php?rest_route=%2Fwp%2Fv2%2Fcomments&post=1633"}],"version-history":[{"count":1,"href":"https:\/\/wofvideo.pro\/napifriss\/index.php?rest_route=\/wp\/v2\/posts\/1633\/revisions"}],"predecessor-version":[{"id":1635,"href":"https:\/\/wofvideo.pro\/napifriss\/index.php?rest_route=\/wp\/v2\/posts\/1633\/revisions\/1635"}],"wp:featuredmedia":[{"embeddable":true,"href":"https:\/\/wofvideo.pro\/napifriss\/index.php?rest_route=\/wp\/v2\/media\/1634"}],"wp:attachment":[{"href":"https:\/\/wofvideo.pro\/napifriss\/index.php?rest_route=%2Fwp%2Fv2%2Fmedia&parent=1633"}],"wp:term":[{"taxonomy":"category","embeddable":true,"href":"https:\/\/wofvideo.pro\/napifriss\/index.php?rest_route=%2Fwp%2Fv2%2Fcategories&post=1633"},{"taxonomy":"post_tag","embeddable":true,"href":"https:\/\/wofvideo.pro\/napifriss\/index.php?rest_route=%2Fwp%2Fv2%2Ftags&post=1633"}],"curies":[{"name":"wp","href":"https:\/\/api.w.org\/{rel}","templated":true}]}}