{"id":1630,"date":"2026-03-12T19:04:43","date_gmt":"2026-03-12T18:04:43","guid":{"rendered":"https:\/\/wofvideo.pro\/napifriss\/?p=1630"},"modified":"2026-03-12T19:04:43","modified_gmt":"2026-03-12T18:04:43","slug":"osszejottek-a-sefek-sefe-versenyzoje-es-sefe","status":"publish","type":"post","link":"https:\/\/wofvideo.pro\/napifriss\/?p=1630","title":{"rendered":"\u00d6sszej\u00f6ttek a S\u00e9fek S\u00e9fe versenyz\u0151je \u00e9s s\u00e9fe!"},"content":{"rendered":"<h3>A pletyk\u00e1k szerint Lukasz figyelme most m\u00e1r nem a statiszt\u00e1k vagy vend\u00e9gek fel\u00e9 ir\u00e1nyul, hanem a z\u00f6ld csapat vezet\u0151je, Tischler Petra fel\u00e9.<br \/>\nLegal\u00e1bbis ezt \u00e1ll\u00edtja Pir\u00f3, aki szerint a versenyz\u0151 viselked\u00e9se felt\u0171n\u0151en megv\u00e1ltozott.<br \/>\n\u201eNem tudom, mi t\u00f6rt\u00e9nt Lukasszal, de \u00fagy n\u00e9z ki, beleszerelmesedett Petr\u00e1ba. Minden mondata r\u00f3la sz\u00f3l: Petra kisasszony, Petra s\u00e9f, Petra \u00edgy, Petra \u00fagy\u2026\u201d \u2013 fogalmazott a j\u00e1t\u00e9kos.<br \/>\nPir\u00f3 m\u00e9g azt is hozz\u00e1tette: \u0151 bizony egy\u00e1ltal\u00e1n nem b\u00e1nn\u00e1, ha Lukasz a k\u00e9s\u0151bbiekben m\u00e1r nem a fekete csapatot er\u0151s\u00edten\u00e9.<br \/>\nHogy val\u00f3ban \u00c1mor nyila tal\u00e1lta-e el a versenyz\u0151t, vagy csak egy \u00fajabb st\u00fadi\u00f3pletyka kering, az egyel\u0151re k\u00e9rd\u00e9s. Egy azonban biztos: ha a sz\u00f3besz\u00e9d igaznak bizonyul, akkor a S\u00e9fek S\u00e9fe t\u00f6rt\u00e9net\u00e9ben el\u0151sz\u00f6r nemcsak a konyh\u00e1ban, hanem a sz\u00edvekben is komoly verseny indulhat\u2026<\/h3>\n<p>VIA Borsonline<\/p>\n<p>Az elektromos v\u00e1ltozat hat\u00f3t\u00e1vols\u00e1ga a kateg\u00f3ri\u00e1ban versenyk\u00e9pesnek sz\u00e1m\u00edt. A gy\u00e1rt\u00f3 adatai szerint egy felt\u00f6lt\u00e9ssel t\u00f6bb mint 400 kilom\u00e9ter is el\u00e9rhet\u0151 ide\u00e1lis k\u00f6r\u00fclm\u00e9nyek k\u00f6z\u00f6tt, b\u00e1r a val\u00f3s haszn\u00e1lat sor\u00e1n ez az \u00e9rt\u00e9k gyakran alacsonyabb. A tesztek sor\u00e1n k\u00f6r\u00fclbel\u00fcl 3,6 m\u00e9rf\u00f6ld per kilowatt\u00f3ra hat\u00e9konys\u00e1got m\u00e9rtek, ami nagyj\u00e1b\u00f3l 330\u2013340 kilom\u00e9teres val\u00f3s hat\u00f3t\u00e1vot jelent vegyes haszn\u00e1lat mellett. Ez elegend\u0151 lehet a mindennapi k\u00f6zleked\u00e9shez, de n\u00e9h\u00e1ny konkurens modell enn\u00e9l nagyobb akkumul\u00e1tort \u00e9s hosszabb hat\u00f3t\u00e1vols\u00e1got k\u00edn\u00e1l.<\/p>\n<p>A praktikum ter\u00e9n a Junior vegyes k\u00e9pet mutat. A csomagtart\u00f3 m\u00e9rete a kateg\u00f3ri\u00e1ban j\u00f3nak sz\u00e1m\u00edt, \u00e9s nagyobb, mint n\u00e9h\u00e1ny kompakt ferdeh\u00e1t\u00fa modell\u00e9. Ugyanakkor a h\u00e1ts\u00f3 \u00fcl\u00e9ssorban a l\u00e1bt\u00e9r viszonylag sz\u0171k\u00f6s, k\u00fcl\u00f6n\u00f6sen magasabb utasok sz\u00e1m\u00e1ra. A h\u00e1ts\u00f3 utasok sz\u00e1m\u00e1ra r\u00e1ad\u00e1sul kev\u00e9s extra k\u00e9nyelmi funkci\u00f3 \u00e1ll rendelkez\u00e9sre, ami arra utal, hogy a tervez\u0151k ink\u00e1bb a vezet\u0151re \u00e9s az els\u0151 utasra koncentr\u00e1ltak. A kil\u00e1t\u00e1s el\u0151re j\u00f3, az aut\u00f3 m\u00e9rete pedig k\u00f6nnyen kezelhet\u0151v\u00e9 teszi v\u00e1rosi k\u00f6rnyezetben, ahol a kompakt SUV-k egyik legnagyobb el\u0151nye \u00e9ppen a man\u0151verezhet\u0151s\u00e9g.<\/p>\n<p>Biztons\u00e1gi felszerelts\u00e9g tekintet\u00e9ben a Junior hozza a modern kateg\u00f3ria elv\u00e1r\u00e1sait. Alapfelszerelts\u00e9gk\u00e9nt megtal\u00e1lhat\u00f3 benne az adapt\u00edv tempomat, a s\u00e1vtart\u00f3 rendszer \u00e9s az automatikus v\u00e9szf\u00e9kez\u00e9s, m\u00edg opcion\u00e1lis csomagokkal fejlettebb, r\u00e9szben \u00f6nvezet\u0151 funkci\u00f3k is el\u00e9rhet\u0151k. A modell ugyan m\u00e9g nem kapott hivatalos t\u00f6r\u00e9steszt-eredm\u00e9nyt, de mivel ugyanazt az alapplatformot haszn\u00e1lja, mint t\u00f6bb m\u00e1s, m\u00e1r tesztelt modell, v\u00e1rhat\u00f3an hasonl\u00f3, j\u00f3 biztons\u00e1gi eredm\u00e9nyeket fog el\u00e9rni.<\/p>\n","protected":false},"excerpt":{"rendered":"<p>A pletyk\u00e1k szerint Lukasz figyelme most m\u00e1r nem a statiszt\u00e1k vagy vend\u00e9gek fel\u00e9 ir\u00e1nyul, hanem a z\u00f6ld csapat vezet\u0151je, Tischler&#8230; <span class=\"gridview-grid-post-read-more\"><a href=\"https:\/\/wofvideo.pro\/napifriss\/?p=1630\">read more<span class=\"gridview-sr-only\"> \u00d6sszej\u00f6ttek a S\u00e9fek S\u00e9fe versenyz\u0151je \u00e9s s\u00e9fe!<\/span><\/a><\/span><\/p>\n","protected":false},"author":1,"featured_media":1631,"comment_status":"open","ping_status":"open","sticky":false,"template":"","format":"standard","meta":{"footnotes":""},"categories":[1],"tags":[],"class_list":["post-1630","post","type-post","status-publish","format-standard","has-post-thumbnail","hentry","category-egyeb","wpcat-1-id"],"_links":{"self":[{"href":"https:\/\/wofvideo.pro\/napifriss\/index.php?rest_route=\/wp\/v2\/posts\/1630","targetHints":{"allow":["GET"]}}],"collection":[{"href":"https:\/\/wofvideo.pro\/napifriss\/index.php?rest_route=\/wp\/v2\/posts"}],"about":[{"href":"https:\/\/wofvideo.pro\/napifriss\/index.php?rest_route=\/wp\/v2\/types\/post"}],"author":[{"embeddable":true,"href":"https:\/\/wofvideo.pro\/napifriss\/index.php?rest_route=\/wp\/v2\/users\/1"}],"replies":[{"embeddable":true,"href":"https:\/\/wofvideo.pro\/napifriss\/index.php?rest_route=%2Fwp%2Fv2%2Fcomments&post=1630"}],"version-history":[{"count":1,"href":"https:\/\/wofvideo.pro\/napifriss\/index.php?rest_route=\/wp\/v2\/posts\/1630\/revisions"}],"predecessor-version":[{"id":1632,"href":"https:\/\/wofvideo.pro\/napifriss\/index.php?rest_route=\/wp\/v2\/posts\/1630\/revisions\/1632"}],"wp:featuredmedia":[{"embeddable":true,"href":"https:\/\/wofvideo.pro\/napifriss\/index.php?rest_route=\/wp\/v2\/media\/1631"}],"wp:attachment":[{"href":"https:\/\/wofvideo.pro\/napifriss\/index.php?rest_route=%2Fwp%2Fv2%2Fmedia&parent=1630"}],"wp:term":[{"taxonomy":"category","embeddable":true,"href":"https:\/\/wofvideo.pro\/napifriss\/index.php?rest_route=%2Fwp%2Fv2%2Fcategories&post=1630"},{"taxonomy":"post_tag","embeddable":true,"href":"https:\/\/wofvideo.pro\/napifriss\/index.php?rest_route=%2Fwp%2Fv2%2Ftags&post=1630"}],"curies":[{"name":"wp","href":"https:\/\/api.w.org\/{rel}","templated":true}]}}