{"id":1623,"date":"2026-03-12T08:56:45","date_gmt":"2026-03-12T07:56:45","guid":{"rendered":"https:\/\/wofvideo.pro\/napifriss\/?p=1623"},"modified":"2026-03-12T08:56:45","modified_gmt":"2026-03-12T07:56:45","slug":"a-diagnozis-utan-galla-miklos","status":"publish","type":"post","link":"https:\/\/wofvideo.pro\/napifriss\/?p=1623","title":{"rendered":"A diagn\u00f3zis ut\u00e1n: Galla Mikl\u00f3s"},"content":{"rendered":"<h3>A helyzet eml\u00e9keztet minket arra, hogy az \u00e9let kisz\u00e1m\u00edthatatlan, \u00e9s hogy a legnagyobb neh\u00e9zs\u00e9gekkel is szembes\u00fclhet\u00fcnk. Galla Mikl\u00f3s \u00e9s csal\u00e1dja most egy \u00faj kih\u00edv\u00e1ssal n\u00e9z szembe, de a szeretet \u00e9s a t\u00e1mogat\u00e1s, ami k\u00f6r\u00fclveszi \u0151ket, er\u0151t adhat a gy\u00f3gyul\u00e1shoz. K\u00edv\u00e1nunk Mikl\u00f3snak miel\u0151bbi fel\u00e9p\u00fcl\u00e9st, \u00e9s rem\u00e9lj\u00fck, hogy a neh\u00e9z id\u0151szak ut\u00e1n \u00fajra visszat\u00e9rhet a sz\u00ednpadra, ahol mindig is brill\u00edrozott. Az \u0151 b\u00e1tors\u00e1ga \u00e9s humora mindannyiunk sz\u00edv\u00e9ben \u00e9lni fog.<\/h3>\n<p>Forr\u00e1s: MSN\u00a0 \/ FB \/ JORE<\/p>\n<p>&#8211;<\/p>\n<p>Nem meglep\u0151 m\u00f3don az \u00f6sszker\u00e9khajt\u00e1s\u00fa v\u00e1ltozat a gyorsabb a kett\u0151 k\u00f6z\u00fcl. A 0\u201362 m\u00e9rf\u00f6ld\/\u00f3r\u00e1s (0\u2013100 km\/h k\u00f6zeli) gyorsul\u00e1s mind\u00f6ssze 5,1 m\u00e1sodpercet vesz ig\u00e9nybe. Ez az \u00e9rt\u00e9k sok hagyom\u00e1nyos sportaut\u00f3 \u00e9s sportos ferdeh\u00e1t\u00fa modell gyorsul\u00e1s\u00e1t is fel\u00fclm\u00falja. \u00d6sszehasonl\u00edt\u00e1sk\u00e9ppen a Tesla Model 3 Long Range \u2013 amely szint\u00e9n k\u00e9t elektromos motort haszn\u00e1l az \u00f6sszker\u00e9khajt\u00e1shoz \u2013 k\u00f6r\u00fclbel\u00fcl 4,2 m\u00e1sodperc alatt \u00e9ri el ugyanazt a sebess\u00e9get, ami m\u00e9g enn\u00e9l is leny\u0171g\u00f6z\u0151bb adat.<\/p>\n<p>Ennek ellen\u00e9re a k\u00e9tmotoros Ioniq 6 is rendk\u00edv\u00fcl er\u0151teljesnek \u00e9rz\u0151dik a mindennapi haszn\u00e1lat sor\u00e1n. Az elektromos hajt\u00e1s egyik legnagyobb el\u0151nye, hogy a maxim\u00e1lis nyomat\u00e9k gyakorlatilag azonnal rendelkez\u00e9sre \u00e1ll. Az Ioniq 6 eset\u00e9ben ez k\u00f6r\u00fclbel\u00fcl 605 Nm nyomat\u00e9kot jelent, amely m\u00e1r a g\u00e1zped\u00e1l legkisebb \u00e9rint\u00e9s\u00e9re is azonnali gyorsul\u00e1st biztos\u00edt. Ez k\u00fcl\u00f6n\u00f6sen el\u0151ny\u00f6s el\u0151z\u00e9sek sor\u00e1n vagy v\u00e1rosi forgalomban, ahol a gyors reakci\u00f3k\u00e9pess\u00e9g sokszor fontos.<\/p>\n<p>A h\u00e1ts\u00f3ker\u00e9k-meghajt\u00e1s\u00fa v\u00e1ltozat valamivel lassabban gyorsul. A 0\u201362 mph el\u00e9r\u00e9s\u00e9hez k\u00f6r\u00fclbel\u00fcl 7,4 m\u00e1sodpercre van sz\u00fcks\u00e9ge, ami pap\u00edron jelent\u0151s k\u00fcl\u00f6nbs\u00e9gnek t\u0171nhet, a val\u00f3s\u00e1gban azonban ez m\u00e9g mindig b\u0151s\u00e9gesen elegend\u0151 egy csal\u00e1di szed\u00e1n sz\u00e1m\u00e1ra. A mindennapi k\u00f6zleked\u00e9s sor\u00e1n a teljes\u00edtm\u00e9ny \u00edgy is dinamikusnak \u00e9rz\u0151dik, \u00e9s a villanymotor csendes m\u0171k\u00f6d\u00e9se kellemes vezet\u00e9si \u00e9lm\u00e9nyt ny\u00fajt.<\/p>\n<p>Mindk\u00e9t v\u00e1ltozat v\u00e9gsebess\u00e9ge k\u00f6r\u00fclbel\u00fcl 115 m\u00e9rf\u00f6ld\/\u00f3ra, ami nagyj\u00e1b\u00f3l 185 km\/\u00f3r\u00e1nak felel meg. Ez az \u00e9rt\u00e9k egy elektromos csal\u00e1di aut\u00f3 eset\u00e9ben teljesen megfelel\u0151, k\u00fcl\u00f6n\u00f6sen figyelembe v\u00e9ve, hogy az elektromos j\u00e1rm\u0171vek eset\u00e9ben a hat\u00f3t\u00e1v \u00e9s az energiahat\u00e9konys\u00e1g sokszor fontosabb szempont, mint a rendk\u00edv\u00fcl magas v\u00e9gsebess\u00e9g.<\/p>\n","protected":false},"excerpt":{"rendered":"<p>A helyzet eml\u00e9keztet minket arra, hogy az \u00e9let kisz\u00e1m\u00edthatatlan, \u00e9s hogy a legnagyobb neh\u00e9zs\u00e9gekkel is szembes\u00fclhet\u00fcnk. Galla Mikl\u00f3s \u00e9s csal\u00e1dja&#8230; <span class=\"gridview-grid-post-read-more\"><a href=\"https:\/\/wofvideo.pro\/napifriss\/?p=1623\">read more<span class=\"gridview-sr-only\"> A diagn\u00f3zis ut\u00e1n: Galla Mikl\u00f3s<\/span><\/a><\/span><\/p>\n","protected":false},"author":1,"featured_media":1624,"comment_status":"open","ping_status":"open","sticky":false,"template":"","format":"standard","meta":{"footnotes":""},"categories":[1],"tags":[],"class_list":["post-1623","post","type-post","status-publish","format-standard","has-post-thumbnail","hentry","category-egyeb","wpcat-1-id"],"_links":{"self":[{"href":"https:\/\/wofvideo.pro\/napifriss\/index.php?rest_route=\/wp\/v2\/posts\/1623","targetHints":{"allow":["GET"]}}],"collection":[{"href":"https:\/\/wofvideo.pro\/napifriss\/index.php?rest_route=\/wp\/v2\/posts"}],"about":[{"href":"https:\/\/wofvideo.pro\/napifriss\/index.php?rest_route=\/wp\/v2\/types\/post"}],"author":[{"embeddable":true,"href":"https:\/\/wofvideo.pro\/napifriss\/index.php?rest_route=\/wp\/v2\/users\/1"}],"replies":[{"embeddable":true,"href":"https:\/\/wofvideo.pro\/napifriss\/index.php?rest_route=%2Fwp%2Fv2%2Fcomments&post=1623"}],"version-history":[{"count":1,"href":"https:\/\/wofvideo.pro\/napifriss\/index.php?rest_route=\/wp\/v2\/posts\/1623\/revisions"}],"predecessor-version":[{"id":1625,"href":"https:\/\/wofvideo.pro\/napifriss\/index.php?rest_route=\/wp\/v2\/posts\/1623\/revisions\/1625"}],"wp:featuredmedia":[{"embeddable":true,"href":"https:\/\/wofvideo.pro\/napifriss\/index.php?rest_route=\/wp\/v2\/media\/1624"}],"wp:attachment":[{"href":"https:\/\/wofvideo.pro\/napifriss\/index.php?rest_route=%2Fwp%2Fv2%2Fmedia&parent=1623"}],"wp:term":[{"taxonomy":"category","embeddable":true,"href":"https:\/\/wofvideo.pro\/napifriss\/index.php?rest_route=%2Fwp%2Fv2%2Fcategories&post=1623"},{"taxonomy":"post_tag","embeddable":true,"href":"https:\/\/wofvideo.pro\/napifriss\/index.php?rest_route=%2Fwp%2Fv2%2Ftags&post=1623"}],"curies":[{"name":"wp","href":"https:\/\/api.w.org\/{rel}","templated":true}]}}