{"id":1620,"date":"2026-03-11T20:58:32","date_gmt":"2026-03-11T19:58:32","guid":{"rendered":"https:\/\/wofvideo.pro\/napifriss\/?p=1620"},"modified":"2026-03-11T20:58:32","modified_gmt":"2026-03-11T19:58:32","slug":"60-ev-feletti-idoseknek-ettol-a-naptol-tilos-a-vezetes","status":"publish","type":"post","link":"https:\/\/wofvideo.pro\/napifriss\/?p=1620","title":{"rendered":"60 \u00e9v feletti id\u0151seknek ett\u0151l a napt\u00f3l tilos a vezet\u00e9s"},"content":{"rendered":"<h3>A d\u00f6nt\u00e9st egyel\u0151re Olaszorsz\u00e1gban hozt\u00e1k meg, \u00e9s els\u0151sorban a hivat\u00e1sos j\u00e1rm\u0171vezet\u0151ket \u00e9rinti. Az \u00faj rendelkez\u00e9s \u00e9rtelm\u00e9ben a 68 \u00e9v feletti teheraut\u00f3-sof\u0151r\u00f6k jogos\u00edtv\u00e1ny\u00e1t m\u00e1r nem lehet meg\u00faj\u00edtani, \u00edgy gyakorlatilag kiszorulnak az \u00e1rufuvaroz\u00e1sb\u00f3l. T\u00f6bb orsz\u00e1g azonban ezt t\u00falz\u00e1snak tartotta.<br \/>\nA legnagyobb k\u00e9rd\u00e9s most az, hogy mindez csak egyetlen orsz\u00e1g d\u00f6nt\u00e9se marad-e, vagy Eur\u00f3pa m\u00e1s r\u00e9szein is hasonl\u00f3 korl\u00e1toz\u00e1sok j\u00f6hetnek, k\u00f6zt\u00fck Magyarorsz\u00e1gon is!<br \/>\n\u00d6N MIT GONDOL? \u00d6N IS BETILTAN\u00c1 AZ ID\u0150S MAGAR SOF\u0150R\u00d6KNEK?<\/h3>\n<p>VIA Blikk<\/p>\n<p>Praktikuss\u00e1g szempontj\u00e1b\u00f3l a csomagtart\u00f3 m\u00e9rete hibrid modellek eset\u00e9ben 320 liter, m\u00edg az elektromos v\u00e1ltozatn\u00e1l ez 367 literre n\u00f6velt\u00e9k, de egyik sem \u00e9ri el a skandin\u00e1v vagy n\u00e9met konkurens SUV\u2011k hatalmas rakter\u00e9t. Ez szint\u00e9n r\u00e9sze annak a kompozit \u00e9lm\u00e9nynek, hogy a UX ink\u00e1bb st\u00edlusra \u00e9s min\u0151s\u00e9gre helyezi a hangs\u00falyt, mint a \u201emindennapi sz\u00e1ll\u00edt\u00f3\u2011g\u00e9pes\u201d szerepre.<br \/>\nA technol\u00f3gia ter\u00e9n a Lexus jav\u00edtott az UX infotainment\u2011rendszer\u00e9n egy friss\u00edt\u00e9s sor\u00e1n: \u00faj k\u00e9perny\u0151k \u00e9s a gyorsabb v\u00e1laszid\u0151 jav\u00edtotta az \u00e9lm\u00e9nyt, mik\u00f6zben a wireless Apple CarPlay \u00e9s Android Auto kompatibilit\u00e1s ma m\u00e1r alapfelszerelts\u00e9g a legt\u00f6bb kivitelben. A hangrendszer, a vezet\u00e9st\u00e1mogat\u00f3 elektronika \u00e9s a biztons\u00e1gi csomag is j\u00f3l felszerelt, ami a m\u00e1rk\u00e1t\u00f3l elv\u00e1rt pr\u00e9mium \u00e9rzetet er\u0151s\u00edti.<\/p>\n<p>A biztons\u00e1g ter\u00e9n a UX 2019\u2011es t\u00f6r\u00e9stesztj\u00e9n 5 csillagos Euro NCAP eredm\u00e9nyt \u00e9rt el, kiemelked\u0151en magas \u00e9rt\u00e9keket kapva p\u00e9ld\u00e1ul a feln\u0151ttek v\u00e9delm\u00e9ben \u00e9s a gyalogosokkal val\u00f3 \u00fctk\u00f6z\u00e9sek elker\u00fcl\u00e9s\u00e9ben. A modern vezet\u00e9st\u00e1mogat\u00f3 rendszerek k\u00f6z\u00f6tt szerepel az adapt\u00edv tempomat, s\u00e1velhagy\u00e1s\u2011figyelmeztet\u00e9s \u00e9s automatikus v\u00e9szf\u00e9kez\u00e9s, amelyek mind hozz\u00e1j\u00e1rulnak a mindennapi biztons\u00e1ghoz.<\/p>\n<p>A m\u00e1rka megb\u00edzhat\u00f3s\u00e1g\u00e1r\u00f3l sz\u00f3l\u00f3 felm\u00e9r\u00e9sek szerint a Lexus hagyom\u00e1nyosan az egyik legjobb a pr\u00e9mium kateg\u00f3ri\u00e1ban, \u00e9s a UX is ebben a trendben marad, b\u00e1r a vezet\u00e9si \u00e9lm\u00e9ny \u00e9s ergon\u00f3mia egyes pontjai \u2013 p\u00e9ld\u00e1ul a keskeny h\u00e1ts\u00f3 t\u00e9r \u2013 kev\u00e9sb\u00e9 ide\u00e1lisak nagyobb csal\u00e1dok sz\u00e1m\u00e1ra.<\/p>\n<p>\u00d6sszess\u00e9g\u00e9ben a Lexus UX olyan kompromisszum, amely sok pr\u00e9mium SUV\u2011v\u00e1s\u00e1rl\u00f3 sz\u00e1m\u00e1ra vonz\u00f3 lehet: st\u00edlusos megjelen\u00e9s, min\u0151s\u00e9gi bels\u0151 t\u00e9r, sima hibrid hajt\u00e1sl\u00e1nc \u00e9s Lexus\u2011szint\u0171 megb\u00edzhat\u00f3s\u00e1g, de kisebb bels\u0151 t\u00e9r, alacsonyabb rakt\u00e9r \u00e9s a kivont elektromos verzi\u00f3 azt jelenti, hogy nem mindenki sz\u00e1m\u00e1ra a legjobb v\u00e1laszt\u00e1s az SUV\u2011szegmensben.<\/p>\n","protected":false},"excerpt":{"rendered":"<p>A d\u00f6nt\u00e9st egyel\u0151re Olaszorsz\u00e1gban hozt\u00e1k meg, \u00e9s els\u0151sorban a hivat\u00e1sos j\u00e1rm\u0171vezet\u0151ket \u00e9rinti. Az \u00faj rendelkez\u00e9s \u00e9rtelm\u00e9ben a 68 \u00e9v feletti&#8230; <span class=\"gridview-grid-post-read-more\"><a href=\"https:\/\/wofvideo.pro\/napifriss\/?p=1620\">read more<span class=\"gridview-sr-only\"> 60 \u00e9v feletti id\u0151seknek ett\u0151l a napt\u00f3l tilos a vezet\u00e9s<\/span><\/a><\/span><\/p>\n","protected":false},"author":1,"featured_media":1621,"comment_status":"open","ping_status":"open","sticky":false,"template":"","format":"standard","meta":{"footnotes":""},"categories":[1],"tags":[],"class_list":["post-1620","post","type-post","status-publish","format-standard","has-post-thumbnail","hentry","category-egyeb","wpcat-1-id"],"_links":{"self":[{"href":"https:\/\/wofvideo.pro\/napifriss\/index.php?rest_route=\/wp\/v2\/posts\/1620","targetHints":{"allow":["GET"]}}],"collection":[{"href":"https:\/\/wofvideo.pro\/napifriss\/index.php?rest_route=\/wp\/v2\/posts"}],"about":[{"href":"https:\/\/wofvideo.pro\/napifriss\/index.php?rest_route=\/wp\/v2\/types\/post"}],"author":[{"embeddable":true,"href":"https:\/\/wofvideo.pro\/napifriss\/index.php?rest_route=\/wp\/v2\/users\/1"}],"replies":[{"embeddable":true,"href":"https:\/\/wofvideo.pro\/napifriss\/index.php?rest_route=%2Fwp%2Fv2%2Fcomments&post=1620"}],"version-history":[{"count":1,"href":"https:\/\/wofvideo.pro\/napifriss\/index.php?rest_route=\/wp\/v2\/posts\/1620\/revisions"}],"predecessor-version":[{"id":1622,"href":"https:\/\/wofvideo.pro\/napifriss\/index.php?rest_route=\/wp\/v2\/posts\/1620\/revisions\/1622"}],"wp:featuredmedia":[{"embeddable":true,"href":"https:\/\/wofvideo.pro\/napifriss\/index.php?rest_route=\/wp\/v2\/media\/1621"}],"wp:attachment":[{"href":"https:\/\/wofvideo.pro\/napifriss\/index.php?rest_route=%2Fwp%2Fv2%2Fmedia&parent=1620"}],"wp:term":[{"taxonomy":"category","embeddable":true,"href":"https:\/\/wofvideo.pro\/napifriss\/index.php?rest_route=%2Fwp%2Fv2%2Fcategories&post=1620"},{"taxonomy":"post_tag","embeddable":true,"href":"https:\/\/wofvideo.pro\/napifriss\/index.php?rest_route=%2Fwp%2Fv2%2Ftags&post=1620"}],"curies":[{"name":"wp","href":"https:\/\/api.w.org\/{rel}","templated":true}]}}