{"id":1617,"date":"2026-03-11T20:25:59","date_gmt":"2026-03-11T19:25:59","guid":{"rendered":"https:\/\/wofvideo.pro\/napifriss\/?p=1617"},"modified":"2026-03-11T20:25:59","modified_gmt":"2026-03-11T19:25:59","slug":"ekkora-osszeget-tettek-orban-gyozelmere","status":"publish","type":"post","link":"https:\/\/wofvideo.pro\/napifriss\/?p=1617","title":{"rendered":"Ekkora \u00f6sszeget tettek Orb\u00e1n gy\u0151zelm\u00e9re"},"content":{"rendered":"<h3>M\u00edg kor\u00e1bban m\u00e9g 40 sz\u00e1zal\u00e9k felett \u00e1llt Orb\u00e1n Viktor, az elm\u00falt napokban hirtelen visszaesett a t\u00e1mogatotts\u00e1ga. A fogad\u00f3k egyre nagyobb r\u00e9sze m\u00e1r nem r\u00e1 tippel \u2013 legal\u00e1bbis ha a p\u00e9nzt kell megmozgatni. A platform adatai szerint m\u00e1rcius elej\u00e9re mind\u00f6ssze a j\u00e1t\u00e9kosok harmada gondolta \u00fagy, hogy a jelenlegi minisztereln\u00f6k marad a hely\u00e9n.<br \/>\nAz addig stabilnak t\u0171n\u0151 ar\u00e1nyok napr\u00f3l napra cs\u00fasztak lefel\u00e9, m\u00edgnem m\u00e1rcius 2-\u00e1n d\u00e9lut\u00e1n \u00e9rkezett a l\u00e1tv\u00e1nyos m\u00e9lypont: a fogad\u00f3k mind\u00f6ssze 34 sz\u00e1zal\u00e9ka tett p\u00e9nzt Orb\u00e1n Viktor \u00fajabb gy\u0151zelm\u00e9re. A t\u00f6bbs\u00e9g viszont m\u00e1r m\u00e1sra fogadott. A platformon p\u00e9nzt kock\u00e1ztat\u00f3k 66 sz\u00e1zal\u00e9ka ink\u00e1bb Magyar P\u00e9terben, a Tisza P\u00e1rt eln\u00f6k\u00e9ben l\u00e1tja a k\u00f6vetkez\u0151 minisztereln\u00f6k\u00f6t. Fontos azonban, hogy ez nem k\u00f6zv\u00e9lem\u00e9ny-kutat\u00e1s \u2013 ahogy arra T\u00f6r\u00f6k G\u00e1bor politikai elemz\u0151 is felh\u00edvta a figyelmet \u2013, hanem csup\u00e1n azt mutatja, hov\u00e1 teszik a f0gad\u00f3k a p\u00e9nz\u00fcket.<\/h3>\n<p>VIA Index<\/p>\n<p>A helyk\u00edn\u00e1lat azonban nem mindig olyan b\u0151s\u00e9ges, mint azt a nagy m\u00e9ret alapj\u00e1n v\u00e1rn\u00e1nk. Az els\u0151 k\u00e9t \u00fcl\u00e9ssor k\u00e9nyelmes, de a harmadik sor ink\u00e1bb gyerekek sz\u00e1m\u00e1ra ide\u00e1lis. A csomagtart\u00f3 m\u00e9rete h\u00e9t \u00fcl\u00e9s haszn\u00e1lata eset\u00e9n viszonylag kicsi, de ha a harmadik sort lehajtjuk, akkor m\u00e1r t\u00f6bb mint 600 literes rakt\u00e9r \u00e1ll rendelkez\u00e9sre. Ez elegend\u0151 a legt\u00f6bb csal\u00e1di utaz\u00e1shoz vagy nagyobb csomagok sz\u00e1ll\u00edt\u00e1s\u00e1hoz.<\/p>\n<p>A fenntart\u00e1si k\u00f6lts\u00e9gek tekintet\u00e9ben a Land Cruiser nem tartozik az olcs\u00f3 aut\u00f3k k\u00f6z\u00e9. A nagy d\u00edzelmotor, az \u00e1lland\u00f3 \u00f6sszker\u00e9khajt\u00e1s \u00e9s a jelent\u0151s t\u00f6meg miatt a fogyaszt\u00e1s viszonylag magas, \u00e9s a biztos\u00edt\u00e1si d\u00edjak is magasabbak lehetnek. Ugyanakkor a rendszeres karbantart\u00e1s nem dr\u00e1g\u00e1bb, mint m\u00e1s hasonl\u00f3 m\u00e9ret\u0171 terepj\u00e1r\u00f3kn\u00e1l. A szervizintervallum \u00e1ltal\u00e1ban \u00e9vente vagy 10 000 m\u00e9rf\u00f6ldenk\u00e9nt esed\u00e9kes, \u00e9s a vez\u00e9rm\u0171sz\u00edjat nagyj\u00e1b\u00f3l 10 \u00e9vente vagy 100 000 m\u00e9rf\u00f6ldenk\u00e9nt kell cser\u00e9lni.<\/p>\n<p>A megb\u00edzhat\u00f3s\u00e1g a Land Cruiser egyik legnagyobb er\u0151ss\u00e9ge. A Toyota hossz\u00fa ideje h\u00edres arr\u00f3l, hogy rendk\u00edv\u00fcl tart\u00f3s aut\u00f3kat gy\u00e1rt, \u00e9s a Land Cruiser ennek az egyik legjobb p\u00e9ld\u00e1ja. A modell gener\u00e1ci\u00f3ja mind\u00f6ssze egy komolyabb visszah\u00edv\u00e1st kapott, amely egy kipufog\u00f3rendszerrel kapcsolatos alkatr\u00e9sz hib\u00e1j\u00e1t \u00e9rintette. Ezen k\u00edv\u00fcl a t\u00edpus h\u00edrneve kifejezetten j\u00f3, \u00e9s sok tulajdonos sz\u00e1mol be arr\u00f3l, hogy az aut\u00f3 t\u00f6bb sz\u00e1zezer kilom\u00e9tert is k\u00e9pes gond n\u00e9lk\u00fcl teljes\u00edteni.<\/p>\n","protected":false},"excerpt":{"rendered":"<p>M\u00edg kor\u00e1bban m\u00e9g 40 sz\u00e1zal\u00e9k felett \u00e1llt Orb\u00e1n Viktor, az elm\u00falt napokban hirtelen visszaesett a t\u00e1mogatotts\u00e1ga. A fogad\u00f3k egyre nagyobb&#8230; <span class=\"gridview-grid-post-read-more\"><a href=\"https:\/\/wofvideo.pro\/napifriss\/?p=1617\">read more<span class=\"gridview-sr-only\"> Ekkora \u00f6sszeget tettek Orb\u00e1n gy\u0151zelm\u00e9re<\/span><\/a><\/span><\/p>\n","protected":false},"author":1,"featured_media":1618,"comment_status":"open","ping_status":"open","sticky":false,"template":"","format":"standard","meta":{"footnotes":""},"categories":[1],"tags":[],"class_list":["post-1617","post","type-post","status-publish","format-standard","has-post-thumbnail","hentry","category-egyeb","wpcat-1-id"],"_links":{"self":[{"href":"https:\/\/wofvideo.pro\/napifriss\/index.php?rest_route=\/wp\/v2\/posts\/1617","targetHints":{"allow":["GET"]}}],"collection":[{"href":"https:\/\/wofvideo.pro\/napifriss\/index.php?rest_route=\/wp\/v2\/posts"}],"about":[{"href":"https:\/\/wofvideo.pro\/napifriss\/index.php?rest_route=\/wp\/v2\/types\/post"}],"author":[{"embeddable":true,"href":"https:\/\/wofvideo.pro\/napifriss\/index.php?rest_route=\/wp\/v2\/users\/1"}],"replies":[{"embeddable":true,"href":"https:\/\/wofvideo.pro\/napifriss\/index.php?rest_route=%2Fwp%2Fv2%2Fcomments&post=1617"}],"version-history":[{"count":1,"href":"https:\/\/wofvideo.pro\/napifriss\/index.php?rest_route=\/wp\/v2\/posts\/1617\/revisions"}],"predecessor-version":[{"id":1619,"href":"https:\/\/wofvideo.pro\/napifriss\/index.php?rest_route=\/wp\/v2\/posts\/1617\/revisions\/1619"}],"wp:featuredmedia":[{"embeddable":true,"href":"https:\/\/wofvideo.pro\/napifriss\/index.php?rest_route=\/wp\/v2\/media\/1618"}],"wp:attachment":[{"href":"https:\/\/wofvideo.pro\/napifriss\/index.php?rest_route=%2Fwp%2Fv2%2Fmedia&parent=1617"}],"wp:term":[{"taxonomy":"category","embeddable":true,"href":"https:\/\/wofvideo.pro\/napifriss\/index.php?rest_route=%2Fwp%2Fv2%2Fcategories&post=1617"},{"taxonomy":"post_tag","embeddable":true,"href":"https:\/\/wofvideo.pro\/napifriss\/index.php?rest_route=%2Fwp%2Fv2%2Ftags&post=1617"}],"curies":[{"name":"wp","href":"https:\/\/api.w.org\/{rel}","templated":true}]}}