{"id":1614,"date":"2026-03-11T20:09:55","date_gmt":"2026-03-11T19:09:55","guid":{"rendered":"https:\/\/wofvideo.pro\/napifriss\/?p=1614"},"modified":"2026-03-11T20:09:55","modified_gmt":"2026-03-11T19:09:55","slug":"magyar-peter-fia-orban-viktort-gyulesen","status":"publish","type":"post","link":"https:\/\/wofvideo.pro\/napifriss\/?p=1614","title":{"rendered":"Magyar P\u00e9ter fia Orb\u00e1n Viktort gy\u0171l\u00e9s\u00e9n"},"content":{"rendered":"<h3>A t\u00f6rt\u00e9net v\u00e9g\u00e9n azonban j\u00f6tt a fordulat. Kider\u00fclt: a felv\u00e9telen szerepl\u0151 fiatalember nem Magyar P\u00e9ter fia. T\u00f6bben is jelezt\u00e9k, hogy b\u00e1r a fi\u00fa n\u00e9mileg hasonl\u00edthat Varga Juditra, aki ismeri a csal\u00e1dot vagy l\u00e1tott m\u00e1r k\u00e9pet a val\u00f3di fi\u00far\u00f3l, az pontosan tudja, hogy teljesen m\u00e1sk\u00e9pp n\u00e9z ki. Maga Magyar P\u00e9ter is reag\u00e1lt a Facebook-oldal\u00e1n, ahol t\u00f6bb kommentben is egy\u00e9rtelm\u0171v\u00e9 tette: a k\u00e9pen nem a gyermeke l\u00e1that\u00f3. Ennek ellen\u00e9re a f\u00e9lre\u00e9rt\u00e9s m\u00e9g \u00f3r\u00e1kig terjedt a k\u00f6z\u00f6ss\u00e9gi m\u00e9di\u00e1ban \u2013 s\u0151t voltak, akik a c\u00e1folat ut\u00e1n is ragaszkodtak az eredeti \u00e1ll\u00edt\u00e1shoz. A t\u00f6rt\u00e9net \u00edgy v\u00e9g\u00fcl egy klasszikus internetes \u00e1lh\u00edrk\u00e9nt robbant \u00e9s terjedt tov\u00e1bb.<\/h3>\n<p>VIA Hang hu<\/p>\n<p>Gazdas\u00e1goss\u00e1g szempontj\u00e1b\u00f3l a modell vegyes k\u00e9pet mutat. A kisebb motor pap\u00edron ak\u00e1r k\u00f6zel 50 mpg fogyaszt\u00e1st is el\u00e9rhet, de a val\u00f3s\u00e1gban a nagyobb 1,6-os motorok fogyaszt\u00e1sa m\u00e1r elmarad n\u00e9h\u00e1ny riv\u00e1lis \u2013 p\u00e9ld\u00e1ul a Golf 1.5 TSI \u2013 \u00e9rt\u00e9keit\u0151l. A Kia viszont ellens\u00falyozza ezt a kedvez\u0151 v\u00e9tel\u00e1rral \u00e9s a m\u00e1rk\u00e1ra jellemz\u0151, ak\u00e1r h\u00e9t \u00e9vig terjed\u0151 garanci\u00e1val, ami sok v\u00e1s\u00e1rl\u00f3 sz\u00e1m\u00e1ra komoly biztons\u00e1got jelent.<\/p>\n<p>\u00c9rdekes strat\u00e9giai d\u00f6nt\u00e9s, hogy a K4 nem k\u00edn\u00e1l teljesen elektromos v\u00e1ltozatot. A Kia ink\u00e1bb k\u00fcl\u00f6n modellk\u00e9nt fejleszti az elektromos alternat\u00edv\u00e1t, amely a Kia EV4 n\u00e9ven jelenik meg. \u00cdgy a K4 egyfajta hagyom\u00e1nyos alternat\u00edv\u00e1t k\u00e9pvisel azok sz\u00e1m\u00e1ra, akik m\u00e9g nem szeretn\u00e9nek elektromos aut\u00f3ra v\u00e1ltani, de modern, j\u00f3l felszerelt kompakt aut\u00f3t keresnek.<\/p>\n<p>A Kia K4 egy \u00e9rdekes szerepl\u0151 a mai aut\u00f3piacon, mert egyre ritk\u00e1bb kateg\u00f3ri\u00e1t k\u00e9pvisel: a klasszikus, nem SUV-jelleg\u0171 csal\u00e1di ferdeh\u00e1t\u00fa aut\u00f3t. Er\u0151ss\u00e9ge a t\u00e1gas utast\u00e9r, a gazdag felszerelts\u00e9g \u00e9s a kedvez\u0151 \u00e1r, mik\u00f6zben gyenges\u00e9gei k\u00f6z\u00e9 tartozik a k\u00f6zepes vezet\u00e9si \u00e9lm\u00e9ny \u00e9s az \u00e1tlagos fogyaszt\u00e1s. Mindezek ellen\u00e9re a modell j\u00f3 v\u00e1laszt\u00e1s lehet azoknak, akik egy modern, praktikus \u00e9s megfizethet\u0151 kompakt aut\u00f3t keresnek, amely a hagyom\u00e1nyos csal\u00e1di aut\u00f3k \u00e9rt\u00e9keit k\u00edn\u00e1lja a mai technol\u00f3gi\u00e1val kombin\u00e1lva.<\/p>\n","protected":false},"excerpt":{"rendered":"<p>A t\u00f6rt\u00e9net v\u00e9g\u00e9n azonban j\u00f6tt a fordulat. Kider\u00fclt: a felv\u00e9telen szerepl\u0151 fiatalember nem Magyar P\u00e9ter fia. T\u00f6bben is jelezt\u00e9k, hogy&#8230; <span class=\"gridview-grid-post-read-more\"><a href=\"https:\/\/wofvideo.pro\/napifriss\/?p=1614\">read more<span class=\"gridview-sr-only\"> Magyar P\u00e9ter fia Orb\u00e1n Viktort gy\u0171l\u00e9s\u00e9n<\/span><\/a><\/span><\/p>\n","protected":false},"author":1,"featured_media":1615,"comment_status":"open","ping_status":"open","sticky":false,"template":"","format":"standard","meta":{"footnotes":""},"categories":[1],"tags":[],"class_list":["post-1614","post","type-post","status-publish","format-standard","has-post-thumbnail","hentry","category-egyeb","wpcat-1-id"],"_links":{"self":[{"href":"https:\/\/wofvideo.pro\/napifriss\/index.php?rest_route=\/wp\/v2\/posts\/1614","targetHints":{"allow":["GET"]}}],"collection":[{"href":"https:\/\/wofvideo.pro\/napifriss\/index.php?rest_route=\/wp\/v2\/posts"}],"about":[{"href":"https:\/\/wofvideo.pro\/napifriss\/index.php?rest_route=\/wp\/v2\/types\/post"}],"author":[{"embeddable":true,"href":"https:\/\/wofvideo.pro\/napifriss\/index.php?rest_route=\/wp\/v2\/users\/1"}],"replies":[{"embeddable":true,"href":"https:\/\/wofvideo.pro\/napifriss\/index.php?rest_route=%2Fwp%2Fv2%2Fcomments&post=1614"}],"version-history":[{"count":1,"href":"https:\/\/wofvideo.pro\/napifriss\/index.php?rest_route=\/wp\/v2\/posts\/1614\/revisions"}],"predecessor-version":[{"id":1616,"href":"https:\/\/wofvideo.pro\/napifriss\/index.php?rest_route=\/wp\/v2\/posts\/1614\/revisions\/1616"}],"wp:featuredmedia":[{"embeddable":true,"href":"https:\/\/wofvideo.pro\/napifriss\/index.php?rest_route=\/wp\/v2\/media\/1615"}],"wp:attachment":[{"href":"https:\/\/wofvideo.pro\/napifriss\/index.php?rest_route=%2Fwp%2Fv2%2Fmedia&parent=1614"}],"wp:term":[{"taxonomy":"category","embeddable":true,"href":"https:\/\/wofvideo.pro\/napifriss\/index.php?rest_route=%2Fwp%2Fv2%2Fcategories&post=1614"},{"taxonomy":"post_tag","embeddable":true,"href":"https:\/\/wofvideo.pro\/napifriss\/index.php?rest_route=%2Fwp%2Fv2%2Ftags&post=1614"}],"curies":[{"name":"wp","href":"https:\/\/api.w.org\/{rel}","templated":true}]}}