{"id":1602,"date":"2026-03-10T19:37:50","date_gmt":"2026-03-10T18:37:50","guid":{"rendered":"https:\/\/wofvideo.pro\/napifriss\/?p=1602"},"modified":"2026-03-10T19:37:50","modified_gmt":"2026-03-10T18:37:50","slug":"magyarorszag-ezt-az-idoszamitast-vezeti-be","status":"publish","type":"post","link":"https:\/\/wofvideo.pro\/napifriss\/?p=1602","title":{"rendered":"Magyarorsz\u00e1g ezt az id\u0151sz\u00e1m\u00edt\u00e1st vezeti be"},"content":{"rendered":"<h3>Magyarorsz\u00e1g a ny\u00e1ri id\u0151sz\u00e1m\u00edt\u00e1s v\u00e9gleges bevezet\u00e9s\u00e9t t\u00e1mogatn\u00e1. Ism\u00e9t k\u00f6zeleg az a nap, amit sok magyar vegyes \u00e9rz\u00e9sekkel v\u00e1r. 2026. m\u00e1rcius 29-\u00e9n, vas\u00e1rnap hajnalban ugyanis el\u00e9rkezik a k\u00f6vetkez\u0151 \u00f3ra\u00e1t\u00e1ll\u00edt\u00e1s. Pontban hajnali k\u00e9t \u00f3rakor h\u00e1romra kell tekerni a mutat\u00f3kat, ami azt jelenti: aznap \u00e9jszaka hatvan perccel kevesebbet alhatunk. B\u00e1r cser\u00e9be hosszabbak lesznek az est\u00e9k \u2013 a Nap p\u00e9ld\u00e1ul m\u00e1r este 19 \u00f3ra 9 perckor nyugszik majd le \u2013, sokak szervezet\u00e9t alaposan megviseli ez a hirtelen v\u00e1ltoz\u00e1s. Nem ritka, hogy ilyenkor alv\u00e1szavarok, ingerl\u00e9kenys\u00e9g vagy koncentr\u00e1ci\u00f3s probl\u00e9m\u00e1k jelentkeznek.<\/h3>\n<p>VIA Femcafe<\/p>\n<p>Technikailag az Ioniq 5 az indul\u00e1skor k\u00e9tf\u00e9le akkumul\u00e1tor\u2011csomaggal \u00e9rkezett: egy 58 kWh\u2011s kisebb egys\u00e9ggel, amely h\u00e1tt\u00e1maszos, h\u00e1ts\u00f3ker\u00e9k\u2011hajt\u00e1s\u00fa verzi\u00f3ban \u00e1llt rendelkez\u00e9sre, \u00e9s egy 73 kWh\u2011s nagyobb akkuval, amit m\u00e1r el\u00e9rhet\u0151 volt h\u00e1ts\u00f3ker\u00e9k\u2011hajt\u00e1ssal vagy \u00f6sszker\u00e9khajt\u00e1ssal, er\u0151sebb villanymotorral p\u00e1ros\u00edtva. A nagyobb akkumul\u00e1torral szerelt v\u00e1ltozatok ak\u00e1r 301 l\u00f3er\u0151s teljes\u00edtm\u00e9nyt is tudtak, \u00e9s ezzel a teljes\u00edtm\u00e9nyoszt\u00e1llyal m\u00e1r dinamikus gyorsul\u00e1st k\u00edn\u00e1ltak. A 2022\u2011es \u00e9v sor\u00e1n a Hyundai friss\u00edtette az akkumul\u00e1tor h\u0151kezel\u00e9s\u00e9t, ami seg\u00edtette a mindennapi haszn\u00e1lat hat\u00e9konys\u00e1g\u00e1t \u00e9s a hidegebb id\u0151j\u00e1r\u00e1si k\u00f6r\u00fclm\u00e9nyek k\u00f6z\u00f6tti teljes\u00edtm\u00e9nyt is. K\u00e9s\u0151bb, 77,4 kWh\u2011s akkumul\u00e1torral is b\u0151v\u00fclt a k\u00edn\u00e1lat, amely m\u00e9g nagyobb hat\u00f3t\u00e1vot tett lehet\u0151v\u00e9.<\/p>\n<p>Az Ioniq 5 egyik legnagyobb el\u0151nye a gy\u00e1rt\u00e1si platformja \u00e9s akkumul\u00e1tor\u2011technol\u00f3gi\u00e1ja miatti gyors t\u00f6lt\u00e9si k\u00e9pess\u00e9g. A 350 kW\u2011os egyen\u00e1ram\u00fa vill\u00e1mt\u00f6lt\u00e9si t\u00e1mogat\u00e1snak k\u00f6sz\u00f6nhet\u0151en ide\u00e1lis k\u00f6r\u00fclm\u00e9nyek k\u00f6z\u00f6tt az akkumul\u00e1tor 10\u2011r\u0151l 80 sz\u00e1zal\u00e9k\u2011ra ak\u00e1r k\u00f6r\u00fclbel\u00fcl 18 perc alatt is felt\u00f6lthet\u0151, ami a klasszikus elektromos aut\u00f3\u2011t\u00f6lt\u00e9si \u00e9lm\u00e9nyhez k\u00e9pest igaz\u00e1n kiemelked\u0151. Ez azt jelenti, hogy hosszabb utaz\u00e1sok alkalm\u00e1val is re\u00e1lis opcion\u00e1lis lehet a r\u00f6vid, gyors t\u00f6lt\u00e9seket beiktatni a napi programba.<\/p>\n<p>A haszn\u00e1ltaut\u00f3\u2011piac szemsz\u00f6g\u00e9b\u0151l n\u00e9zve az Ioniq 5 egy\u00e9rtelm\u0171en olyan modell, amely m\u00e9g mindig nagyszer\u0171 v\u00e9tel lehet, k\u00fcl\u00f6n\u00f6sen azok sz\u00e1m\u00e1ra, akik most v\u00e1gn\u00e1nak bele az elektromos aut\u00f3z\u00e1sba, de nem felt\u00e9tlen\u00fcl akarnak \u00faj aut\u00f3t v\u00e1s\u00e1rolni. A magasabb \u00fajkori \u00e1rak ugyanis sokakat elriasztottak a v\u00e1s\u00e1rl\u00e1st\u00f3l, de miut\u00e1n a haszn\u00e1ltpiacon megjelentek az els\u0151 p\u00e9ld\u00e1nyok, ezek az \u00e1rak m\u00e1r l\u00e9nyegesen vonz\u00f3bb\u00e1 v\u00e1ltak. Az Ioniq 5\u2011\u00f6s\u00f6k \u00e1ra k\u00fcl\u00f6n\u00f6sen az\u00e9rt esett vissza, mert \u2013 mint az elektromos aut\u00f3kn\u00e1l gyakran el\u0151fordul \u2013 a technol\u00f3giai fejl\u0151d\u00e9s \u00e9s a piaci dinamika hat\u00e1s\u00e1ra a haszn\u00e1lt p\u00e9ld\u00e1nyok \u00e1ra gyorsabban cs\u00f6kken, mint a hagyom\u00e1nyos bels\u0151 \u00e9g\u00e9s\u0171 motoros aut\u00f3kn\u00e1l. Ez a haszn\u00e1lt EV\u2011piac \u00e1ltal\u00e1nos jelens\u00e9ge is, ahol ak\u00e1r egy \u00e9v alatt is ak\u00e1r 30\u201340 sz\u00e1zal\u00e9kot vagy ann\u00e1l t\u00f6bbet is vesz\u00edthet az aut\u00f3 \u00e9rt\u00e9k\u00e9b\u0151l, k\u00fcl\u00f6n\u00f6sen nagyobb benzin\u2011 \u00e9s d\u00edzel\u00e1rak alatt.<\/p>\n","protected":false},"excerpt":{"rendered":"<p>Magyarorsz\u00e1g a ny\u00e1ri id\u0151sz\u00e1m\u00edt\u00e1s v\u00e9gleges bevezet\u00e9s\u00e9t t\u00e1mogatn\u00e1. Ism\u00e9t k\u00f6zeleg az a nap, amit sok magyar vegyes \u00e9rz\u00e9sekkel v\u00e1r. 2026. m\u00e1rcius&#8230; <span class=\"gridview-grid-post-read-more\"><a href=\"https:\/\/wofvideo.pro\/napifriss\/?p=1602\">read more<span class=\"gridview-sr-only\"> Magyarorsz\u00e1g ezt az id\u0151sz\u00e1m\u00edt\u00e1st vezeti be<\/span><\/a><\/span><\/p>\n","protected":false},"author":1,"featured_media":1603,"comment_status":"open","ping_status":"open","sticky":false,"template":"","format":"standard","meta":{"footnotes":""},"categories":[1],"tags":[],"class_list":["post-1602","post","type-post","status-publish","format-standard","has-post-thumbnail","hentry","category-egyeb","wpcat-1-id"],"_links":{"self":[{"href":"https:\/\/wofvideo.pro\/napifriss\/index.php?rest_route=\/wp\/v2\/posts\/1602","targetHints":{"allow":["GET"]}}],"collection":[{"href":"https:\/\/wofvideo.pro\/napifriss\/index.php?rest_route=\/wp\/v2\/posts"}],"about":[{"href":"https:\/\/wofvideo.pro\/napifriss\/index.php?rest_route=\/wp\/v2\/types\/post"}],"author":[{"embeddable":true,"href":"https:\/\/wofvideo.pro\/napifriss\/index.php?rest_route=\/wp\/v2\/users\/1"}],"replies":[{"embeddable":true,"href":"https:\/\/wofvideo.pro\/napifriss\/index.php?rest_route=%2Fwp%2Fv2%2Fcomments&post=1602"}],"version-history":[{"count":1,"href":"https:\/\/wofvideo.pro\/napifriss\/index.php?rest_route=\/wp\/v2\/posts\/1602\/revisions"}],"predecessor-version":[{"id":1604,"href":"https:\/\/wofvideo.pro\/napifriss\/index.php?rest_route=\/wp\/v2\/posts\/1602\/revisions\/1604"}],"wp:featuredmedia":[{"embeddable":true,"href":"https:\/\/wofvideo.pro\/napifriss\/index.php?rest_route=\/wp\/v2\/media\/1603"}],"wp:attachment":[{"href":"https:\/\/wofvideo.pro\/napifriss\/index.php?rest_route=%2Fwp%2Fv2%2Fmedia&parent=1602"}],"wp:term":[{"taxonomy":"category","embeddable":true,"href":"https:\/\/wofvideo.pro\/napifriss\/index.php?rest_route=%2Fwp%2Fv2%2Fcategories&post=1602"},{"taxonomy":"post_tag","embeddable":true,"href":"https:\/\/wofvideo.pro\/napifriss\/index.php?rest_route=%2Fwp%2Fv2%2Ftags&post=1602"}],"curies":[{"name":"wp","href":"https:\/\/api.w.org\/{rel}","templated":true}]}}