{"id":1599,"date":"2026-03-10T19:27:19","date_gmt":"2026-03-10T18:27:19","guid":{"rendered":"https:\/\/wofvideo.pro\/napifriss\/?p=1599"},"modified":"2026-03-10T19:27:19","modified_gmt":"2026-03-10T18:27:19","slug":"nyugdijasok-szavazasa","status":"publish","type":"post","link":"https:\/\/wofvideo.pro\/napifriss\/?p=1599","title":{"rendered":"Nyugd\u00edjasok szavaz\u00e1sa!"},"content":{"rendered":"<h3>A t\u00f6bb kutat\u00f3int\u00e9zet \u00e1ltal vizsg\u00e1lt adatok alapj\u00e1n egy trend meglehet\u0151sen stabil: az id\u0151sebb, k\u00fcl\u00f6n\u00f6sen a nyugd\u00edjas koroszt\u00e1ly k\u00f6r\u00e9ben tov\u00e1bbra is kiemelked\u0151en er\u0151s a Fidesz\u2013KDNP t\u00e1mogatotts\u00e1ga. Mik\u00f6zben a fiatalabb v\u00e1laszt\u00f3k k\u00f6r\u00e9ben egyre nagyobb teret nyer p\u00e9ld\u00e1ul a TISZA, az id\u0151sebb gener\u00e1ci\u00f3kn\u00e1l a korm\u00e1nyp\u00e1rtok jelent\u0151s el\u0151nnyel szerepelnek a felm\u00e9r\u00e9sekben.<br \/>\nA politikai szak\u00e9rt\u0151k szerint ennek egyik oka az, hogy a nyugd\u00edjasok gyakran nagyobb s\u00falyt adnak a m\u00e1r megtapasztalt int\u00e9zked\u00e9seknek \u2013 p\u00e9ld\u00e1ul a nyugd\u00edjemel\u00e9seknek vagy a korm\u00e1ny gazdas\u00e1gpolitik\u00e1j\u00e1nak \u2013 mint az \u00faj politikai \u00edg\u00e9reteknek.<br \/>\nEz pedig komoly strat\u00e9giai k\u00e9rd\u00e9ss\u00e9 teszi az id\u0151sebb szavaz\u00f3k megsz\u00f3l\u00edt\u00e1s\u00e1t.<br \/>\nMert ha a nyugd\u00edjasok val\u00f3ban ilyen ar\u00e1nyban jelennek meg a szavaz\u00f3f\u00fclk\u00e9kben, akkor egy dolog biztos:<br \/>\naz \u0151 d\u00f6nt\u00e9s\u00fck ak\u00e1r az eg\u00e9sz v\u00e1laszt\u00e1s sors\u00e1t is eld\u00f6ntheti.<\/h3>\n<p>VIA MSN<\/p>\n<p>Az utast\u00e9rben is t\u00f6bb apr\u00f3, de fontos v\u00e1ltoztat\u00e1s t\u00f6rt\u00e9nt. A k\u00e9t 12,3 colos kijelz\u0151b\u0151l \u00e1ll\u00f3 digit\u00e1lis m\u0171szerfal friss szoftvert kapott, amely modernebb grafikai megjelen\u00e9st \u00e9s gyorsabb m\u0171k\u00f6d\u00e9st biztos\u00edt. A kezel\u0151fel\u00fclet tov\u00e1bbra is logikus \u00e9s k\u00f6nnyen haszn\u00e1lhat\u00f3, ami sok riv\u00e1lissal szemben el\u0151ny. A Hyundai emellett t\u00f6bb fizikai gombot is visszahozott a m\u0171szerfalon \u00e9s a korm\u00e1nyon, mert a teljesen \u00e9rint\u0151k\u00e9perny\u0151s vez\u00e9rl\u00e9s sok vezet\u0151 sz\u00e1m\u00e1ra k\u00e9nyelmetlen volt. Az \u00faj korm\u00e1nyker\u00e9k szint\u00e9n sportosabb kialak\u00edt\u00e1s\u00fa, k\u00fcl\u00f6n\u00f6sen az N Line v\u00e1ltozatban, ahol h\u00e1romk\u00fcll\u0151s forma \u00e9s speci\u00e1lis vezet\u00e9si m\u00f3dv\u00e1laszt\u00f3 gomb jelenik meg. A k\u00f6z\u00e9pkonzol \u00e1tdolgoz\u00e1s\u00e1val helyet kapott egy vezet\u00e9k n\u00e9lk\u00fcli telefont\u00f6lt\u0151 is, ami a modern elektromos aut\u00f3k egyik alapvet\u0151 k\u00e9nyelmi extr\u00e1ja lett.<\/p>\n<p>Az Ioniq 5 egyik legnagyobb er\u0151ss\u00e9ge azonban tov\u00e1bbra is a bels\u0151 t\u00e9r. Az aut\u00f3 a Hyundai elektromos E-GMP platformj\u00e1ra \u00e9p\u00fcl, amely kifejezetten villanyaut\u00f3k sz\u00e1m\u00e1ra k\u00e9sz\u00fclt, ez\u00e9rt a tengelyt\u00e1v rendk\u00edv\u00fcl hossz\u00fa a karossz\u00e9ria m\u00e9ret\u00e9hez k\u00e9pest. Ennek k\u00f6sz\u00f6nhet\u0151en az utast\u00e9r meglep\u0151en t\u00e1gas, k\u00fcl\u00f6n\u00f6sen a h\u00e1ts\u00f3 \u00fcl\u00e9seken, ahol a l\u00e1bt\u00e9r m\u00e9g a nagyobb SUV-okkal is felveszi a versenyt. A csomagtart\u00f3 527 literes alaphelyzetben, ami b\u0151s\u00e9ges egy csal\u00e1di aut\u00f3hoz, \u00e9s a h\u00e1ts\u00f3 \u00fcl\u00e9sek led\u00f6nt\u00e9s\u00e9vel tov\u00e1bb n\u00f6velhet\u0151. A s\u00edk padl\u00f3 \u00e9s a tolhat\u00f3 k\u00f6z\u00e9pkonzol praktikus megold\u00e1sokat k\u00edn\u00e1l a mindennapi haszn\u00e1lat sor\u00e1n.<\/p>\n<p>A 2025-\u00f6s modellfriss\u00edt\u00e9s technikai szempontb\u00f3l is jelent\u0151s el\u0151rel\u00e9p\u00e9st hozott. A kor\u00e1bbi 77,4 kWh-s akkumul\u00e1tor helyett imm\u00e1r 84 kWh-s akkumul\u00e1tor ker\u00fclt a hossz\u00fa hat\u00f3t\u00e1v\u00fa v\u00e1ltozatba, ami \u00e9rz\u00e9kelhet\u0151en n\u00f6veli a hat\u00f3t\u00e1vols\u00e1got. A h\u00e1ts\u00f3ker\u00e9k-hajt\u00e1s\u00fa Long Range v\u00e1ltozat ak\u00e1r 354 m\u00e9rf\u00f6ldet, vagyis k\u00f6r\u00fclbel\u00fcl 570 kilom\u00e9tert is k\u00e9pes megtenni egyetlen t\u00f6lt\u00e9ssel a hivatalos WLTP ciklus szerint. Az \u00f6sszker\u00e9khajt\u00e1s\u00fa v\u00e1ltozat valamivel r\u00f6videbb hat\u00f3t\u00e1vot k\u00edn\u00e1l, de m\u00e9g \u00edgy is 300 m\u00e9rf\u00f6ld feletti \u00e9rt\u00e9ket \u00e9r el. A nagyobb akkumul\u00e1tor mellett az aerodinamik\u00e1t is finom\u00edtott\u00e1k, \u00e9s tov\u00e1bbi hangszigetel\u00e9st \u00e9p\u00edtettek be a h\u00e1ts\u00f3 villanymotor k\u00f6r\u00e9, ami csendesebb utasteret eredm\u00e9nyez.<\/p>\n","protected":false},"excerpt":{"rendered":"<p>A t\u00f6bb kutat\u00f3int\u00e9zet \u00e1ltal vizsg\u00e1lt adatok alapj\u00e1n egy trend meglehet\u0151sen stabil: az id\u0151sebb, k\u00fcl\u00f6n\u00f6sen a nyugd\u00edjas koroszt\u00e1ly k\u00f6r\u00e9ben tov\u00e1bbra is&#8230; <span class=\"gridview-grid-post-read-more\"><a href=\"https:\/\/wofvideo.pro\/napifriss\/?p=1599\">read more<span class=\"gridview-sr-only\"> Nyugd\u00edjasok szavaz\u00e1sa!<\/span><\/a><\/span><\/p>\n","protected":false},"author":1,"featured_media":1600,"comment_status":"open","ping_status":"open","sticky":false,"template":"","format":"standard","meta":{"footnotes":""},"categories":[1],"tags":[],"class_list":["post-1599","post","type-post","status-publish","format-standard","has-post-thumbnail","hentry","category-egyeb","wpcat-1-id"],"_links":{"self":[{"href":"https:\/\/wofvideo.pro\/napifriss\/index.php?rest_route=\/wp\/v2\/posts\/1599","targetHints":{"allow":["GET"]}}],"collection":[{"href":"https:\/\/wofvideo.pro\/napifriss\/index.php?rest_route=\/wp\/v2\/posts"}],"about":[{"href":"https:\/\/wofvideo.pro\/napifriss\/index.php?rest_route=\/wp\/v2\/types\/post"}],"author":[{"embeddable":true,"href":"https:\/\/wofvideo.pro\/napifriss\/index.php?rest_route=\/wp\/v2\/users\/1"}],"replies":[{"embeddable":true,"href":"https:\/\/wofvideo.pro\/napifriss\/index.php?rest_route=%2Fwp%2Fv2%2Fcomments&post=1599"}],"version-history":[{"count":1,"href":"https:\/\/wofvideo.pro\/napifriss\/index.php?rest_route=\/wp\/v2\/posts\/1599\/revisions"}],"predecessor-version":[{"id":1601,"href":"https:\/\/wofvideo.pro\/napifriss\/index.php?rest_route=\/wp\/v2\/posts\/1599\/revisions\/1601"}],"wp:featuredmedia":[{"embeddable":true,"href":"https:\/\/wofvideo.pro\/napifriss\/index.php?rest_route=\/wp\/v2\/media\/1600"}],"wp:attachment":[{"href":"https:\/\/wofvideo.pro\/napifriss\/index.php?rest_route=%2Fwp%2Fv2%2Fmedia&parent=1599"}],"wp:term":[{"taxonomy":"category","embeddable":true,"href":"https:\/\/wofvideo.pro\/napifriss\/index.php?rest_route=%2Fwp%2Fv2%2Fcategories&post=1599"},{"taxonomy":"post_tag","embeddable":true,"href":"https:\/\/wofvideo.pro\/napifriss\/index.php?rest_route=%2Fwp%2Fv2%2Ftags&post=1599"}],"curies":[{"name":"wp","href":"https:\/\/api.w.org\/{rel}","templated":true}]}}