{"id":1584,"date":"2026-03-09T22:36:07","date_gmt":"2026-03-09T21:36:07","guid":{"rendered":"https:\/\/wofvideo.pro\/napifriss\/?p=1584"},"modified":"2026-03-09T22:36:07","modified_gmt":"2026-03-09T21:36:07","slug":"orban-vedett-arat-vezetett-be","status":"publish","type":"post","link":"https:\/\/wofvideo.pro\/napifriss\/?p=1584","title":{"rendered":"Orb\u00e1n v\u00e9dett \u00e1rat vezetett be"},"content":{"rendered":"<h3>A korm\u00e1ny szerint \u00e9ppen ez\u00e9rt a legfontosabb a nyugd\u00edjasok v\u00e9delme. A legkisebb j\u00f6vedelemb\u0151l \u00e9l\u0151k ugyanis sokkal \u00e9rz\u00e9kenyebben reag\u00e1lnak minden dr\u00e1gul\u00e1sra, k\u00fcl\u00f6n\u00f6sen akkor, ha az az \u00e9lelmiszereket \u00e9rinti. Orb\u00e1n Viktor bejelentette: a v\u00e9dett \u00e1r seg\u00edts\u00e9g\u00e9vel megakad\u00e1lyozz\u00e1k, hogy az \u00fczemanyag dr\u00e1gul\u00e1sa felrobbantsa az alapvet\u0151 \u00e9lelmiszerek \u00e1r\u00e1t, \u00edgy a nyugd\u00edjasok meg\u00e9lhet\u00e9si k\u00f6lts\u00e9geit is kord\u00e1ban tartj\u00e1k. A d\u00f6nt\u00e9s \u00e9rtelm\u00e9ben a benzin \u00e1ra legfeljebb 595 forint, a g\u00e1zolaj\u00e9 615 forint lehet literenk\u00e9nt, az int\u00e9zked\u00e9s pedig m\u00e1r h\u00e9tf\u0151 \u00e9jf\u00e9lt\u0151l \u00e9letbe l\u00e9p, hogy a magyar id\u0151sek p\u00e9nzt\u00e1rc\u00e1j\u00e1t is megv\u00e9dj\u00e9k az \u00fajabb \u00e1remelked\u00e9si hull\u00e1mt\u00f3l.<\/h3>\n<p>VIA MSN<\/p>\n<p>A haszn\u00e1ltaut\u00f3\u2011piacon az Ioniq 5\u2011\u00f6k \u00e1ra \u00e9s el\u00e9rhet\u0151s\u00e9ge term\u00e9szetesen v\u00e1ltoz\u00f3, de mivel az eredeti \u00faj \u00e1ruk gyakran meghaladta a 40\u202f000 fontot, a n\u00e9h\u00e1ny \u00e9ves p\u00e9ld\u00e1nyok jelent\u0151s \u00e9rt\u00e9kveszt\u00e9st szenvednek el, ami viszont a vev\u0151k sz\u00e1m\u00e1ra j\u00f3 lehet\u0151s\u00e9get teremt arra, hogy egy j\u00f3l felszerelt, nagym\u00e9ret\u0171 \u00e9s megb\u00edzhat\u00f3 elektromos aut\u00f3t v\u00e1s\u00e1rolhassanak kedvez\u0151bb \u00e1ron.<\/p>\n<p>A modell bels\u0151 tere modern \u00e9s t\u00e1gas, ahol a m\u0171szerfalat \u00e9s a k\u00f6z\u00e9pkonzolt dupla 12,3\u2011colos digit\u00e1lis kijelz\u0151 uralja, amelyek az infotainmentet \u00e9s a vezet\u0151 sz\u00e1m\u00e1ra fontos inform\u00e1ci\u00f3kat jelen\u00edtik meg. A bels\u0151 t\u00e9r vil\u00e1gos sz\u00ednvil\u00e1ga, a letisztult formatervez\u00e9s \u00e9s a min\u0151s\u00e9gi anyagok az \u00fcgyf\u00e9l\u00e9lm\u00e9nyt er\u0151s\u00edtik, b\u00e1r bizonyos r\u00e9szletek \u2013 p\u00e9ld\u00e1ul a vil\u00e1gos k\u00e1rpit miatt \u2013 gyorsabban koszol\u00f3dhatnak, mint s\u00f6t\u00e9tebb bels\u0151k eset\u00e9n.<\/p>\n<p>A csomagt\u00e9r\u2011kapacit\u00e1s az egyik er\u0151ss\u00e9ge az Ioniq 5\u2011nek: alaphelyzetben k\u00f6r\u00fclbel\u00fcl 527 literes, a h\u00e1ts\u00f3 \u00fcl\u00e9sek lehajt\u00e1s\u00e1val pedig ak\u00e1r t\u00f6bb mint 1\u202f500 literre b\u0151v\u00edthet\u0151, ami b\u0151s\u00e9ges helyet biztos\u00edt a csal\u00e1di csomagok vagy ak\u00e1r sport\u2011 \u00e9s szabadid\u0151s felszerel\u00e9sek sz\u00e1m\u00e1ra. Ezen fel\u00fcl az aut\u00f3 orr\u00e1ban tal\u00e1lhat\u00f3 \u201cfrunk\u201d, vagyis els\u0151 csomagt\u00e9r tov\u00e1bbi t\u00e1rol\u00f3kapacit\u00e1st ad, ami k\u00fcl\u00f6n\u00f6sen hasznos olyan kisebb t\u00e1rgyak elhelyez\u00e9s\u00e9hez, amelyeket gyorsan szeretn\u00e9nk el\u00e9rni.<\/p>\n<p>A Hyundai emellett kiterjedt garanci\u00e1t k\u00edn\u00e1l: az aut\u00f3kra \u00e1ltal\u00e1ban \u00f6t \u00e9v korl\u00e1tlan kilom\u00e9ter\u2011garancia \u00e9s nyolc \u00e9v vagy 125\u202f000 m\u00e9rf\u00f6ld akkumul\u00e1torgarancia vonatkozik, ami k\u00fcl\u00f6n biztons\u00e1got ad a haszn\u00e1lt aut\u00f3t v\u00e1s\u00e1rl\u00f3knak, mivel az esetleges akkumul\u00e1tor\u2011kapacit\u00e1scs\u00f6kken\u00e9s vagy meghib\u00e1sod\u00e1s k\u00f6lts\u00e9gei ezzel a j\u00f3t\u00e1ll\u00e1ssal r\u00e9szben fedezettek.<\/p>\n<p>A fenntart\u00e1si k\u00f6lts\u00e9gek tekintet\u00e9ben a Hyundai Ioniq 5 m\u00e9rs\u00e9kelt szervizig\u00e9ny\u0171, mivel az elektromos hajt\u00e1sl\u00e1nc kevesebb mozg\u00f3 alkatr\u00e9sszel rendelkezik, mint egy hagyom\u00e1nyos bels\u0151 \u00e9g\u00e9s\u0171 motoros aut\u00f3, \u00e9s ez\u00e9rt a meghib\u00e1sod\u00e1si lehet\u0151s\u00e9gek is cs\u00f6kkennek. A szervizintervallumok p\u00e9ld\u00e1ul \u00e1ltal\u00e1ban k\u00e9t \u00e9vente vagy 20\u202f000 m\u00e9rf\u00f6ldenk\u00e9nt esed\u00e9kesek, de opcion\u00e1lisan \u00e9vente is el lehet v\u00e9geztetni karbantart\u00e1st, amely k\u00f6lts\u00e9ge alacsonyabb lehet, mint m\u00e1s hasonl\u00f3 m\u00e9ret\u0171 \u00e9s \u00e1rkateg\u00f3ri\u00e1j\u00fa elektromos j\u00e1rm\u0171vekn\u00e9l.<\/p>\n","protected":false},"excerpt":{"rendered":"<p>A korm\u00e1ny szerint \u00e9ppen ez\u00e9rt a legfontosabb a nyugd\u00edjasok v\u00e9delme. A legkisebb j\u00f6vedelemb\u0151l \u00e9l\u0151k ugyanis sokkal \u00e9rz\u00e9kenyebben reag\u00e1lnak minden dr\u00e1gul\u00e1sra,&#8230; <span class=\"gridview-grid-post-read-more\"><a href=\"https:\/\/wofvideo.pro\/napifriss\/?p=1584\">read more<span class=\"gridview-sr-only\"> Orb\u00e1n v\u00e9dett \u00e1rat vezetett be<\/span><\/a><\/span><\/p>\n","protected":false},"author":1,"featured_media":1585,"comment_status":"open","ping_status":"open","sticky":false,"template":"","format":"standard","meta":{"footnotes":""},"categories":[1],"tags":[],"class_list":["post-1584","post","type-post","status-publish","format-standard","has-post-thumbnail","hentry","category-egyeb","wpcat-1-id"],"_links":{"self":[{"href":"https:\/\/wofvideo.pro\/napifriss\/index.php?rest_route=\/wp\/v2\/posts\/1584","targetHints":{"allow":["GET"]}}],"collection":[{"href":"https:\/\/wofvideo.pro\/napifriss\/index.php?rest_route=\/wp\/v2\/posts"}],"about":[{"href":"https:\/\/wofvideo.pro\/napifriss\/index.php?rest_route=\/wp\/v2\/types\/post"}],"author":[{"embeddable":true,"href":"https:\/\/wofvideo.pro\/napifriss\/index.php?rest_route=\/wp\/v2\/users\/1"}],"replies":[{"embeddable":true,"href":"https:\/\/wofvideo.pro\/napifriss\/index.php?rest_route=%2Fwp%2Fv2%2Fcomments&post=1584"}],"version-history":[{"count":1,"href":"https:\/\/wofvideo.pro\/napifriss\/index.php?rest_route=\/wp\/v2\/posts\/1584\/revisions"}],"predecessor-version":[{"id":1586,"href":"https:\/\/wofvideo.pro\/napifriss\/index.php?rest_route=\/wp\/v2\/posts\/1584\/revisions\/1586"}],"wp:featuredmedia":[{"embeddable":true,"href":"https:\/\/wofvideo.pro\/napifriss\/index.php?rest_route=\/wp\/v2\/media\/1585"}],"wp:attachment":[{"href":"https:\/\/wofvideo.pro\/napifriss\/index.php?rest_route=%2Fwp%2Fv2%2Fmedia&parent=1584"}],"wp:term":[{"taxonomy":"category","embeddable":true,"href":"https:\/\/wofvideo.pro\/napifriss\/index.php?rest_route=%2Fwp%2Fv2%2Fcategories&post=1584"},{"taxonomy":"post_tag","embeddable":true,"href":"https:\/\/wofvideo.pro\/napifriss\/index.php?rest_route=%2Fwp%2Fv2%2Ftags&post=1584"}],"curies":[{"name":"wp","href":"https:\/\/api.w.org\/{rel}","templated":true}]}}