{"id":1178,"date":"2026-02-05T17:29:01","date_gmt":"2026-02-05T16:29:01","guid":{"rendered":"https:\/\/wofvideo.pro\/napifriss\/?p=1178"},"modified":"2026-02-05T17:29:01","modified_gmt":"2026-02-05T16:29:01","slug":"megsemmisult-kovacs-reniek-haza","status":"publish","type":"post","link":"https:\/\/wofvideo.pro\/napifriss\/?p=1178","title":{"rendered":"Megsemmis\u00fclt Kov\u00e1cs Reni\u00e9k h\u00e1za!"},"content":{"rendered":"<h3>\u201eBorzaszt\u00f3 l\u00e1tnom, hogy az az er\u0151s n\u0151, aki felnevelt, most \u00f6sszet\u00f6rve \u00e1ll a romok el\u0151tt\u201d \u2013 mondta Reni k\u00f6nnyeivel k\u00fczdve.<br \/>\nAz \u00f6nkorm\u00e1nyzat felaj\u00e1nlott seg\u00edts\u00e9get, \u00e1m egyik lehet\u0151s\u00e9g sem jelentett val\u00f3di megold\u00e1st: az egyik ingatlan lakhatatlan volt, a m\u00e1sikba pedig a kuty\u00e1kat nem engedt\u00e9k be. Alb\u00e9rletet tal\u00e1lni ilyen k\u00f6r\u00fclm\u00e9nyek k\u00f6z\u00f6tt szinte lehetetlen. \u201eA legre\u00e1lisabb megold\u00e1s az lenne, ha a le\u00e9gett h\u00e1z telk\u00e9re mobil- vagy kont\u00e9nerh\u00e1z ker\u00fclne\u201d \u2013 mondta ki a keser\u0171 val\u00f3s\u00e1got Reni.<br \/>\nB\u00e1r az ingatlan biztos\u00edtva volt, a k\u00e1rt\u00e9r\u00edt\u00e9s lassan halad, \u00e9s a csal\u00e1d nem sok j\u00f3ra sz\u00e1m\u00edt.<br \/>\nA bizonytalans\u00e1g \u00e9s a harc az \u00fajrakezd\u00e9s\u00e9rt m\u00e9g csak most kezd\u0151dik.<\/h3>\n<p>VIA T\u00e9nyek<\/p>\n<p>A V60 T6 Recharge hibrid rendszer\u00e9nek m\u0171k\u00f6d\u00e9se \u00e1ltal\u00e1ban sima \u00e9s z\u00f6kken\u0151mentes: az elektromos \u00e9s benzines hajt\u00e1s k\u00f6z\u00f6tti v\u00e1lt\u00e1s alig \u00e9szrevehet\u0151, ami csendes, finom gyorsul\u00e1st biztos\u00edt. A motor hangja a Volvo-szok\u00e1s szerint csendes \u00e9s kultur\u00e1lt, m\u00e9g er\u0151teljes gyors\u00edt\u00e1sn\u00e1l sem v\u00e1lik tolakod\u00f3v\u00e1.<br \/>\nA plusz akkumul\u00e1tort\u00f6meg miatt azonban a V60 nem egy k\u00f6nny\u0171 aut\u00f3: menet k\u00f6zben \u00e9rz\u0151dik a t\u00f6meg, k\u00fcl\u00f6n\u00f6sen kanyarokban, ahol a karossz\u00e9ria oldalir\u00e1ny\u00fa d\u0151l\u00e9se kifejezettebb lehet. A V60 ink\u00e1bb a komfortot favoriz\u00e1lja, mint a sportos mozg\u00e1st \u2014 \u00edgy a BMW 330e-hez vagy m\u00e1s, dinamikusabb riv\u00e1lisokhoz k\u00e9pest kicsit kev\u00e9sb\u00e9 \u201esportos \u00e9lm\u00e9ny\u201d a vezet\u00e9se. A korm\u00e1nyz\u00e1s viszont j\u00f3 s\u00falyoz\u00e1s\u00fa \u00e9s teljesen term\u00e9szetes hat\u00e1s\u00fa, b\u00e1r nem ad rengeteg visszajelz\u00e9st az \u00fatfel\u00fcletr\u0151l, mint n\u00e9h\u00e1ny kev\u00e9sb\u00e9 komfort-orient\u00e1lt vet\u00e9lyt\u00e1rs.<\/p>\n<p>A fut\u00f3m\u0171 komfortos, a puha hangol\u00e1s pedig hosszabb utak sor\u00e1n kifejezetten nyugtat\u00f3 hat\u00e1s\u00fa \u2014 ez a t\u00f6meg \u00e9s a rug\u00f3z\u00e1s h\u00e1zass\u00e1ga abban a kateg\u00f3ri\u00e1ban m\u0171k\u00f6dik igaz\u00e1n j\u00f3l, ahol az aut\u00f3t ink\u00e1bb k\u00e9nyelmes csal\u00e1di kilom\u00e9terekre tervezt\u00e9k, nem tiszt\u00e1n sportos vezet\u00e9sre.<br \/>\nAmikor a hibrid rendszer j\u00f3l m\u0171k\u00f6dik \u00e9s gyakran t\u00f6lthet\u0151 (pl. k\u00fclt\u00e9ri vagy otthoni fali t\u00f6lt\u0151r\u0151l), akkor a kombin\u00e1lt \u00fczemanyag-fogyaszt\u00e1s ak\u00e1r rendk\u00edv\u00fcl alacsony \u00e9rt\u00e9keket is el\u00e9rhet \u2014 a gy\u00e1ri adatok szerint sz\u00e9ls\u0151s\u00e9ges esetben ak\u00e1r 256,5 mpg-nek (brit m\u00e9r\u00e9si ciklus) megfelel\u0151 sz\u00e1madatot k\u00f6z\u00f6lnek, b\u00e1r ez csak akkor \u00e9rhet\u0151 el, ha nagyon ritk\u00e1n haszn\u00e1lja a bels\u0151 \u00e9g\u00e9s\u0171 motort. Re\u00e1lis, vegyes t\u00fara eset\u00e9n kb. 60 mpg-ig is eljuthat egy t\u00f6lt\u00e9ssel, de \u00fcres akkumul\u00e1torral m\u00e1r a 30-as tartom\u00e1ny is gyakori.<br \/>\nAz akkumul\u00e1tor t\u00f6lt\u00e9se h\u00e1zi fali t\u00f6lt\u0151r\u0151l jellemz\u0151en kb. 2,5 \u00f3ra alatt teljesen megt\u00f6rt\u00e9nik, ami viszonylag gyors, de a mai plug-in hibrid trendekhez k\u00e9pest nem kiemelked\u0151 gyorsas\u00e1g\u00fa; n\u00e9h\u00e1ny versenyt\u00e1rs ak\u00e1r 7 kW-os AC-t\u00e1mogat\u00e1ssal gyorsabban t\u00f6lthet.<br \/>\nA Volvo V60 praktikum\u00e1t j\u00f3l szeml\u00e9lteti a spanyol sportkombik\u00e9nt is emlegetett forma ellen\u00e9re t\u00e1gas csomagt\u00e9r: a h\u00e1ts\u00f3 \u00fcl\u00e9sek m\u00f6g\u00f6tt m\u00e9g a nagyobb akkumul\u00e1tor ellen\u00e9re is kb. 529 literes t\u00e9r marad, amely b\u0151v\u00edthet\u0151 a h\u00e1ts\u00f3 \u00fcl\u00e9sek led\u00f6nt\u00e9s\u00e9vel ak\u00e1r kb. 1441 literre. Ez a h\u00e9tv\u00e9gi utaz\u00e1sokhoz vagy nagyobb csomagok sz\u00e1ll\u00edt\u00e1s\u00e1hoz is b\u0151s\u00e9ges helyet biztos\u00edt, m\u00e9g akkor is, ha nem a legnagyobb a kateg\u00f3ri\u00e1ban.<br \/>\nA h\u00e1ts\u00f3 l\u00e1bt\u00e9r r\u00e9v\u00e9n az utast\u00e9r k\u00e9nyelmesnek mondhat\u00f3 n\u00e9gy feln\u0151tt sz\u00e1m\u00e1ra is, \u00e9s a belt\u00e9r kialak\u00edt\u00e1sa pr\u00e9mium hat\u00e1st kelt a legt\u00f6bb haszn\u00e1lati \u00e9s vizu\u00e1lis szempontb\u00f3l.<br \/>\nM\u0171szaki adat-\u00e1ttekint\u00e9s (plug-in hybrid T6)<br \/>\nA Volvo hivatalos adatai szerint a V60 T6 Recharge plug-in hibrid modell jellemz\u0151i: \u00f6sszker\u00e9khajt\u00e1s, automata v\u00e1lt\u00f3, kb. 18,8 kWh akkumul\u00e1tor, vegyes elektromos hat\u00f3t\u00e1v 75\u201392 km WLTP szerint, CO\u2082-kibocs\u00e1t\u00e1s 17\u201325 g\/km, \u00e9s max. vontat\u00e1si kapacit\u00e1s 2000 kg.<\/p>\n","protected":false},"excerpt":{"rendered":"<p>\u201eBorzaszt\u00f3 l\u00e1tnom, hogy az az er\u0151s n\u0151, aki felnevelt, most \u00f6sszet\u00f6rve \u00e1ll a romok el\u0151tt\u201d \u2013 mondta Reni k\u00f6nnyeivel k\u00fczdve&#8230;. <span class=\"gridview-grid-post-read-more\"><a href=\"https:\/\/wofvideo.pro\/napifriss\/?p=1178\">read more<span class=\"gridview-sr-only\"> Megsemmis\u00fclt Kov\u00e1cs Reni\u00e9k h\u00e1za!<\/span><\/a><\/span><\/p>\n","protected":false},"author":1,"featured_media":1179,"comment_status":"open","ping_status":"open","sticky":false,"template":"","format":"standard","meta":{"footnotes":""},"categories":[1],"tags":[],"class_list":["post-1178","post","type-post","status-publish","format-standard","has-post-thumbnail","hentry","category-egyeb","wpcat-1-id"],"_links":{"self":[{"href":"https:\/\/wofvideo.pro\/napifriss\/index.php?rest_route=\/wp\/v2\/posts\/1178","targetHints":{"allow":["GET"]}}],"collection":[{"href":"https:\/\/wofvideo.pro\/napifriss\/index.php?rest_route=\/wp\/v2\/posts"}],"about":[{"href":"https:\/\/wofvideo.pro\/napifriss\/index.php?rest_route=\/wp\/v2\/types\/post"}],"author":[{"embeddable":true,"href":"https:\/\/wofvideo.pro\/napifriss\/index.php?rest_route=\/wp\/v2\/users\/1"}],"replies":[{"embeddable":true,"href":"https:\/\/wofvideo.pro\/napifriss\/index.php?rest_route=%2Fwp%2Fv2%2Fcomments&post=1178"}],"version-history":[{"count":1,"href":"https:\/\/wofvideo.pro\/napifriss\/index.php?rest_route=\/wp\/v2\/posts\/1178\/revisions"}],"predecessor-version":[{"id":1180,"href":"https:\/\/wofvideo.pro\/napifriss\/index.php?rest_route=\/wp\/v2\/posts\/1178\/revisions\/1180"}],"wp:featuredmedia":[{"embeddable":true,"href":"https:\/\/wofvideo.pro\/napifriss\/index.php?rest_route=\/wp\/v2\/media\/1179"}],"wp:attachment":[{"href":"https:\/\/wofvideo.pro\/napifriss\/index.php?rest_route=%2Fwp%2Fv2%2Fmedia&parent=1178"}],"wp:term":[{"taxonomy":"category","embeddable":true,"href":"https:\/\/wofvideo.pro\/napifriss\/index.php?rest_route=%2Fwp%2Fv2%2Fcategories&post=1178"},{"taxonomy":"post_tag","embeddable":true,"href":"https:\/\/wofvideo.pro\/napifriss\/index.php?rest_route=%2Fwp%2Fv2%2Ftags&post=1178"}],"curies":[{"name":"wp","href":"https:\/\/api.w.org\/{rel}","templated":true}]}}