{"id":1102,"date":"2026-02-01T10:09:08","date_gmt":"2026-02-01T09:09:08","guid":{"rendered":"https:\/\/wofvideo.pro\/napifriss\/?p=1102"},"modified":"2026-02-01T10:09:08","modified_gmt":"2026-02-01T09:09:08","slug":"itt-kapta-el-fenyo-miki-sulyos-betegseget","status":"publish","type":"post","link":"https:\/\/wofvideo.pro\/napifriss\/?p=1102","title":{"rendered":"Itt kapta el Feny\u0151 Miki s\u00falyos betegs\u00e9g\u00e9t"},"content":{"rendered":"<h3>Feny\u0151 Mikl\u00f3s soha nem titkolta: volt egy szenve\/d\u00e9lye, amir\u0151l nem tudott lemondani. A d\/h\/nyz\u00e1s. Hi\u00e1ba figyelmeztett\u00e9k az orvosai \u00fajra \u00e9s \u00fajra, a clgl v\u00e9gigk\u00eds\u00e9rte az \u00e9let\u00e9t. Hogy ez mennyiben j\u00e1rult hozz\u00e1 a t\u00fcdeje v\u00e9gzetes k\u00fczdelm\u00e9hez, arra m\u00e1r soha nem kapunk v\u00e1laszt.<br \/>\nPedig a tervei \u00e9ltek. Az \u00f6r\u00f6k jampi napt\u00e1ra gyakorlatilag tele volt: fell\u00e9p\u00e9sek, koncertek, k\u00f6z\u00f6ns\u00e9gtal\u00e1lkoz\u00f3k. \u00c9s volt egy nagy titok is. Egy k\u00fcl\u00f6nleges \u00e1lom. A 2027-es \u00e9letm\u0171koncert. A Feny\u0151 80.<br \/>\nErr\u0151l besz\u00e9lt a Blikk-nek R\u00f3zsa Istv\u00e1n menedzser, aki ritk\u00e1n sz\u00f3lal meg, de most megt\u00f6rte a csendet. El\u00e1rulta: janu\u00e1r elej\u00e9n tal\u00e1lkoztak volna, hogy \u00fajra \u00e1tbesz\u00e9lj\u00e9k a terveket. Erre azonban m\u00e1r nem ker\u00fclhetett sor. Mire az \u00faj id\u0151pont elj\u00f6tt volna, Feny\u0151 Mikl\u00f3s k\u00f3rh\u00e1zba ker\u00fclt.<\/h3>\n<p>VIA Blikk<\/p>\n<p>A biztons\u00e1gi felszerelts\u00e9g tekintet\u00e9ben az Actyon nagyon j\u00f3 csomagot k\u00edn\u00e1l: alapfelszerelts\u00e9gk\u00e9nt sz\u00e1mos akt\u00edv vezet\u00e9st\u00e1mogat\u00f3 funkci\u00f3 j\u00e1r, mint az automatikus v\u00e9szf\u00e9kez\u00e9s, s\u00e1vtart\u00f3- \u00e9s s\u00e1velhagy\u00e1s-figyel\u00e9s, holtt\u00e9rfigyel\u00e9s, h\u00e1ts\u00f3 keresztforgalom-riaszt\u00e1s \u00e9s adapt\u00edv sebess\u00e9gtart\u00f3 automatika, illetve t\u00f6bb l\u00e9gzs\u00e1k az utasok v\u00e9delm\u00e9re. Ugyanakkor a modell m\u00e9g nem esett \u00e1t a f\u00fcggetlen Euro NCAP t\u00f6r\u00e9steszten, \u00edgy a hivatalos biztons\u00e1gi besorol\u00e1s hi\u00e1nyzik \u2013 ez egy fontos szempont lehet p\u00e9ld\u00e1ul csal\u00e1di aut\u00f3 v\u00e1laszt\u00e1s\u00e1n\u00e1l.<\/p>\n<p>Az \u00fczemanyag-fogyaszt\u00e1s \u00e9s a fut\u00e1si k\u00f6lts\u00e9gek nem \u00e9ppen a leger\u0151sebb oldala az Actyonnak: mivel nincs hibrid vagy villamos hajt\u00e1s, \u00e9s csak a benzinmotor el\u00e9rhet\u0151, a gy\u00e1ri adat k\u00f6r\u00fclbel\u00fcl 33,1\u201333,6 mpg-nek felel meg vegyes ciklusban, de a val\u00f3s haszn\u00e1latban ink\u00e1bb 28\u201330 mpg k\u00f6r\u00fcl alakul, ami elmarad a hat\u00e9konyabb, modern benzines vagy plug-in hibrid SUV-k fogyaszt\u00e1s\u00e1t\u00f3l. A CO\u2082-kibocs\u00e1t\u00e1s ennek megfelel\u0151en viszonylag magasabb is, ami bizonyos ad\u00f3z\u00e1si k\u00f6rnyezetekben vagy v\u00e1llalati haszn\u00e1latban h\u00e1tr\u00e1nyt jelenthet.<br \/>\nPraktikum tekintet\u00e9ben az Actyon t\u00e1gas bels\u0151 tere \u00e9s nagy csomagt\u00e9r er\u0151s versenyz\u0151v\u00e9 teszi a modellt: a h\u00e1ts\u00f3 \u00fcl\u00e9sek m\u00f6g\u00f6tti t\u00e9r b\u0151 660 liter, \u00e9s a nagy rakod\u00f3t\u00e9r m\u00e9g t\u00f6bb csomagot elnyel, ami k\u00fcl\u00f6n\u00f6sen hasznos lehet utaz\u00e1s vagy nagy bev\u00e1s\u00e1rl\u00e1s eset\u00e9n. A magas \u00fcl\u00e9spoz\u00edci\u00f3 \u00e9s j\u00f3 kil\u00e1t\u00e1s tov\u00e1bb n\u00f6veli a mindennapi haszn\u00e1lhat\u00f3s\u00e1got.<\/p>\n<p>Mindezek alapj\u00e1n a KGM Actyon olyan SUV-nak t\u0171nik, amely nagyon j\u00f3 \u00e1r-felszerelts\u00e9g ar\u00e1nnyal pr\u00f3b\u00e1lja lev\u00e1ltani a dr\u00e1g\u00e1bb vagy kev\u00e9sb\u00e9 felszerelt konkurenci\u00e1t, mik\u00f6zben nagym\u00e9ret\u0171 bels\u0151t, b\u0151s\u00e9ges csomagteret \u00e9s modern biztons\u00e1gi felszerel\u00e9st k\u00edn\u00e1l. Ugyanakkor kompromisszumokat kell k\u00f6tni a menetkomfort, a vezet\u00e9si dinamika \u00e9s az \u00fczemanyag-gazdas\u00e1g ter\u00e9n, \u00e9s fontos megjegyezni, hogy a modell m\u00e9g nem rendelkezik Euro NCAP t\u00f6r\u00e9steszt eredm\u00e9nnyel.<\/p>\n","protected":false},"excerpt":{"rendered":"<p>Feny\u0151 Mikl\u00f3s soha nem titkolta: volt egy szenve\/d\u00e9lye, amir\u0151l nem tudott lemondani. A d\/h\/nyz\u00e1s. Hi\u00e1ba figyelmeztett\u00e9k az orvosai \u00fajra \u00e9s&#8230; <span class=\"gridview-grid-post-read-more\"><a href=\"https:\/\/wofvideo.pro\/napifriss\/?p=1102\">read more<span class=\"gridview-sr-only\"> Itt kapta el Feny\u0151 Miki s\u00falyos betegs\u00e9g\u00e9t<\/span><\/a><\/span><\/p>\n","protected":false},"author":1,"featured_media":1103,"comment_status":"open","ping_status":"open","sticky":false,"template":"","format":"standard","meta":{"footnotes":""},"categories":[1],"tags":[],"class_list":["post-1102","post","type-post","status-publish","format-standard","has-post-thumbnail","hentry","category-egyeb","wpcat-1-id"],"_links":{"self":[{"href":"https:\/\/wofvideo.pro\/napifriss\/index.php?rest_route=\/wp\/v2\/posts\/1102","targetHints":{"allow":["GET"]}}],"collection":[{"href":"https:\/\/wofvideo.pro\/napifriss\/index.php?rest_route=\/wp\/v2\/posts"}],"about":[{"href":"https:\/\/wofvideo.pro\/napifriss\/index.php?rest_route=\/wp\/v2\/types\/post"}],"author":[{"embeddable":true,"href":"https:\/\/wofvideo.pro\/napifriss\/index.php?rest_route=\/wp\/v2\/users\/1"}],"replies":[{"embeddable":true,"href":"https:\/\/wofvideo.pro\/napifriss\/index.php?rest_route=%2Fwp%2Fv2%2Fcomments&post=1102"}],"version-history":[{"count":1,"href":"https:\/\/wofvideo.pro\/napifriss\/index.php?rest_route=\/wp\/v2\/posts\/1102\/revisions"}],"predecessor-version":[{"id":1104,"href":"https:\/\/wofvideo.pro\/napifriss\/index.php?rest_route=\/wp\/v2\/posts\/1102\/revisions\/1104"}],"wp:featuredmedia":[{"embeddable":true,"href":"https:\/\/wofvideo.pro\/napifriss\/index.php?rest_route=\/wp\/v2\/media\/1103"}],"wp:attachment":[{"href":"https:\/\/wofvideo.pro\/napifriss\/index.php?rest_route=%2Fwp%2Fv2%2Fmedia&parent=1102"}],"wp:term":[{"taxonomy":"category","embeddable":true,"href":"https:\/\/wofvideo.pro\/napifriss\/index.php?rest_route=%2Fwp%2Fv2%2Fcategories&post=1102"},{"taxonomy":"post_tag","embeddable":true,"href":"https:\/\/wofvideo.pro\/napifriss\/index.php?rest_route=%2Fwp%2Fv2%2Ftags&post=1102"}],"curies":[{"name":"wp","href":"https:\/\/api.w.org\/{rel}","templated":true}]}}