{"id":110,"date":"2025-11-26T18:22:23","date_gmt":"2025-11-26T17:22:23","guid":{"rendered":"https:\/\/wofvideo.pro\/napifriss\/?p=110"},"modified":"2025-11-26T18:22:23","modified_gmt":"2025-11-26T17:22:23","slug":"oriasit-hibazott-herceg-erika","status":"publish","type":"post","link":"https:\/\/wofvideo.pro\/napifriss\/?p=110","title":{"rendered":"\u00d3ri\u00e1sit hib\u00e1zott Herceg Erika!"},"content":{"rendered":"<h3>Ahogy k\u00f6zeledik a d\u00f6nt\u0151 h\u00e9tv\u00e9ge, egyre nyilv\u00e1nval\u00f3bb: a n\u00e9z\u0151k olyan haraggal tekintenek Herceg Erik\u00e1ra, amire kor\u00e1bban m\u00e9g nem volt p\u00e9lda. T\u00f6bben m\u00e1r azt \u00edrj\u00e1k, hogy ha Attila nyerne, azzal a Megaszt\u00e1r \u00f6r\u00f6kre el\u00e1sn\u00e1 mag\u00e1t.<br \/>\nPersze akadnak olyanok is, akik szerint Csongor saj\u00e1t mag\u00e1t sodorta bajba, amikor visszasz\u00f3lt a mestereknek, \u00e1m ez a v\u00e9lem\u00e9ny most szinte elveszik a d\u00fcht\u0151l izz\u00f3 kommenttengerben.<br \/>\nA fesz\u00fclts\u00e9g a tet\u0151fok\u00e1ra h\u00e1g: a d\u00f6nt\u0151be v\u00e9g\u00fcl \u00c1d\u00e1m Attila, P.Y.F.U, Kedl Ol\u00edvia \u00e9s Lengyel Johanna jutott, de a k\u00f6z\u00f6ns\u00e9g egy r\u00e9sze m\u00e1r nem is a versenyz\u0151ket figyeli \u2013 csak azt, vajon a csatorna meghozza-e azt a d\u00f6nt\u00e9st, amelyet ezrek k\u00f6vetelnek napok \u00f3ta.<br \/>\nA n\u00e9z\u0151k szerint ugyanis csak egy megold\u00e1s maradt: HERCEG ERIKA MENJEN.<\/h3>\n<p>VIA contextus<\/p>\n<p>&#8211;<\/p>\n<p>Nem lehet elker\u00fclni azt a t\u00e9nyt, hogy az egyszer\u0171 csavar\u00f3gerend\u00e1s h\u00e1ts\u00f3 felf\u00fcggeszt\u00e9s v\u00e1laszt\u00e1s\u00e1val a Toyota Auris azonnal megfoszt\u00f3dik a Volkswagen Golf \u00e9s a Ford Focus \u00e1ltal \u00e9lvezett alv\u00e1zkifinomults\u00e1g egyik kulcsfontoss\u00e1g\u00fa elem\u00e9t\u0151l  .<\/p>\n<p>Mindent tud, amit elv\u00e1rhatunk t\u0151le, \u00e9s a korm\u00e1nyz\u00e1s k\u00fcl\u00f6n dics\u00e9retet \u00e9rdemel a pontos \u00e9s \u00e9rtelmesen s\u00falyozott korm\u00e1nyz\u00e1s\u00e9rt. Az aut\u00f3 egy bizonyos pontig f\u00fcrge \u00e9s rugalmas, de abban a pillanatban, amikor a talaj cs\u00fany\u00e1v\u00e1 v\u00e1lik, a h\u00e1ts\u00f3 tengely nehezen birk\u00f3z meg a m\u00e9lyebb nyomv\u00e1ly\u00fakkal, \u00e9s kit\u00e9rhet. Az sem elhanyagolhat\u00f3, hogy a Toyota azon d\u00f6nt\u00e9se, hogy az Auris-t bel\u00fclr\u0151l kifel\u00e9 tervezte, jelent\u0151sen h\u00e1tr\u00e1ltatta az alv\u00e1zat. El\u0151sz\u00f6r is, a magasabb s\u00falypont \u00e9s a viszonylag rugalmas felf\u00fcggeszt\u00e9s meglehet\u0151sen jelent\u0151s karossz\u00e9riad\u0151l\u00e9st eredm\u00e9nyez an\u00e9lk\u00fcl, hogy kateg\u00f3riaels\u0151 rug\u00f3z\u00e1si \u00e9lm\u00e9nyt ny\u00fajtana.<br \/>\nEz term\u00e9szetesen jelent\u0151s fejr\u00e1z\u00e1st eredm\u00e9nyez minden utas sz\u00e1m\u00e1ra, \u00e9s ez rontja az aut\u00f3 hossz\u00fa t\u00e1v\u00fa k\u00e9nyelm\u00e9t. Az Auris 1515 mm-es magass\u00e1g\u00e1nak leg\u00e9rdekesebb velej\u00e1r\u00f3ja azonban a gyenge ir\u00e1nystabilit\u00e1s nagy sebess\u00e9gn\u00e9l \u00e9s az oldalsz\u00e9lre val\u00f3 irrit\u00e1l\u00f3 \u00e9rz\u00e9kenys\u00e9g. Aut\u00f3p\u00e1ly\u00e1n olyan sz\u00e9lben vezetni, amelyet egy Golf-vezet\u0151 \u00e9szre sem venne, jelent\u0151s korm\u00e1nyz\u00e1si beavatkoz\u00e1st ig\u00e9nyel, hogy elker\u00fclj\u00fck a m\u00e1sok \u00fatfel\u00fclet\u00e9re val\u00f3 kanyarod\u00e1st.<br \/>\nTal\u00e1n ez, minden m\u00e1s megfigyel\u00e9sn\u00e9l jobban, azt mutatja, hogy a Toyota szak\u00e9rtelme val\u00f3j\u00e1ban abban rejlik, hogy j\u00f3l gy\u00e1rtsa az aut\u00f3kat, \u00e9s p\u00e9nzt keressen vel\u00fck. Minden Golf ugyanazokkal az alapvet\u0151 (\u00e9s kifinomult) felf\u00fcggeszt\u00e9si alkatr\u00e9szekkel rendelkezik. Az a t\u00e9ny, hogy a Golf manaps\u00e1g nem sokat keres, bennfentesek megb\u00edzhat\u00f3 inform\u00e1ci\u00f3i szerint val\u00f3sz\u00edn\u0171leg igazolja a Toyota d\u00f6nt\u00e9s\u00e9t ebben a k\u00e9rd\u00e9sben.<\/p>\n","protected":false},"excerpt":{"rendered":"<p>Ahogy k\u00f6zeledik a d\u00f6nt\u0151 h\u00e9tv\u00e9ge, egyre nyilv\u00e1nval\u00f3bb: a n\u00e9z\u0151k olyan haraggal tekintenek Herceg Erik\u00e1ra, amire kor\u00e1bban m\u00e9g nem volt p\u00e9lda&#8230;. <span class=\"gridview-grid-post-read-more\"><a href=\"https:\/\/wofvideo.pro\/napifriss\/?p=110\">read more<span class=\"gridview-sr-only\"> \u00d3ri\u00e1sit hib\u00e1zott Herceg Erika!<\/span><\/a><\/span><\/p>\n","protected":false},"author":1,"featured_media":111,"comment_status":"open","ping_status":"open","sticky":false,"template":"","format":"standard","meta":{"footnotes":""},"categories":[1],"tags":[],"class_list":["post-110","post","type-post","status-publish","format-standard","has-post-thumbnail","hentry","category-egyeb","wpcat-1-id"],"_links":{"self":[{"href":"https:\/\/wofvideo.pro\/napifriss\/index.php?rest_route=\/wp\/v2\/posts\/110","targetHints":{"allow":["GET"]}}],"collection":[{"href":"https:\/\/wofvideo.pro\/napifriss\/index.php?rest_route=\/wp\/v2\/posts"}],"about":[{"href":"https:\/\/wofvideo.pro\/napifriss\/index.php?rest_route=\/wp\/v2\/types\/post"}],"author":[{"embeddable":true,"href":"https:\/\/wofvideo.pro\/napifriss\/index.php?rest_route=\/wp\/v2\/users\/1"}],"replies":[{"embeddable":true,"href":"https:\/\/wofvideo.pro\/napifriss\/index.php?rest_route=%2Fwp%2Fv2%2Fcomments&post=110"}],"version-history":[{"count":1,"href":"https:\/\/wofvideo.pro\/napifriss\/index.php?rest_route=\/wp\/v2\/posts\/110\/revisions"}],"predecessor-version":[{"id":112,"href":"https:\/\/wofvideo.pro\/napifriss\/index.php?rest_route=\/wp\/v2\/posts\/110\/revisions\/112"}],"wp:featuredmedia":[{"embeddable":true,"href":"https:\/\/wofvideo.pro\/napifriss\/index.php?rest_route=\/wp\/v2\/media\/111"}],"wp:attachment":[{"href":"https:\/\/wofvideo.pro\/napifriss\/index.php?rest_route=%2Fwp%2Fv2%2Fmedia&parent=110"}],"wp:term":[{"taxonomy":"category","embeddable":true,"href":"https:\/\/wofvideo.pro\/napifriss\/index.php?rest_route=%2Fwp%2Fv2%2Fcategories&post=110"},{"taxonomy":"post_tag","embeddable":true,"href":"https:\/\/wofvideo.pro\/napifriss\/index.php?rest_route=%2Fwp%2Fv2%2Ftags&post=110"}],"curies":[{"name":"wp","href":"https:\/\/api.w.org\/{rel}","templated":true}]}}