{"id":1088,"date":"2026-01-29T18:07:43","date_gmt":"2026-01-29T17:07:43","guid":{"rendered":"https:\/\/wofvideo.pro\/napifriss\/?p=1088"},"modified":"2026-01-29T18:07:43","modified_gmt":"2026-01-29T17:07:43","slug":"erkezik-a-80-cm-es-havazas-felenk-tart","status":"publish","type":"post","link":"https:\/\/wofvideo.pro\/napifriss\/?p=1088","title":{"rendered":"\u00c9rkezik a 80 cm-es havaz\u00e1s fel\u00e9nk tart"},"content":{"rendered":"<h3>Ez l\u00e9nyeg\u00e9ben egy hatalmas, \u00f6rv\u00e9nyl\u0151 l\u00e9gk\u00f6ri rendszer a sarkvid\u00e9k f\u00f6l\u00f6tt, amely norm\u00e1l esetben \u201ebez\u00e1rva\u201d tartja a hideg leveg\u0151t az \u00e9szaki t\u00e9rs\u00e9gekben. Olyan, mint egy fal vagy gy\u0171r\u0171, ami megakad\u00e1lyozza, hogy a sarkvid\u00e9ki hideg szabadon le\u00f6mlj\u00f6n d\u00e9lebbre. Az \u00e9rkez\u00e9s sok mindent\u0151l f\u00fcgg! Jelenleg ha a pol\u00e1ris \u00f6rv\u00e9ny nem v\u00e1ltozik napokon bel\u00fcl el\u00e9rhet minket!<\/h3>\n<p>Forr\u00e1s: MSN \/ FB \/ EZT<\/p>\n<p>&#8211;<\/p>\n<p>Az Alfa Romeo 4C \u00f3ri\u00e1si felt\u0171n\u00e9st keltett, amikor 2011-ben, a Genfi Aut\u00f3szalonon tanulm\u00e1nyaut\u00f3 form\u00e1j\u00e1ban bemutatkozott. A k\u00f6z\u00f6ns\u00e9g \u00e9s a szakma egyar\u00e1nt azonnal felfigyelt r\u00e1, hiszen a l\u00e1tv\u00e1nyos, rendk\u00edv\u00fcl alacsony \u00e9s sz\u00e9les karossz\u00e9ria, a klasszikus olasz sportaut\u00f3kat id\u00e9z\u0151 ar\u00e1nyok \u00e9s az agressz\u00edv r\u00e9szletek egy\u00e9rtelm\u0171en jelezt\u00e9k, hogy az Alfa Romeo vissza akar t\u00e9rni a gy\u00f6kereihez. Nem egy t\u00fald\u00edsz\u00edtett koncepci\u00f3r\u00f3l volt sz\u00f3, hanem egy olyan aut\u00f3r\u00f3l, amely val\u00f3di \u00edg\u00e9retet hordozott: k\u00f6nny\u0171, k\u00f6z\u00e9pmotoros, tiszt\u00e1n vezet\u00e9si \u00e9lm\u00e9nyre kihegyezett sportkocsi, kompromisszumok n\u00e9lk\u00fcl. A sorozatgy\u00e1rt\u00e1s\u00fa v\u00e1ltozat meglep\u0151en gyorsan k\u00f6vette a tanulm\u00e1nyt, \u00e9s szinte v\u00e1ltoztat\u00e1s n\u00e9lk\u00fcl vette \u00e1t annak formavil\u00e1g\u00e1t, ami \u00f6nmag\u00e1ban is ritkas\u00e1g az aut\u00f3iparban.<\/p>\n<p>A v\u00e9gleges modell hajt\u00e1s\u00e1r\u00f3l a Giulietta Quadrifoglio Verde (Cloverleaf) modellb\u0151l ismert, 1,75 literes, n\u00e9gyhengeres, turb\u00f3felt\u00f6lt\u0151s benzinmotor gondoskodott, amelyet 237 l\u00f3er\u0151re hangoltak. Az er\u0151forr\u00e1st egy hatfokozat\u00fa, TCT jel\u0171, dupla kuplungos automata v\u00e1lt\u00f3hoz p\u00e1ros\u00edtott\u00e1k. A koncepci\u00f3 pap\u00edron rendk\u00edv\u00fcl \u00edg\u00e9retesnek t\u0171nt: kis t\u00f6meg, er\u0151s motor, k\u00f6z\u00e9pmotoros elrendez\u00e9s \u00e9s h\u00e1ts\u00f3ker\u00e9k-hajt\u00e1s. 2015-ben az Alfa Romeo tov\u00e1bb fokozta az \u00e9lm\u00e9nyt a 4C Spider bemutat\u00e1s\u00e1val, amely a nyitott tet\u0151nek k\u00f6sz\u00f6nhet\u0151en m\u00e9g k\u00f6zvetlenebb kapcsolatot \u00edg\u00e9rt a vezet\u00e9ssel \u00e9s a k\u00f6rnyezettel, igazi \u201esz\u00e9l a hajban\u201d \u00e9let\u00e9rz\u00e9st k\u00edn\u00e1lva a m\u00e1rka rajong\u00f3inak.<\/p>\n","protected":false},"excerpt":{"rendered":"<p>Ez l\u00e9nyeg\u00e9ben egy hatalmas, \u00f6rv\u00e9nyl\u0151 l\u00e9gk\u00f6ri rendszer a sarkvid\u00e9k f\u00f6l\u00f6tt, amely norm\u00e1l esetben \u201ebez\u00e1rva\u201d tartja a hideg leveg\u0151t az \u00e9szaki&#8230; <span class=\"gridview-grid-post-read-more\"><a href=\"https:\/\/wofvideo.pro\/napifriss\/?p=1088\">read more<span class=\"gridview-sr-only\"> \u00c9rkezik a 80 cm-es havaz\u00e1s fel\u00e9nk tart<\/span><\/a><\/span><\/p>\n","protected":false},"author":1,"featured_media":1089,"comment_status":"open","ping_status":"open","sticky":false,"template":"","format":"standard","meta":{"footnotes":""},"categories":[1],"tags":[],"class_list":["post-1088","post","type-post","status-publish","format-standard","has-post-thumbnail","hentry","category-egyeb","wpcat-1-id"],"_links":{"self":[{"href":"https:\/\/wofvideo.pro\/napifriss\/index.php?rest_route=\/wp\/v2\/posts\/1088","targetHints":{"allow":["GET"]}}],"collection":[{"href":"https:\/\/wofvideo.pro\/napifriss\/index.php?rest_route=\/wp\/v2\/posts"}],"about":[{"href":"https:\/\/wofvideo.pro\/napifriss\/index.php?rest_route=\/wp\/v2\/types\/post"}],"author":[{"embeddable":true,"href":"https:\/\/wofvideo.pro\/napifriss\/index.php?rest_route=\/wp\/v2\/users\/1"}],"replies":[{"embeddable":true,"href":"https:\/\/wofvideo.pro\/napifriss\/index.php?rest_route=%2Fwp%2Fv2%2Fcomments&post=1088"}],"version-history":[{"count":1,"href":"https:\/\/wofvideo.pro\/napifriss\/index.php?rest_route=\/wp\/v2\/posts\/1088\/revisions"}],"predecessor-version":[{"id":1090,"href":"https:\/\/wofvideo.pro\/napifriss\/index.php?rest_route=\/wp\/v2\/posts\/1088\/revisions\/1090"}],"wp:featuredmedia":[{"embeddable":true,"href":"https:\/\/wofvideo.pro\/napifriss\/index.php?rest_route=\/wp\/v2\/media\/1089"}],"wp:attachment":[{"href":"https:\/\/wofvideo.pro\/napifriss\/index.php?rest_route=%2Fwp%2Fv2%2Fmedia&parent=1088"}],"wp:term":[{"taxonomy":"category","embeddable":true,"href":"https:\/\/wofvideo.pro\/napifriss\/index.php?rest_route=%2Fwp%2Fv2%2Fcategories&post=1088"},{"taxonomy":"post_tag","embeddable":true,"href":"https:\/\/wofvideo.pro\/napifriss\/index.php?rest_route=%2Fwp%2Fv2%2Ftags&post=1088"}],"curies":[{"name":"wp","href":"https:\/\/api.w.org\/{rel}","templated":true}]}}