{"id":107,"date":"2025-11-26T17:57:56","date_gmt":"2025-11-26T16:57:56","guid":{"rendered":"https:\/\/wofvideo.pro\/napifriss\/?p=107"},"modified":"2025-11-26T17:57:56","modified_gmt":"2025-11-26T16:57:56","slug":"megerkezett-a-brutalis-arviz","status":"publish","type":"post","link":"https:\/\/wofvideo.pro\/napifriss\/?p=107","title":{"rendered":"Meg\u00e9rkezett a brut\u00e1lis \u00e1rv\u00edz!"},"content":{"rendered":"<h3>\u00c9s itt m\u00e9g nincs v\u00e9ge. Az Ipoly mostanra t\u00e9nyleg t\u00f6rt\u00e9nelmi magass\u00e1gokba emelkedett: Ipolytarn\u00f3cn\u00e1l szerda \u00e9jjel a valaha m\u00e9rt legnagyobb v\u00edzszint k\u00f6zel\u00e9ben tet\u0151zhet \u2013 ilyen dr\u00e1mai el\u0151rejelz\u00e9sre \u00e9vtizedek \u00f3ta nem volt p\u00e9lda. N\u00f3gr\u00e1dszak\u00e1ln\u00e1l m\u00e1r els\u0151fok\u00fa k\u00e9sz\u00fclts\u00e9g van \u00e9rv\u00e9nyben, \u00e9s mindenki att\u00f3l f\u00e9l, vajon b\u00edrj\u00e1k-e a g\u00e1tak.<br \/>\nK\u00f6zben \u00e1rhull\u00e1m indult el a B\u00f3dv\u00e1n, a Hern\u00e1don, a Bodrogon \u00e9s a Tarn\u00e1n is. Ha \u00edgy minden folytat\u00f3dik, csak id\u0151 k\u00e9rd\u00e9se, mikor l\u00e9pi \u00e1t a v\u00edz a kritikus hat\u00e1rt.<\/h3>\n<p>VIA Blikk<\/p>\n<p>&#8211;<\/p>\n<p>Azonban hosszabb, sz\u00e9lesebb \u00e9s alacsonyabb, mint a Rio, amelyet felv\u00e1lt , hogy jav\u00edtsa a dinamik\u00e1t, a bels\u0151 teret \u00e9s a megjelen\u00e9st. Ahogy az elfogadott szupermini norma, a Rio most valamivel t\u00f6bb mint n\u00e9gy m\u00e9ter hossz\u00fa (4045 mm), amelyb\u0151l mintegy 70 mm-rel megn\u00f6velt\u00e9k az el\u0151z\u0151 modell tengelyt\u00e1vj\u00e1t, \u00e9s a belt\u00e9r b\u0151v\u00edt\u00e9se \u00e9rdek\u00e9ben n\u00f6velt\u00e9k. Az, hogy \u00f6sszess\u00e9g\u00e9ben 15 mm-rel alacsonyabb, a st\u00edlus jav\u00edt\u00e1s\u00e1ra ir\u00e1nyul\u00f3 t\u00f6rekv\u00e9s r\u00e9sze; ha magas, kis Ki\u00e1ra v\u00e1gysz, mostant\u00f3l ott van a Soul \u00e9s a Venga.<\/p>\n<p>A Kia szerint a m\u00e9retn\u00f6veked\u00e9s s\u00falyn\u00f6veked\u00e9s n\u00e9lk\u00fcl t\u00f6rt\u00e9nt. A legk\u00f6nnyebb Rio (az 1,25 literes h\u00e1romajt\u00f3s) \u00e1ll\u00edt\u00f3lag pontosan 1200 kg-ot nyom, a legnehezebb (1,4 literes CRDI h\u00e1romajt\u00f3s) pedig 1334 kg-ot. Teljesen tankolva, de egy\u00e9bk\u00e9nt \u00fcresen egy 1,4 literes h\u00e1romajt\u00f3st 1165 kg-ot m\u00e9rt\u00fcnk. Ez nem nagy sz\u00e9gyen \u2013 k\u00fcl\u00f6n\u00f6sen tekintve, hogy a Kia hivatalos \u201eEU-s\u201d \u00e1ll\u00edt\u00e1sa szerint 75 kg \u2013, de jobban \u00f6r\u00fcln\u00e9nk, ha t\u00f6bb kisaut\u00f3 lenne k\u00f6zelebb az egy tonn\u00e1hoz.<\/p>\n<p>A Kia 1,4 literes \u201eGamma\u201d benzinmotorja 107 l\u00f3er\u0151s \u2013 ami k\u00fcl\u00f6n\u00f6sen versenyk\u00e9pes teljes\u00edtm\u00e9ny a henger\u0171rtartalomhoz k\u00e9pest \u2013, \u00e9s hatfokozat\u00fa manu\u00e1lis sebess\u00e9gv\u00e1lt\u00f3val rendelkezik, ak\u00e1rcsak az 1,4 literes d\u00edzel \u00e9s az 1,1 literes d\u00edzel . Az 1,25 literes benzinmotor csak \u00f6tfokozat\u00fa. Azoknak, akik ragaszkodnak a k\u00e9t ped\u00e1lhoz, egy r\u00e9gim\u00f3di, n\u00e9gyfokozat\u00fa automata sebess\u00e9gv\u00e1lt\u00f3 is el\u00e9rhet\u0151, de csak az 1,4 literes benzinmotorral egy\u00fctt, a k\u00f6z\u00e9pkateg\u00f3ri\u00e1s felszerelts\u00e9gi szinteken.<\/p>\n<p>A felf\u00fcggeszt\u00e9s teljesen hagyom\u00e1nyos ebben a kateg\u00f3ri\u00e1ban, el\u00f6l MacPherson rug\u00f3stagokkal, h\u00e1tul pedig torzi\u00f3s gerendelyekkel.<\/p>\n<p>Az elektromos szervokorm\u00e1ny r\u00e1seg\u00edt\u00e9ses, de ez az egyetlen utal\u00e1s az energiatakar\u00e9kos kieg\u00e9sz\u00edt\u0151kre, amelyek alapfelszerelts\u00e9gk\u00e9nt j\u00e1rnak. Az automatikus stop-start rendszer, a r\u00e9szidej\u0171 gener\u00e1tor \u00e9s az energiatakar\u00e9kos gumiabroncsok opcion\u00e1lisak, de EcoDynamics technol\u00f3gi\u00e1kk\u00e9nt csomagolva a d\u00edzelmotorokon alapfelszerelts\u00e9gk\u00e9nt szerepelnek.<\/p>\n","protected":false},"excerpt":{"rendered":"<p>\u00c9s itt m\u00e9g nincs v\u00e9ge. Az Ipoly mostanra t\u00e9nyleg t\u00f6rt\u00e9nelmi magass\u00e1gokba emelkedett: Ipolytarn\u00f3cn\u00e1l szerda \u00e9jjel a valaha m\u00e9rt legnagyobb v\u00edzszint&#8230; <span class=\"gridview-grid-post-read-more\"><a href=\"https:\/\/wofvideo.pro\/napifriss\/?p=107\">read more<span class=\"gridview-sr-only\"> Meg\u00e9rkezett a brut\u00e1lis \u00e1rv\u00edz!<\/span><\/a><\/span><\/p>\n","protected":false},"author":1,"featured_media":108,"comment_status":"open","ping_status":"open","sticky":false,"template":"","format":"standard","meta":{"footnotes":""},"categories":[1],"tags":[],"class_list":["post-107","post","type-post","status-publish","format-standard","has-post-thumbnail","hentry","category-egyeb","wpcat-1-id"],"_links":{"self":[{"href":"https:\/\/wofvideo.pro\/napifriss\/index.php?rest_route=\/wp\/v2\/posts\/107","targetHints":{"allow":["GET"]}}],"collection":[{"href":"https:\/\/wofvideo.pro\/napifriss\/index.php?rest_route=\/wp\/v2\/posts"}],"about":[{"href":"https:\/\/wofvideo.pro\/napifriss\/index.php?rest_route=\/wp\/v2\/types\/post"}],"author":[{"embeddable":true,"href":"https:\/\/wofvideo.pro\/napifriss\/index.php?rest_route=\/wp\/v2\/users\/1"}],"replies":[{"embeddable":true,"href":"https:\/\/wofvideo.pro\/napifriss\/index.php?rest_route=%2Fwp%2Fv2%2Fcomments&post=107"}],"version-history":[{"count":1,"href":"https:\/\/wofvideo.pro\/napifriss\/index.php?rest_route=\/wp\/v2\/posts\/107\/revisions"}],"predecessor-version":[{"id":109,"href":"https:\/\/wofvideo.pro\/napifriss\/index.php?rest_route=\/wp\/v2\/posts\/107\/revisions\/109"}],"wp:featuredmedia":[{"embeddable":true,"href":"https:\/\/wofvideo.pro\/napifriss\/index.php?rest_route=\/wp\/v2\/media\/108"}],"wp:attachment":[{"href":"https:\/\/wofvideo.pro\/napifriss\/index.php?rest_route=%2Fwp%2Fv2%2Fmedia&parent=107"}],"wp:term":[{"taxonomy":"category","embeddable":true,"href":"https:\/\/wofvideo.pro\/napifriss\/index.php?rest_route=%2Fwp%2Fv2%2Fcategories&post=107"},{"taxonomy":"post_tag","embeddable":true,"href":"https:\/\/wofvideo.pro\/napifriss\/index.php?rest_route=%2Fwp%2Fv2%2Ftags&post=107"}],"curies":[{"name":"wp","href":"https:\/\/api.w.org\/{rel}","templated":true}]}}