{"id":104,"date":"2025-11-26T17:18:18","date_gmt":"2025-11-26T16:18:18","guid":{"rendered":"https:\/\/wofvideo.pro\/napifriss\/?p=104"},"modified":"2025-11-26T17:18:18","modified_gmt":"2025-11-26T16:18:18","slug":"szornyu-balesetet-szenvedett-orban-viktor-konvoja","status":"publish","type":"post","link":"https:\/\/wofvideo.pro\/napifriss\/?p=104","title":{"rendered":"Sz\u00f6rny\u0171 balesetet szenvedett Orb\u00e1n Viktor konvoja!"},"content":{"rendered":"<h3>\u00c9s most a k\u00e9rd\u00e9s, amit\u0151l sokan eltakart\u00e1k a szem\u00fcket \u2014 hogyan ker\u00fclhetett sor arra, hogy egy elit biztons\u00e1gi alakulat luxusaut\u00f3ja ilyen s\u00falyos balesetet szenvedjen, mik\u00f6zben maga a minisztereln\u00f6k biztons\u00e1g\u00e1n dolgozott? A hivatalos vizsg\u00e1lat elindult, de az agg\u00f3d\u00f3 lakosok m\u00e1ris tal\u00e1lgatni kezdt\u00e9k: vajon hiba volt-e a j\u00e1rm\u0171 m\u0171szaki \u00e1llapota, vagy figyelmetlens\u00e9g vezetett a dr\u00e1m\u00e1hoz?<br \/>\nA k\u00f6zlem\u00e9ny szerint m\u00e1s j\u00e1rm\u0171 nem \u00e9rintett a trag\u00e9di\u00e1ban, de a baleset s\u00falyoss\u00e1ga \u00edgy is nyilv\u00e1nval\u00f3 volt.<\/h3>\n<p>VIA Blikk<\/p>\n<p>&#8211;<\/p>\n<p>Gyakran tapasztalhat\u00f3 n\u00e9mi r\u00e1ngat\u00f3z\u00e1s is. Ami k\u00e1r, mert e k\u00fcl\u00f6n\u00f6s viselked\u00e9s n\u00e9lk\u00fcl a V70 j\u00f3val \u00e1tlagon fel\u00fcli rug\u00f3z\u00e1si \u00e9lm\u00e9nyt ny\u00fajtana , \u00e9s a kezelhet\u0151s\u00e9ge is megfelel\u0151 lenne, ha nem t\u00f6bb ann\u00e1l.<br \/>\nVal\u00f3j\u00e1ban a V70-est lend\u00fcletesen lehet vezetni a neh\u00e9zkes vid\u00e9ki utakon , de prec\u00edzi\u00f3s m\u0171szernek aligha nevezn\u00e9nk  . Az emelked\u0151 \u00e9s s\u00fcllyed\u0151 d\u0151l\u00e9ssz\u00f6gek id\u0151nk\u00e9nt f\u0171r\u00e9szel\u00e9sre k\u00e9nyszer\u00edtik a korm\u00e1nyt a korrekci\u00f3 \u00e9rdek\u00e9ben. A korm\u00e1nyz\u00e1s kanyarban sem harap j\u00f3l.<br \/>\nAmi szint\u00e9n hi\u00e1nyzik bel\u0151le, az a Ford S-Max kifinomults\u00e1ga (egy aut\u00f3, amely nagyj\u00e1b\u00f3l ugyanazt az alv\u00e1zat haszn\u00e1lja) . Kanyarod\u00e1skor enyhe r\u00e1ngat\u00f3z\u00e1si \u00e9rz\u00e9st \u00e9rz\u00fcnk, \u00e9s b\u00e1r a bizonytalans\u00e1g e m\u00fal\u00f3 pillanata ut\u00e1n kev\u00e9sb\u00e9 d\u0151l el, mint amire sz\u00e1m\u00edtan\u00e1nk, m\u00e9gsem \u00e9rz\u0151dik t\u00fal kiegyens\u00falyozottnak.<br \/>\nEnnek a nyugalomnak egy r\u00e9sz\u00e9t az R-Design fut\u00f3m\u0171 vissza\u00e1ll\u00edtja. Az \u00faj rug\u00f3k \u00e9s leng\u00e9scsillap\u00edt\u00f3k, a m\u00f3dos\u00edtott szintszab\u00e1lyoz\u00f3 rendszer \u00e9s az alacsonyabb hasmagass\u00e1g (el\u00f6l 20 mm, h\u00e1tul 15 mm) nyugodt rug\u00f3z\u00e1st \u00e9s nagyobb kanyarv\u00e9teli kedvet biztos\u00edt. V\u00e9lem\u00e9ny\u00fcnk szerint minden V70-es modellt alapfelszerelts\u00e9gk\u00e9nt kellene felszerelni az R-Design v\u00e1ltoztat\u00e1sokkal . A Volvo V70 egykor az egyik, ha nem a legjobb \u00fczemeltet\u00e9si aj\u00e1nlatot k\u00edn\u00e1lta a kateg\u00f3ri\u00e1j\u00e1ban . Ez eg\u00e9szen addig tartott, am\u00edg meg nem jelent a Skoda Superb kombi , amely ugyanazt a helyet k\u00edn\u00e1lta sokkal kevesebb\u00e9rt.<br \/>\nBel\u00e9p\u0151 szint\u0171 v\u00e1ltozat\u00e1ban a 177 l\u00f3er\u0151s T4 ES felszerelts\u00e9gi szinttel k\u00f6r\u00fclbel\u00fcl 28 000 font\u00e9rt kaphat\u00f3. A bel\u00e9p\u0151 szint\u0171 Skoda Superb S k\u00f6r\u00fclbel\u00fcl 10 000 fonttal olcs\u00f3bb. Rendben, a 123 l\u00f3er\u0151s 1.4 TSI motor teljes\u00edtm\u00e9nye aligha hasonl\u00edthat\u00f3 a t\u00f6bbi modellhez , de ez n\u00e9mi k\u00e9pet ad arr\u00f3l, hogy mennyit kaphatsz ennyi p\u00e9nz\u00e9rt a Skod\u00e1\u00e9rt.<\/p>\n<p>K\u00f6z\u00fati teszt szerkeszt\u0151<br \/>\nMinden V70-es modell alapfelszerelts\u00e9g\u00e9hez tartozik a kiv\u00e1l\u00f3 nyolc hangsz\u00f3r\u00f3s sztere\u00f3, az es\u0151\u00e9rz\u00e9kel\u0151s ablakt\u00f6rl\u0151k, a hat l\u00e9gzs\u00e1k, az ac\u00e9l rakom\u00e1nyv\u00e9d\u0151 r\u00e1cs, a z\u00e1rhat\u00f3 rakt\u00e9rpadl\u00f3, a kl\u00edmaberendez\u00e9s, a sebess\u00e9gtart\u00f3 automatika, a fed\u00e9lzeti sz\u00e1m\u00edt\u00f3g\u00e9p, az elektromosan \u00e1ll\u00edthat\u00f3 vezet\u0151\u00fcl\u00e9s \u00e9s az el\u0151re d\u00f6nthet\u0151 utas\u00fcl\u00e9s.<br \/>\nA fels\u0151kateg\u00f3ri\u00e1s SE Lux modellek b\u0151rk\u00e1rpitoz\u00e1st, fa \u00e9s extra kr\u00f3m dekor\u00e1ci\u00f3kat, elektromos csomagt\u00e9rajt\u00f3t, h\u00e1ts\u00f3 parkol\u00f3radarokat, elektromos els\u0151 utas\u00fcl\u00e9st \u00e9s bi-xenon f\u00e9nysz\u00f3r\u00f3kat is kapnak. De az utasoldali l\u00e9gzs\u00e1k kapcsol\u00f3j\u00e1nak, ak\u00e1rcsak az elektromos csomagt\u00e9rajt\u00f3nak, val\u00f3ban alapfelszerelts\u00e9gnek kellene lennie egy Volv\u00f3ban . A 4C akt\u00edv felf\u00fcggeszt\u00e9s opci\u00f3ja egy\u00e9bk\u00e9nt nem \u00e9ri meg a f\u00e1rads\u00e1got.<br \/>\nA hasznos extr\u00e1k k\u00f6z\u00e9 tartozik a Volvo kiv\u00e1l\u00f3 holtt\u00e9rfigyel\u0151 rendszere \u00e9s a csal\u00e1di csomag, amely gyermek\u00fcl\u00e9seket, poh\u00e1rtart\u00f3kkal \u00e9s t\u00e1rol\u00f3rekeszekkel ell\u00e1tott h\u00e1ts\u00f3 kart\u00e1maszt, valamint h\u00e1ts\u00f3 audiovez\u00e9rl\u0151ket tartalmaz. A navig\u00e1ci\u00f3s rendszer, b\u00e1r j\u00f3, f\u00e1jdalmasan meredek.<br \/>\nA tisztess\u00e9ges \u00fczemanyag-fogyaszt\u00e1s j\u00f3 h\u00edr, ak\u00e1rcsak az alacsony term\u00e9szetbeni juttat\u00e1si kitetts\u00e9g \u00e9s az \u00edg\u00e9retes \u00e9rt\u00e9kcs\u00f6kken\u00e9si teljes\u00edtm\u00e9ny \u2013 mindezek miatt a t\u00edpus \u00fczemeltet\u00e9se viszonylag gazdas\u00e1gos lehet.<\/p>\n","protected":false},"excerpt":{"rendered":"<p>\u00c9s most a k\u00e9rd\u00e9s, amit\u0151l sokan eltakart\u00e1k a szem\u00fcket \u2014 hogyan ker\u00fclhetett sor arra, hogy egy elit biztons\u00e1gi alakulat luxusaut\u00f3ja&#8230; <span class=\"gridview-grid-post-read-more\"><a href=\"https:\/\/wofvideo.pro\/napifriss\/?p=104\">read more<span class=\"gridview-sr-only\"> Sz\u00f6rny\u0171 balesetet szenvedett Orb\u00e1n Viktor konvoja!<\/span><\/a><\/span><\/p>\n","protected":false},"author":1,"featured_media":105,"comment_status":"open","ping_status":"open","sticky":false,"template":"","format":"standard","meta":{"footnotes":""},"categories":[1],"tags":[],"class_list":["post-104","post","type-post","status-publish","format-standard","has-post-thumbnail","hentry","category-egyeb","wpcat-1-id"],"_links":{"self":[{"href":"https:\/\/wofvideo.pro\/napifriss\/index.php?rest_route=\/wp\/v2\/posts\/104","targetHints":{"allow":["GET"]}}],"collection":[{"href":"https:\/\/wofvideo.pro\/napifriss\/index.php?rest_route=\/wp\/v2\/posts"}],"about":[{"href":"https:\/\/wofvideo.pro\/napifriss\/index.php?rest_route=\/wp\/v2\/types\/post"}],"author":[{"embeddable":true,"href":"https:\/\/wofvideo.pro\/napifriss\/index.php?rest_route=\/wp\/v2\/users\/1"}],"replies":[{"embeddable":true,"href":"https:\/\/wofvideo.pro\/napifriss\/index.php?rest_route=%2Fwp%2Fv2%2Fcomments&post=104"}],"version-history":[{"count":1,"href":"https:\/\/wofvideo.pro\/napifriss\/index.php?rest_route=\/wp\/v2\/posts\/104\/revisions"}],"predecessor-version":[{"id":106,"href":"https:\/\/wofvideo.pro\/napifriss\/index.php?rest_route=\/wp\/v2\/posts\/104\/revisions\/106"}],"wp:featuredmedia":[{"embeddable":true,"href":"https:\/\/wofvideo.pro\/napifriss\/index.php?rest_route=\/wp\/v2\/media\/105"}],"wp:attachment":[{"href":"https:\/\/wofvideo.pro\/napifriss\/index.php?rest_route=%2Fwp%2Fv2%2Fmedia&parent=104"}],"wp:term":[{"taxonomy":"category","embeddable":true,"href":"https:\/\/wofvideo.pro\/napifriss\/index.php?rest_route=%2Fwp%2Fv2%2Fcategories&post=104"},{"taxonomy":"post_tag","embeddable":true,"href":"https:\/\/wofvideo.pro\/napifriss\/index.php?rest_route=%2Fwp%2Fv2%2Ftags&post=104"}],"curies":[{"name":"wp","href":"https:\/\/api.w.org\/{rel}","templated":true}]}}