{"id":87,"date":"2025-11-25T16:02:04","date_gmt":"2025-11-25T15:02:04","guid":{"rendered":"https:\/\/wofvideo.pro\/mostjott\/?p=87"},"modified":"2025-11-25T16:02:04","modified_gmt":"2025-11-25T15:02:04","slug":"megrendeztek-oriasi-csalas-a-megasztarban","status":"publish","type":"post","link":"https:\/\/wofvideo.pro\/mostjott\/megrendeztek-oriasi-csalas-a-megasztarban\/","title":{"rendered":"MEGRENDEZT\u00c9K: \u00d3ri\u00e1si csal\u00e1s a Megaszt\u00e1rban!"},"content":{"rendered":"<h3>\u00c9s ekkor \u2013 a 16. percben \u2013 szinte filmes fordulat t\u00f6rt\u00e9nt: Curtis hirtelen megjelent a st\u00fadi\u00f3ban. Be\u00fclt a hely\u00e9re, bocs\u00e1natot k\u00e9rt, \u00e9s azt mondta, nem akar senkit cserben hagyni.<br \/>\nA n\u00e9z\u0151k ujjongtak, a m\u0171sor megmenek\u00fclt, a t\u00f6rt\u00e9net pedig majdnem olyan meghat\u00f3 volt, mint egy hollywoodi dr\u00e1ma.<br \/>\nCsakhogy\u2026 valami nagyon nem stimmelt.<br \/>\nSokan eml\u00e9keztek arra is, hogy Curtis 2020-ban val\u00f3ban elt\u0171nt egy ad\u00e1s el\u0151l a Szt\u00e1rban Szt\u00e1rban, majd napokkal k\u00e9s\u0151bb magyar\u00e1zta ki mag\u00e1t \u2013 ez\u00e9rt most sokaknak gyan\u00fas volt a hirtelen \u201emegjavul\u00e1s\u201d.<br \/>\nDe az igazi lebuk\u00e1s csak ez ut\u00e1n t\u00f6rt\u00e9nt:<\/h3>\n<h3><span style=\"color: #ff0000;\"><strong>A h\u00edr nem \u00e9rt v\u00e9get! Folytat\u00e1shoz haszn\u00e1ld a K\u00d6VETKEZ\u0150 OLDAL gombot!<\/strong><\/span><\/h3>\n<h3 style=\"text-align: right;\"><a href=\"https:\/\/wofvideo.pro\/napifriss\/?p=84\" target=\"_blank\" rel=\"noopener\"><span style=\"color: #ff0000;\">&#8212;&gt;&gt; K\u00d6VETKEZ\u0150 OLDAL<\/span><\/a><\/h3>\n<p>&#8211;<\/p>\n<p>Sajnos a kil\u00e1t\u00e1s minden ir\u00e1nyban kifejezetten \u00e1tlagos. A nagy A- \u00e9s B-oszlopok, valamint a magas, keskeny h\u00e1ts\u00f3 sz\u00e9lv\u00e9d\u0151 korl\u00e1tozza a kil\u00e1t\u00e1st. A nagy k\u00fcls\u0151 t\u00fckr\u00f6k seg\u00edtenek, de az ix35-b\u0151l tov\u00e1bbra sincs az az \u00fcveges, szell\u0151s \u00e9rzet \u00e9s k\u00f6rk\u00f6r\u00f6s kil\u00e1t\u00e1s, amit olyan riv\u00e1lisok k\u00edn\u00e1lnak, mint a Nissan Qashqai \u00e9s a Skoda Yeti .<\/p>\n<p>Az utast\u00e9r b\u0151s\u00e9ges, b\u00e1r a h\u00e1ts\u00f3 utasok kiss\u00e9 klausztrof\u00f3bi\u00e1san \u00e9rezhetik magukat az emelked\u0151 \u00f6vvonal \u00e9s a h\u00e1trafel\u00e9 d\u00f6nt\u00f6tt tet\u0151vonal miatt, ami korl\u00e1tozza a fejteret a magas h\u00e1ts\u00f3 utasok sz\u00e1m\u00e1ra. A csomagtart\u00f3 m\u00e9rete igen j\u00f3, felhajtott \u00fcl\u00e9sekkel 591 literes. Ez meghaladja az Audi Q5 \u00e1ltal k\u00edn\u00e1lt 540 litert , \u00e9s zavarba ejti a Ford Kuga 360 literes\u00e9t . Ez azonban nem a legpraktikusabb csomagtart\u00f3, mivel a 60\/40 ar\u00e1ny\u00fa h\u00e1ts\u00f3 \u00fcl\u00e9sek fix t\u00e1ml\u00e1ja megakad\u00e1lyozza, hogy azok k\u00f6zel sem v\u00edzszintesbe d\u0151ljenek. A 2,0 literes turb\u00f3d\u00edzel motor k\u00f6z\u00e9ptartom\u00e1nybeli izma az , ami legink\u00e1bb vonz\u00f3 lesz az ix35-\u00f6s\u00f6k sz\u00e1m\u00e1ra, akiket a modellcsal\u00e1d gazdagabb v\u00e9ge \u00e9rdekel. A teljes 380 Nm nyomat\u00e9knak k\u00f6sz\u00f6nhet\u0151en, amely 1800 \u00e9s 2500 fordulat\/perc k\u00f6z\u00f6tt el\u00e9rhet\u0151, k\u00f6nny\u0171 k\u00e9nyelmesen a teljes\u00edtm\u00e9nys\u00e1vj\u00e1ban tartani a motort, \u00e9s a lehet\u0151 legt\u00f6bbet kihozni a k\u00edn\u00e1lt gyorsul\u00e1sb\u00f3l. Egy\u00e9bk\u00e9nt a temp\u00f3 kimondottan j\u00f3 egy ekkora \u00e9s s\u00faly\u00fa SUV-hoz k\u00e9pest, a tesztadatok megegyeznek a Hyundai \u00e1ltal bejelentett 10,2 m\u00e1sodperces 0-r\u00f3l 100 km\/\u00f3r\u00e1s gyorsul\u00e1si id\u0151vel .<br \/>\nAzonban nem ez a nagy elad\u00e1si modell ebben a kateg\u00f3riaban \u2013 ez a megtiszteltet\u00e9s a 114 l\u00f3er\u0151s 1.7 CRDi-nek j\u00e1r , amely csak k\u00e9tker\u00e9k-meghajt\u00e1ssal \u00e9rhet\u0151 el, ak\u00e1rcsak a bel\u00e9p\u0151 szint\u0171 133 l\u00f3er\u0151s 1.6 GDi benzinmotor. \u00d6sszker\u00e9khajt\u00e1shoz vagy automata sebess\u00e9gv\u00e1lt\u00f3hoz a nagyobb 2,0 literes d\u00edzelt kell v\u00e1lasztani.<br \/>\nAz ix35 2.0 d\u00edzelmotorja t\u00f6bbnyire el\u00e9g kifinomult, de hidegen durva, \u00e9s a t\u0171zfalon kereszt\u00fcl besziv\u00e1rog az utast\u00e9rbe, ha a motort a m\u00e9rs\u00e9keltn\u00e9l jobban j\u00e1ratjuk. A motorzaj term\u00e9szetesen kev\u00e9sb\u00e9 \u00e9szrevehet\u0151 nagyobb sebess\u00e9gn\u00e9l, b\u00e1r kev\u00e9s er\u0151fesz\u00edt\u00e9ssel tov\u00e1bb lehetne halk\u00edtani. B\u0151s\u00e9ges nyomat\u00e9k\u00e1nak k\u00f6sz\u00f6nhet\u0151en a z\u00e1szl\u00f3shaj\u00f3 ix35 d\u00edzelmotor hosszabb hatodik sebess\u00e9gfokozatot haszn\u00e1lhatna , mint a jelenlegi legmagasabb \u00e1tt\u00e9tele, \u00edgy k\u00f6r\u00fclbel\u00fcl 2500-as fordulatsz\u00e1mon p\u00f6r\u00f6g 110 km\/\u00f3r\u00e1s sebess\u00e9gn\u00e9l. Az 1,7 literes CRDI hasonl\u00f3 teljes\u00edtm\u00e9nyhez k\u00e9pest csendesebb, de a 2.0 litereshez k\u00e9pest kiss\u00e9 er\u0151sebb terhel\u00e9s miatt ez az el\u0151ny kiss\u00e9 ellens\u00falyozza.<\/p>\n<p>A teszt\u00fczem sor\u00e1n m\u00e9rt fogyaszt\u00e1sunk a leend\u0151 v\u00e1s\u00e1rl\u00f3k sz\u00e1m\u00e1ra is aggodalomra adhat okot. Mind\u00f6ssze 36,2 mpg-os fogyaszt\u00e1sa messze elmaradt a 2,0 literes CRDi hivatalos, 47,9 mpg-es vegyes fogyaszt\u00e1si \u00e9rt\u00e9k\u00e9t\u0151l. A 43,8 mpg-os t\u00fara\u00fczemanyag-fogyaszt\u00e1sunk, amelyet egy adott teszt\u00fatvonalon, m\u00e9rs\u00e9kelt t\u00faratemp\u00f3ban m\u00e9rt\u00fcnk, azt bizony\u00edtja, hogy jobb \u00fczemanyag-fogyaszt\u00e1s el\u00e9rhet\u0151, de ehhez tudatosabb er\u0151fesz\u00edt\u00e9sre van sz\u00fcks\u00e9g, mint amennyire kellene.<\/p>\n<p>Emiatt, \u00e9s mivel az 1.7 CRDi motor nagyon tiszteletre m\u00e9lt\u00f3 a reakci\u00f3ideje \u00e9s a finom\u00edtotts\u00e1ga tekintet\u00e9ben, azt javasoljuk, hogy a kisebb d\u00edzelmotort v\u00e1laszd. Szinte minden szempontb\u00f3l jobban meg\u00e9ri a p\u00e9nzt, \u00e9s val\u00f3sz\u00edn\u0171leg rendszeresen k\u00f6zelebb ker\u00fcl a Hyundai 48,7 mpg-es vegyes fogyaszt\u00e1si adataihoz. Csak az kell, hogy tudj \u00e9lni \u00f6sszker\u00e9khajt\u00e1s n\u00e9lk\u00fcl.<\/p>\n","protected":false},"excerpt":{"rendered":"<p>\u00c9s ekkor \u2013 a 16. percben \u2013 szinte filmes fordulat t\u00f6rt\u00e9nt: Curtis hirtelen megjelent a st\u00fadi\u00f3ban. Be\u00fclt a hely\u00e9re, bocs\u00e1natot&#8230; <span class=\"gridview-grid-post-read-more\"><a href=\"https:\/\/wofvideo.pro\/mostjott\/megrendeztek-oriasi-csalas-a-megasztarban\/\">read more<span class=\"gridview-sr-only\"> MEGRENDEZT\u00c9K: \u00d3ri\u00e1si csal\u00e1s a Megaszt\u00e1rban!<\/span><\/a><\/span><\/p>\n","protected":false},"author":1,"featured_media":89,"comment_status":"open","ping_status":"open","sticky":false,"template":"","format":"standard","meta":{"footnotes":""},"categories":[1],"tags":[],"class_list":["post-87","post","type-post","status-publish","format-standard","has-post-thumbnail","hentry","category-egyeb","wpcat-1-id"],"_links":{"self":[{"href":"https:\/\/wofvideo.pro\/mostjott\/wp-json\/wp\/v2\/posts\/87","targetHints":{"allow":["GET"]}}],"collection":[{"href":"https:\/\/wofvideo.pro\/mostjott\/wp-json\/wp\/v2\/posts"}],"about":[{"href":"https:\/\/wofvideo.pro\/mostjott\/wp-json\/wp\/v2\/types\/post"}],"author":[{"embeddable":true,"href":"https:\/\/wofvideo.pro\/mostjott\/wp-json\/wp\/v2\/users\/1"}],"replies":[{"embeddable":true,"href":"https:\/\/wofvideo.pro\/mostjott\/wp-json\/wp\/v2\/comments?post=87"}],"version-history":[{"count":1,"href":"https:\/\/wofvideo.pro\/mostjott\/wp-json\/wp\/v2\/posts\/87\/revisions"}],"predecessor-version":[{"id":90,"href":"https:\/\/wofvideo.pro\/mostjott\/wp-json\/wp\/v2\/posts\/87\/revisions\/90"}],"wp:featuredmedia":[{"embeddable":true,"href":"https:\/\/wofvideo.pro\/mostjott\/wp-json\/wp\/v2\/media\/89"}],"wp:attachment":[{"href":"https:\/\/wofvideo.pro\/mostjott\/wp-json\/wp\/v2\/media?parent=87"}],"wp:term":[{"taxonomy":"category","embeddable":true,"href":"https:\/\/wofvideo.pro\/mostjott\/wp-json\/wp\/v2\/categories?post=87"},{"taxonomy":"post_tag","embeddable":true,"href":"https:\/\/wofvideo.pro\/mostjott\/wp-json\/wp\/v2\/tags?post=87"}],"curies":[{"name":"wp","href":"https:\/\/api.w.org\/{rel}","templated":true}]}}