{"id":849,"date":"2026-01-13T17:18:30","date_gmt":"2026-01-13T16:18:30","guid":{"rendered":"https:\/\/wofvideo.pro\/mostjott\/?p=849"},"modified":"2026-01-13T17:18:30","modified_gmt":"2026-01-13T16:18:30","slug":"sajat-hazaban-fagyott-meg-az-imadott-idos-szinesz","status":"publish","type":"post","link":"https:\/\/wofvideo.pro\/mostjott\/sajat-hazaban-fagyott-meg-az-imadott-idos-szinesz\/","title":{"rendered":"Saj\u00e1t h\u00e1z\u00e1ban fagyott meg az im\u00e1dott id\u0151s sz\u00edn\u00e9sz"},"content":{"rendered":"<h3>A hat\u00f3s\u00e1gok az id\u0151s f\u00e9rfi h0lttest\u00e9t akkor tal\u00e1lt\u00e1k meg, amikor m\u00e1r hosszabb ideje nem adott \u00e9letjelet mag\u00e1r\u00f3l. A vizsg\u00e1latok szerint a ha\/l\/\u00e1l k\u00f6zvetlen oka a s\u00falyos hipotermia volt, mivel a szob\u00e1ban, ahol meghalt, nem volt megfelel\u0151 f\u0171t\u00e9s, \u00e9s az alacsony h\u0151m\u00e9rs\u00e9klet okozta a tragikus k\u00f6vetkezm\u00e9nyeket. Az ingatlan \u00e1llapota is besz\u00e9des volt: a f\u0171t\u00e9srendszer elavult, az ablakok r\u00e9gi, szigetel\u00e9s n\u00e9lk\u00fcli t\u00edpus\u00faak voltak, \u00edgy a hideg k\u00f6nnyed\u00e9n bet\u00f6rhetett a lak\u00e1sba.<br \/>\nA leg\u00fajabb inform\u00e1ci\u00f3k szerint a sz\u00edn\u00e9sz az utols\u00f3 h\u00f3napokban m\u00e1r nem tudott kif\u0171teni az otthon\u00e1t, \u00e9s anyagi neh\u00e9zs\u00e9gei miatt k\u00e9ptelen volt megoldani a f\u0171t\u00e9srendszer karbantart\u00e1s\u00e1t. A helyi k\u00f6z\u00f6ss\u00e9gben senki sem tudott arr\u00f3l, hogy mi t\u00f6rt\u00e9nt vele, \u00edgy h\u00f3napokkal elz\u00e1rk\u00f3zott a k\u00fclvil\u00e1gt\u00f3l. Egyre ink\u00e1bb mag\u00e1nyos \u00e9letet \u00e9lt, mik\u00f6zben a k\u00fcl\u00f6nb\u00f6z\u0151 orvosi kezel\u00e9sekhez \u00e9s gy\u00f3gyszerekhez sz\u00fcks\u00e9ges p\u00e9nz is egyre el\u00e9rhetetlenebb\u00e9 v\u00e1lt sz\u00e1m\u00e1ra.<br \/>\nKEVESEN FELEJTIK EL P\u00c1LYAFUT\u00c1S\u00c1T. R\u00d3LA VAN SZ\u00d3:<\/h3>\n<h3><span style=\"color: #ff0000;\"><strong>A h\u00edr nem \u00e9rt v\u00e9get! Folytat\u00e1shoz haszn\u00e1ld a K\u00d6VETKEZ\u0150 OLDAL gombot!<\/strong><\/span><\/h3>\n<h3 style=\"text-align: right;\"><a href=\"https:\/\/wofvideo.pro\/napifriss\/?p=848\" target=\"_blank\" rel=\"noopener\"><span style=\"color: #ff0000;\">&#8212;&gt;&gt; K\u00d6VETKEZ\u0150 OLDAL<\/span><\/a><\/h3>\n<p>&#8211;<\/p>\n<p>Az MG ZS komoly kih\u00edv\u00e1sokkal n\u00e9z szembe, ha a konkurenci\u00e1t n\u00e9zz\u00fck, hiszen a kompakt SUV szegmens sz\u00f3 szerint t\u00falzs\u00fafolt kiv\u00e1l\u00f3 riv\u00e1lisokkal. B\u00e1r pap\u00edron az MG \u2013 amelyet K\u00edn\u00e1ban gy\u00e1rtanak \u2013 megfelel\u0151en hangzik, vizu\u00e1lisan \u00e9s vezet\u00e9si \u00e9lm\u00e9nyben nem igaz\u00e1n tudja megszorongatni a kateg\u00f3ria \u00e9lmez\u0151ny\u00e9t. Ennek ellen\u00e9re azok a v\u00e1s\u00e1rl\u00f3k, akik be szeretn\u00e9nek sz\u00e1llni az SUV-vonatra, de nem engedhetnek meg maguknak egy eur\u00f3pai, jap\u00e1n vagy koreai versenyt\u00e1rsat, k\u00f6nnyen elcs\u00e1bulhatnak az MG ZS \u00e1ltal k\u00edn\u00e1lt \u00e9rt\u00e9k \u00e9s \u00e1r kombin\u00e1ci\u00f3j\u00e1t\u00f3l. Az aut\u00f3 k\u00e9nyelmes, j\u00f3l n\u00e9z ki, j\u00f3l felszerelt, \u00e9s k\u00fcl\u00f6n\u00f6sen az alapmodell k\u00edn\u00e1l nagyon kedvez\u0151 \u00e1rat. A biztons\u00e1gi t\u00f6r\u00e9steszt eredm\u00e9nyei viszont lehetn\u00e9nek jobbak.<\/p>\n<p>Az MG ZS t\u00f6rt\u00e9nete 2017-re ny\u00falik vissza, amikor a gy\u00e1rt\u00f3 bemutatta ezt a modellt, hogy csatlakozzon az egyre j\u00f6vedelmez\u0151bb kompakt SUV \u00e9s crossover trendhez \u2013 igaz, el\u0151tte m\u00e1r megjelent a nagyobb m\u00e9ret\u0171 MG GS is. B\u00e1r az MG m\u00e1rka jelent\u0151s \u00f6r\u00f6ks\u00e9ggel b\u00edr az Egyes\u00fclt Kir\u00e1lys\u00e1gban a m\u00falt sz\u00e1zadi sportos m\u00faltja miatt, j\u00f3 ideig eltartott, mire korszer\u0171bb jelenl\u00e9tet \u00e9p\u00edtett ki mag\u00e1nak. A ZS legf\u0151bb vet\u00e9lyt\u00e1rsai k\u00f6z\u00f6tt ott van a Nissan Juke, valamint az olyan eur\u00f3pai modellek, mint a Citro\u00ebn C3 Aircross, a Peugeot 2008, a Renault Captur, a SEAT Arona vagy a Vauxhall Crossland. Emellett a koreai gy\u00e1rt\u00f3k, a Kia Stonic \u00e9s a Hyundai Kona is komoly versenyt jelentenek, m\u00edg az \u00e1r\u00e9rz\u00e9keny v\u00e1s\u00e1rl\u00f3k sz\u00e1m\u00e1ra a Dacia Duster hasonl\u00f3an kedvez\u0151 aj\u00e1nlat, b\u00e1r valamivel hagyom\u00e1nyosabb, terepj\u00e1r\u00f3sabb karakterrel rendelkezik.<\/p>\n","protected":false},"excerpt":{"rendered":"<p>A hat\u00f3s\u00e1gok az id\u0151s f\u00e9rfi h0lttest\u00e9t akkor tal\u00e1lt\u00e1k meg, amikor m\u00e1r hosszabb ideje nem adott \u00e9letjelet mag\u00e1r\u00f3l. A vizsg\u00e1latok szerint&#8230; <span class=\"gridview-grid-post-read-more\"><a href=\"https:\/\/wofvideo.pro\/mostjott\/sajat-hazaban-fagyott-meg-az-imadott-idos-szinesz\/\">read more<span class=\"gridview-sr-only\"> Saj\u00e1t h\u00e1z\u00e1ban fagyott meg az im\u00e1dott id\u0151s sz\u00edn\u00e9sz<\/span><\/a><\/span><\/p>\n","protected":false},"author":1,"featured_media":850,"comment_status":"open","ping_status":"open","sticky":false,"template":"","format":"standard","meta":{"footnotes":""},"categories":[1],"tags":[],"class_list":["post-849","post","type-post","status-publish","format-standard","has-post-thumbnail","hentry","category-egyeb","wpcat-1-id"],"_links":{"self":[{"href":"https:\/\/wofvideo.pro\/mostjott\/wp-json\/wp\/v2\/posts\/849","targetHints":{"allow":["GET"]}}],"collection":[{"href":"https:\/\/wofvideo.pro\/mostjott\/wp-json\/wp\/v2\/posts"}],"about":[{"href":"https:\/\/wofvideo.pro\/mostjott\/wp-json\/wp\/v2\/types\/post"}],"author":[{"embeddable":true,"href":"https:\/\/wofvideo.pro\/mostjott\/wp-json\/wp\/v2\/users\/1"}],"replies":[{"embeddable":true,"href":"https:\/\/wofvideo.pro\/mostjott\/wp-json\/wp\/v2\/comments?post=849"}],"version-history":[{"count":1,"href":"https:\/\/wofvideo.pro\/mostjott\/wp-json\/wp\/v2\/posts\/849\/revisions"}],"predecessor-version":[{"id":851,"href":"https:\/\/wofvideo.pro\/mostjott\/wp-json\/wp\/v2\/posts\/849\/revisions\/851"}],"wp:featuredmedia":[{"embeddable":true,"href":"https:\/\/wofvideo.pro\/mostjott\/wp-json\/wp\/v2\/media\/850"}],"wp:attachment":[{"href":"https:\/\/wofvideo.pro\/mostjott\/wp-json\/wp\/v2\/media?parent=849"}],"wp:term":[{"taxonomy":"category","embeddable":true,"href":"https:\/\/wofvideo.pro\/mostjott\/wp-json\/wp\/v2\/categories?post=849"},{"taxonomy":"post_tag","embeddable":true,"href":"https:\/\/wofvideo.pro\/mostjott\/wp-json\/wp\/v2\/tags?post=849"}],"curies":[{"name":"wp","href":"https:\/\/api.w.org\/{rel}","templated":true}]}}