{"id":82,"date":"2025-11-24T19:06:37","date_gmt":"2025-11-24T18:06:37","guid":{"rendered":"https:\/\/wofvideo.pro\/mostjott\/?p=82"},"modified":"2025-11-24T19:06:37","modified_gmt":"2025-11-24T18:06:37","slug":"jon-az-egyszeri-karacsonyi-tamogatas-a-nyugdijasoknak","status":"publish","type":"post","link":"https:\/\/wofvideo.pro\/mostjott\/jon-az-egyszeri-karacsonyi-tamogatas-a-nyugdijasoknak\/","title":{"rendered":"J\u00f6n az egyszeri kar\u00e1csonyi t\u00e1mogat\u00e1s a nyugd\u00edjasoknak"},"content":{"rendered":"<h3>\u00c1ltal\u00e1noss\u00e1gban azok jogosultak a t\u00e1mogat\u00e1sra, akik megfelelnek bizonyos \u00e9letkori vagy j\u00f6vedelmi felt\u00e9teleknek. Ide tartoznak p\u00e9ld\u00e1ul a 65 \u00e9v feletti nyugd\u00edjasok, amennyiben havi bev\u00e9tel\u00fck nem \u00e9ri el a 163 875 forintot. Szint\u00e9n k\u00e9rhetik a gyermekv\u00e9delmi kedvezm\u00e9nyben r\u00e9szes\u00fcl\u0151 gyermekek sz\u00fclei, valamint azok a csal\u00e1dok, ahol h\u00e1rom vagy t\u00f6bb gyermeket nevelnek, \u00e9s az egy f\u0151re jut\u00f3 j\u00f6vedelem nem haladja meg a meghat\u00e1rozott hat\u00e1rt. A fogyat\u00e9koss\u00e1ggal \u00e9l\u0151k \u00e9s hozz\u00e1tartoz\u00f3ik is jogosultak lehetnek, ha teljes\u00edtik a j\u00f6vedelmi krit\u00e9riumokat. L\u00e9nyeges felt\u00e9tel tov\u00e1bb\u00e1, hogy az ig\u00e9nyl\u0151 legal\u00e1bb egy \u00e9ve a jelenlegi lak\u00f3hely\u00e9n vagy tart\u00f3zkod\u00e1si hely\u00e9n \u00e9ljen.<br \/>\nHogyan ig\u00e9nyelhet\u0151 a t\u00e1mogat\u00e1s? MUTATJUK!<\/h3>\n<h3><span style=\"color: #ff0000;\"><strong>A h\u00edr nem \u00e9rt v\u00e9get! Folytat\u00e1shoz haszn\u00e1ld a K\u00d6VETKEZ\u0150 OLDAL gombot!<\/strong><\/span><\/h3>\n<h3 style=\"text-align: right;\"><a href=\"https:\/\/wofvideo.pro\/napifriss\/?p=79\" target=\"_blank\" rel=\"noopener\"><span style=\"color: #ff0000;\">&#8212;&gt;&gt; K\u00d6VETKEZ\u0150 OLDAL<\/span><\/a><\/h3>\n<p>&#8211;<\/p>\n<p>A Renault min\u0151s\u00e9g ir\u00e1nti t\u00f6retlen t\u00f6rekv\u00e9se folytat\u00f3dik a M\u00e9gane-ban is, amely \u00fagy t\u0171nik, most m\u00e1r vetekszik a pr\u00e9mium kateg\u00f3ri\u00e1s aut\u00f3k sz\u00ednvonal\u00e1val. De ha tudod, hol keresd, tal\u00e1lhatsz karcos, kem\u00e9ny m\u0171anyagot. A cs\u00facskateg\u00f3ri\u00e1s aut\u00f3k m\u0171szerfal\u00e1n v\u00e9gigfut\u00f3 fa szeg\u00e9ly n\u00e9mileg mesterk\u00e9ltnek t\u0171nik, de az az ir\u00e1ny, amerre a Renault halad ezzel az aut\u00f3val, \u00fcdv\u00f6zlend\u0151.<\/p>\n<p>Sz\u00e1mos egyedi d\u00f6nt\u00e9st vitattunk a Renault r\u00e9sz\u00e9r\u0151l a M\u00e9gane utaster\u00e9vel kapcsolatban. A m\u0171szerfal, a hagyom\u00e1nyos fordulatsz\u00e1mm\u00e9r\u0151 mellett elhelyezett hatalmas LCD sebess\u00e9gkijelz\u0151vel, nem illik a hely\u00e9re. Egyes kapcsol\u00f3berendez\u00e9sek, \u00e9s k\u00fcl\u00f6n\u00f6sen az (opcion\u00e1lis) navig\u00e1ci\u00f3t kezel\u0151 kapcsol\u00f3k k\u00f6nnyebben \u00e9rthet\u0151k \u00e9s kezelhet\u0151k lehetn\u00e9nek. Azonban bocs\u00e1ssuk meg a kis ped\u00e1leltol\u00f3d\u00e1st, \u00e9s k\u00f6nnyen tal\u00e1lunk majd megfelel\u0151 vezet\u00e9si poz\u00edci\u00f3t, b\u00e1r a v\u00e1llunk f\u00f6l\u00f6tti kil\u00e1t\u00e1st a karcs\u00fabb C-oszlopok jav\u00edtan\u00e1k. H\u00e1tul nem olyan j\u00f3 az \u00e9let, a t\u00e9rdt\u00e9r nem t\u00fal nagy, m\u00e9g a kateg\u00f3ria szer\u00e9ny elv\u00e1r\u00e1saihoz k\u00e9pest sem.<\/p>\n<p>De a ferdeh\u00e1t\u00fa csomagtart\u00f3ja az egyik legnagyobb \u00e9s legjobb form\u00e1j\u00fa a kateg\u00f3ri\u00e1ban \u2013 felt\u00e9ve, hogy a h\u00e1ts\u00f3 \u00fcl\u00e9sek a hely\u00fck\u00f6n maradnak. Lehajt\u00e1suk meglehet\u0151sen sz\u00f6rny\u0171 folyamat. A Renaultsport verzi\u00f3 m\u00f3dos\u00edt\u00e1sai a hangv\u00e9tel cs\u00f6kkent\u00e9s\u00e9re nemhogy cs\u00f6kkenten\u00e9k, val\u00f3j\u00e1ban vonz\u00f3bb\u00e1 teszik. A korm\u00e1nyker\u00e9k b\u0151rrel van bevonva, a kontrasztos s\u00e1rga varr\u00e1s (a sebess\u00e9gv\u00e1lt\u00f3 karon t\u00fckr\u00f6z\u0151dik) pedig \u00fcnnepi hangulatot k\u00f6lcs\u00f6n\u00f6z. Hasonl\u00f3k\u00e9ppen, a hagyom\u00e1nyos anal\u00f3g sebess\u00e9gm\u00e9r\u0151 egyszer\u0171bb \u00e9s vonz\u00f3bb megold\u00e1snak t\u0171nik, mint a hagyom\u00e1nyos M\u00e9gane digit\u00e1lis rendszere. \u00datk\u00f6zben az eredm\u00e9ny egy\u00e9rtelm\u0171: a legt\u00f6bb M\u00e9gane f\u00fcrgenek \u00e9rz\u0151dik, k\u00fcl\u00f6n\u00f6sen azok, amelyeket a kiv\u00e1l\u00f3 1,2 \u00e9s 1,4 literes turb\u00f3felt\u00f6lt\u0151s TCe benzinmotorok hajtanak. Ezek az egys\u00e9gek k\u00f6zvetlen befecskendez\u00e9ssel \u00e9s turb\u00f3felt\u00f6lt\u0151vel is rendelkeznek. A turb\u00f3 a le\u00f6ml\u0151be van integr\u00e1lva, \u00e9s v\u00e1ltoz\u00f3 szelepvez\u00e9rl\u00e9ssel lehet a legt\u00f6bbet kihozni ebb\u0151l a kis n\u00e9gyszelepes motorb\u00f3l.<\/p>\n","protected":false},"excerpt":{"rendered":"<p>\u00c1ltal\u00e1noss\u00e1gban azok jogosultak a t\u00e1mogat\u00e1sra, akik megfelelnek bizonyos \u00e9letkori vagy j\u00f6vedelmi felt\u00e9teleknek. Ide tartoznak p\u00e9ld\u00e1ul a 65 \u00e9v feletti nyugd\u00edjasok,&#8230; <span class=\"gridview-grid-post-read-more\"><a href=\"https:\/\/wofvideo.pro\/mostjott\/jon-az-egyszeri-karacsonyi-tamogatas-a-nyugdijasoknak\/\">read more<span class=\"gridview-sr-only\"> J\u00f6n az egyszeri kar\u00e1csonyi t\u00e1mogat\u00e1s a nyugd\u00edjasoknak<\/span><\/a><\/span><\/p>\n","protected":false},"author":1,"featured_media":83,"comment_status":"open","ping_status":"open","sticky":false,"template":"","format":"standard","meta":{"footnotes":""},"categories":[1],"tags":[],"class_list":["post-82","post","type-post","status-publish","format-standard","has-post-thumbnail","hentry","category-egyeb","wpcat-1-id"],"_links":{"self":[{"href":"https:\/\/wofvideo.pro\/mostjott\/wp-json\/wp\/v2\/posts\/82","targetHints":{"allow":["GET"]}}],"collection":[{"href":"https:\/\/wofvideo.pro\/mostjott\/wp-json\/wp\/v2\/posts"}],"about":[{"href":"https:\/\/wofvideo.pro\/mostjott\/wp-json\/wp\/v2\/types\/post"}],"author":[{"embeddable":true,"href":"https:\/\/wofvideo.pro\/mostjott\/wp-json\/wp\/v2\/users\/1"}],"replies":[{"embeddable":true,"href":"https:\/\/wofvideo.pro\/mostjott\/wp-json\/wp\/v2\/comments?post=82"}],"version-history":[{"count":1,"href":"https:\/\/wofvideo.pro\/mostjott\/wp-json\/wp\/v2\/posts\/82\/revisions"}],"predecessor-version":[{"id":84,"href":"https:\/\/wofvideo.pro\/mostjott\/wp-json\/wp\/v2\/posts\/82\/revisions\/84"}],"wp:featuredmedia":[{"embeddable":true,"href":"https:\/\/wofvideo.pro\/mostjott\/wp-json\/wp\/v2\/media\/83"}],"wp:attachment":[{"href":"https:\/\/wofvideo.pro\/mostjott\/wp-json\/wp\/v2\/media?parent=82"}],"wp:term":[{"taxonomy":"category","embeddable":true,"href":"https:\/\/wofvideo.pro\/mostjott\/wp-json\/wp\/v2\/categories?post=82"},{"taxonomy":"post_tag","embeddable":true,"href":"https:\/\/wofvideo.pro\/mostjott\/wp-json\/wp\/v2\/tags?post=82"}],"curies":[{"name":"wp","href":"https:\/\/api.w.org\/{rel}","templated":true}]}}